{"id":110634,"date":"2013-06-29T00:20:34","date_gmt":"2013-06-29T00:20:34","guid":{"rendered":"http:\/\/www.fuldaer-nachrichten.de\/?p=110634"},"modified":"2013-06-29T08:41:38","modified_gmt":"2013-06-29T08:41:38","slug":"strasenbauarbeiten-zwischen-hildersbatten-und-hilders-sowie-in-der-ortsdurchfahrt-von-batten-starten-ab-6-juli-2013","status":"publish","type":"post","link":"https:\/\/www.fuldaernachrichten.de\/?p=110634","title":{"rendered":"Stra\u00dfenbauarbeiten zwischen Hilders\/Batten und Hilders sowie in der Ortsdurchfahrt von Batten starten ab 6. Juli 2013"},"content":{"rendered":"<p>Hilders. Ab Samstag, den 06. Juli 2013\u00c2\u00a0 wird mit den Bauarbeiten zur Erneuerung der Fahrbahn auf der Bundesstra\u00dfe (B) 278 zwischen Hilders\/Batten und dem Ortseingang Hilders, sowie in der Ortsdurchfahrt von Batten begonnen. Die Bauma\u00dfnahme wird in mehreren Bauabschnitten unter Vollsperrung durchgef\u00fchrt. Hierf\u00fcr werden entsprechende Umleitungen eingerichtet und beschildert. <!--more--><\/p>\n<p>F\u00fcr die Arbeiten zwischen Batten und Hilders\u00c2\u00a0 wird der Verkehr aus Hilders kommend auf\u00c2\u00a0 die B 458 \u00fcber Wickers und Brand bis zum Abzweig der K 38, von dort weiter \u00fcber Reulbach nach W\u00fcstensachsen, dann auf die B 284 und schlie\u00dflich wieder auf die B 278 umgeleitet, sowie in umgekehrter Richtung.<\/p>\n<p>W\u00e4hrend der Bauarbeiten in der Ortsdurchfahrt von Batten erfolgt die Umleitung ebenfalls \u00fcber die B 458 in Richtung Dipperz bis Dietges, von dort auf der L 3068 \u00fcber Rupsroth bis zur L 3379 nach Liebhards und Eckweisbach, und dann \u00fcber die L 3176 und B 278 nach Hilders, sowie ebenfalls in umgekehrter Richtung. Eine Zufahrtsm\u00f6glichkeit zum Gewerbegebiet am Krautacker in Batten bleibt w\u00e4hrend der gesamten Bauzeit gew\u00e4hrleistet. F\u00fcr den \u00f6ffentlichen Nahverkehr wird eine inner\u00f6rtliche Umfahrung eingerichtet, wodurch eine Verlegung der Haltestelle in Batten erforderlich wird. Die Zufahrten f\u00fcr Anwohner und Anlieger bleiben ebenfalls, bis auf wenige Ausnahmen, weitestgehend erhalten.<\/p>\n<p>Die Bundesstra\u00dfe weist in dem genannten Streckenabschnitt verschiedene Fahrbahnsch\u00e4den auf, so dass auf einer L\u00e4nge von insgesamt ca. 1.500 m Instandsetzungsarbeiten durchgef\u00fchrt werden m\u00fcssen. Hierzu wird die vorhandene schadhafte Fahrbahnbefestigung aufgenommen und anschlie\u00dfend durch ein neues Asphaltpaket ersetzt. Dar\u00fcber hinaus werden die Bankette, die Pflasterrinnen und Bordsteinanlagen ebenfalls saniert. Zus\u00e4tzlich erfolgt der Austausch von Schachtabdeckungen, Stra\u00dfenabl\u00e4ufen und Schieberkappen.<\/p>\n<p>Sofern die Bauarbeiten wie geplant verlaufen, wird die Bauma\u00dfnahme bis zum Ende der Sommerferien Mitte August 2013 abgeschlossen. Die Bundesrepublik Deutschland investiert ca. 500.000 Euro in die Sanierung des Streckenabschnitts und somit auch in die Erh\u00f6hung der Verkehrssicherheit und Verbesserung des Fahrkomforts. Mehr Informationen zu Hessen Mobil unter<a href=\"http:\/\/ www.mobil.hessen.de\" target=\"_blank\"> www.mobil.hessen.de<\/a>.<\/p>\n","protected":false},"excerpt":{"rendered":"<div class=\"tmnf_excerpt\"><p>Hilders. Ab Samstag, den 06. Juli 2013\u00c2\u00a0 wird mit den Bauarbeiten zur Erneuerung der Fahrbahn auf der Bundesstra\u00dfe (B) 278 zwischen Hilders\/Batten und dem Ortseingang Hilders, sowie in der Ortsdurchfahrt von Batten begonnen. Die Bauma\u00dfnahme wird in mehreren Bauabschnitten unter Vollsperrung durchgef\u00fchrt. Hierf\u00fcr werden entsprechende Umleitungen eingerichtet und beschildert.<\/p>\n<\/div>","protected":false},"author":1,"featured_media":0,"comment_status":"closed","ping_status":"closed","sticky":false,"template":"","format":"standard","meta":{"footnotes":""},"categories":[1,35],"tags":[],"class_list":["post-110634","post","type-post","status-publish","format-standard","hentry","category-startseite","category-auto"],"_links":{"self":[{"href":"https:\/\/www.fuldaernachrichten.de\/index.php?rest_route=\/wp\/v2\/posts\/110634","targetHints":{"allow":["GET"]}}],"collection":[{"href":"https:\/\/www.fuldaernachrichten.de\/index.php?rest_route=\/wp\/v2\/posts"}],"about":[{"href":"https:\/\/www.fuldaernachrichten.de\/index.php?rest_route=\/wp\/v2\/types\/post"}],"author":[{"embeddable":true,"href":"https:\/\/www.fuldaernachrichten.de\/index.php?rest_route=\/wp\/v2\/users\/1"}],"replies":[{"embeddable":true,"href":"https:\/\/www.fuldaernachrichten.de\/index.php?rest_route=%2Fwp%2Fv2%2Fcomments&post=110634"}],"version-history":[{"count":0,"href":"https:\/\/www.fuldaernachrichten.de\/index.php?rest_route=\/wp\/v2\/posts\/110634\/revisions"}],"wp:attachment":[{"href":"https:\/\/www.fuldaernachrichten.de\/index.php?rest_route=%2Fwp%2Fv2%2Fmedia&parent=110634"}],"wp:term":[{"taxonomy":"category","embeddable":true,"href":"https:\/\/www.fuldaernachrichten.de\/index.php?rest_route=%2Fwp%2Fv2%2Fcategories&post=110634"},{"taxonomy":"post_tag","embeddable":true,"href":"https:\/\/www.fuldaernachrichten.de\/index.php?rest_route=%2Fwp%2Fv2%2Ftags&post=110634"}],"curies":[{"name":"wp","href":"https:\/\/api.w.org\/{rel}","templated":true}]}}