{"id":110572,"date":"2013-06-27T08:02:04","date_gmt":"2013-06-27T08:02:04","guid":{"rendered":"http:\/\/www.fuldaer-nachrichten.de\/?p=110572"},"modified":"2013-06-27T08:02:04","modified_gmt":"2013-06-27T08:02:04","slug":"malteser-erweitern-kinderhospizdienst-in-den-raum-fulda","status":"publish","type":"post","link":"https:\/\/www.fuldaernachrichten.de\/?p=110572","title":{"rendered":"Malteser erweitern Kinderhospizdienst in den Raum Fulda"},"content":{"rendered":"<p><img decoding=\"async\" class=\"alignleft size-thumbnail wp-image-110573\" alt=\"Kinderhospizdienst\" src=\"http:\/\/www.fuldaer-nachrichten.de\/wp-content\/uploads\/2013\/06\/Kinderhospizdienst-265x176.jpg\" width=\"265\" height=\"176\" srcset=\"https:\/\/www.fuldaernachrichten.de\/wp-content\/uploads\/2013\/06\/Kinderhospizdienst-265x176.jpg 265w, https:\/\/www.fuldaernachrichten.de\/wp-content\/uploads\/2013\/06\/Kinderhospizdienst.jpg 600w\" sizes=\"(max-width: 265px) 100vw, 265px\" \/>Gr\u00fcndau\/Fulda. Der Malteser Kinderhospizdienst Main-Kinzig \u00f6ffnet ab sofort sein Entlastungsangebot f\u00fcr betroffene Familien aus dem Raum Fulda. Damit erweitert sich das Einsatzgebiet des Dienstes \u00fcber die Landkreisgrenze nach Schl\u00fcchtern und in den Raum Fulda. Seit Januar dieses Jahres engagieren sich die Malteser gemeinsam mit dem KinderPalliativTeam S\u00fcdhessen f\u00fcr den Aufbau einer ambulanten Versorgungsstruktur f\u00fcr schwerkranke Kinder im Main-Kinzig-Kreis. Bereits wenige Wochen nach der Gr\u00fcndung des Malteser Kinderhospizdienstes Main-Kinzig lagen der Koordinatorin des Kinderhospizdienstes, Anita Richter, auch Anfragen betroffener Familien aus dem Raum Fulda vor, so dass der Dienst nun bis in den Fuldaer Raum erweitert werden wird. <!--more--><\/p>\n<p>Ebenso wie im Main-Kinzig-Kreis wird der Malteser Kinderhospizdienst im Raum Fulda mit dem KinderPalliativTeam S\u00fcdhessen kooperieren. Damit haben betroffene Familien einen festen Ansprechpartner f\u00fcr die hospizliche Begleitung und die Palliative Versorgung. \u201eWir erm\u00f6glichen einen ganz unb\u00fcrokratischen\u00c2\u00a0 \u00dcbergang, wenn Familien z.B. medizinisch- pflegerische Versorgung brauchen. Die Unterlagen sind vorhanden und die Familie muss auch den Ansprechpartner nicht noch mal wechseln\u201c,\u00c2\u00a0 so Richter, die auch Kinderkrankenschwester und Palliativ-Care Fachkraft ist.<strong> <\/strong><\/p>\n<p>In Fulda haben die Malteser eine lange Hospiztradition. Seit fast 20 Jahren begleiten die Malteser mit dem ambulanten Hospiz \u2013und Palliativdienst \u00e2\u20ac\u0161Da- Sein\u00e2\u20ac\u2122\u00c2\u00a0 Erwachsene auf ihrem letzten Weg. Hinzu kommen zahlreiche Trauerangebote f\u00fcr Erwachsene und Kinder. \u201e Die Erfahrungen und gute Vernetzung mit anderen Einrichtungen der hospizlichen Arbeit ist eine wertvolle Voraussetzung um zuk\u00fcnftig Familien mit schwerstkranken Kindern eine entlastende und unterst\u00fctzende Begleitung anbieten zu k\u00f6nnen. Gemeinsam mit dem PalliativTeam S\u00fcdhessen wollen wir noch mehr Familien dabei unterst\u00fctzen, ihr Kind zu Hause in der vertrauten Umgebung pflegen zu k\u00f6nnen\u201c, erkl\u00e4rt der Di\u00f6zesangesch\u00e4ftsf\u00fchrer Thomas Peffermann.<\/p>\n<div>\n<p><strong>Hintergrund:<\/strong><\/p>\n<p>Die Malteser sind bundesweit f\u00fchrend im Bereich der Hospizarbeit. An 20 Standorten in Deutschland bieten die Malteser die Kinder- und Jugendhospizarbeit an. Der Malteser Kinderhospizdienst Main-Kinzig-Fulda ist ein Dienst des Malteser Hilfsdienstes im Bistum Fulda mit Sitz in Gr\u00fcndau<strong>.<\/strong> Im Mittelpunkt der Arbeit des ambulanten Kinderhospizdienstes stehen das lebensbegrenzt oder lebensbedrohlich erkrankte Kind und seine Familie. Ehrenamtliche Helfer und Helferinnen begleiten das Leben der Familien ab der Diagnosestellung. Wichtigstes Anliegen ist es, f\u00fcr die Eltern und Angeh\u00f6rigen notwendige Freir\u00e4ume zu schaffen, sie zu entlasten und zu unterst\u00fctzen, damit sie sich um das erkrankte Kind oder den erkrankten Jugendlichen k\u00fcmmern k\u00f6nnen.<\/p>\n<\/div>\n","protected":false},"excerpt":{"rendered":"<div class=\"tmnf_excerpt\"><p>Gr\u00fcndau\/Fulda. Der Malteser Kinderhospizdienst Main-Kinzig \u00f6ffnet ab sofort sein Entlastungsangebot f\u00fcr betroffene Familien aus dem Raum Fulda. Damit erweitert sich das Einsatzgebiet des Dienstes \u00fcber die Landkreisgrenze nach Schl\u00fcchtern und in den Raum Fulda. Seit Januar dieses Jahres engagieren sich die Malteser gemeinsam mit dem KinderPalliativTeam S\u00fcdhessen f\u00fcr den Aufbau einer ambulanten Versorgungsstruktur f\u00fcr schwerkranke &hellip;<\/p>\n<\/div>","protected":false},"author":1,"featured_media":0,"comment_status":"closed","ping_status":"closed","sticky":false,"template":"","format":"standard","meta":{"footnotes":""},"categories":[1],"tags":[],"class_list":["post-110572","post","type-post","status-publish","format-standard","hentry","category-startseite"],"_links":{"self":[{"href":"https:\/\/www.fuldaernachrichten.de\/index.php?rest_route=\/wp\/v2\/posts\/110572","targetHints":{"allow":["GET"]}}],"collection":[{"href":"https:\/\/www.fuldaernachrichten.de\/index.php?rest_route=\/wp\/v2\/posts"}],"about":[{"href":"https:\/\/www.fuldaernachrichten.de\/index.php?rest_route=\/wp\/v2\/types\/post"}],"author":[{"embeddable":true,"href":"https:\/\/www.fuldaernachrichten.de\/index.php?rest_route=\/wp\/v2\/users\/1"}],"replies":[{"embeddable":true,"href":"https:\/\/www.fuldaernachrichten.de\/index.php?rest_route=%2Fwp%2Fv2%2Fcomments&post=110572"}],"version-history":[{"count":0,"href":"https:\/\/www.fuldaernachrichten.de\/index.php?rest_route=\/wp\/v2\/posts\/110572\/revisions"}],"wp:attachment":[{"href":"https:\/\/www.fuldaernachrichten.de\/index.php?rest_route=%2Fwp%2Fv2%2Fmedia&parent=110572"}],"wp:term":[{"taxonomy":"category","embeddable":true,"href":"https:\/\/www.fuldaernachrichten.de\/index.php?rest_route=%2Fwp%2Fv2%2Fcategories&post=110572"},{"taxonomy":"post_tag","embeddable":true,"href":"https:\/\/www.fuldaernachrichten.de\/index.php?rest_route=%2Fwp%2Fv2%2Ftags&post=110572"}],"curies":[{"name":"wp","href":"https:\/\/api.w.org\/{rel}","templated":true}]}}