{"id":110567,"date":"2013-06-27T00:52:43","date_gmt":"2013-06-27T00:52:43","guid":{"rendered":"http:\/\/www.fuldaer-nachrichten.de\/?p=110567"},"modified":"2013-06-27T07:55:47","modified_gmt":"2013-06-27T07:55:47","slug":"vier-sterne-fur-den-rhonradweg-rhonradweg-ist-jetzt-offiziell-als-adfc-qualitatsroute-zertifiziert","status":"publish","type":"post","link":"https:\/\/www.fuldaernachrichten.de\/?p=110567","title":{"rendered":"Vier Sterne f\u00fcr den Rh\u00f6nradweg &#8211; Rh\u00f6nradweg ist jetzt offiziell als ADFC-Qualit\u00e4tsroute zertifiziert"},"content":{"rendered":"<div id=\"attachment_110568\" style=\"width: 570px\" class=\"wp-caption alignnone\"><img fetchpriority=\"high\" decoding=\"async\" aria-describedby=\"caption-attachment-110568\" class=\"size-full wp-image-110568\" alt=\"Der Vorsitzende der Regionalen Arbeitsgemeinschaft Rh\u00f6n und Landrat des Landkreises Schmalkalden-Meiningen, Peter Heimrich (3.v.r.), nahm jetzt das Zertifikat f\u00fcr den Rh\u00f6nradweg aus den H\u00e4nden von Dr. Wolfgang Richter von der ADFC-Bundesgesch\u00e4ftsstelle in Bremen (Bildmitte) entgegen. Mit dabei waren auch Regina Filler vom Rh\u00f6nforum e.V. in Geisa, der Landrat des Landkreises Fulda Bernd Woide, der Landrat des Wartburgkreises Reinhard Krebs, der Landrat des Landkreises Bad Kissingen Thomas Bold und Manfred Endres vom Landkreis Rh\u00f6n-Grabfeld in Vertretung von Landrat Thomas Habermann (von links). Foto: ARGE Rh\u00f6n  \" src=\"http:\/\/www.fuldaer-nachrichten.de\/wp-content\/uploads\/2013\/06\/auszeichnung_rh\u00f6nradweg.jpg\" width=\"560\" height=\"339\" \/><p id=\"caption-attachment-110568\" class=\"wp-caption-text\">Der Vorsitzende der Regionalen Arbeitsgemeinschaft Rh\u00f6n und Landrat des Landkreises Schmalkalden-Meiningen, Peter Heimrich (3.v.r.), nahm jetzt das Zertifikat f\u00fcr den Rh\u00f6nradweg aus den H\u00e4nden von Dr. Wolfgang Richter von der ADFC-Bundesgesch\u00e4ftsstelle in Bremen (Bildmitte) entgegen. Mit dabei waren auch Regina Filler vom Rh\u00f6nforum e.V. in Geisa, der Landrat des Landkreises Fulda Bernd Woide, der Landrat des Wartburgkreises Reinhard Krebs, der Landrat des Landkreises Bad Kissingen Thomas Bold und Manfred Endres vom Landkreis Rh\u00f6n-Grabfeld in Vertretung von Landrat Thomas Habermann (von links).<br \/>Foto: ARGE Rh\u00f6n<\/p><\/div>\n<p>Rh\u00f6n. Der Rh\u00f6nradweg, der \u00fcber 182 Kilometer von Bad Salzungen aus nach Hammelburg f\u00fchrt und so die drei Bundesl\u00e4nder Bayern, Hessen und Th\u00fcringen miteinander verbindet, wurde jetzt offiziell als ADFC-Qualit\u00e4tsroute mit vier Sternen ausgezeichnet. Dr. Wolfgang Richter von der Bundesgesch\u00e4ftsstelle des Allgemeinen Deutschen Fahrradclubs (ADFC) \u00fcbergab das Zertifikat an die Vertreter der Regionalen Arbeitsgemeinschaft (ARGE) Rh\u00f6n.<!--more--><\/p>\n<p>Es sei schon eine Besonderheit, dass ein Fernradweg von einer Regionalen Arbeitsgemeinschaft unterhalten wird, die sich \u00fcber f\u00fcnf Landkreise und drei Bundesl\u00e4nder erstreckt. \u201eIn der Regel sorgen daf\u00fcr einzelne touristische Regionen\u201c, sagte Dr. Wolfgang Richter. Insgesamt gibt es in Deutschland und \u00d6sterreich derzeit 45 Radwege, die als ADFC-Qualit\u00e4tsroute klassifiziert sind. Von ihnen sind nur der Mainradweg, der Radweg \u201eLiebliches Taubertal \u2013 der Klassiker\u201c und der Radweg \u201eNeusiedler See\u201c in \u00d6sterreich mit f\u00fcnf Sternen ausgezeichnet. \u201eMit vier Sternen rangiert der Rh\u00f6nradweg ganz klar im oberen Mittelfeld\u201c, sch\u00e4tzte Richter ein.<\/p>\n<p>Vor der Zertifizierung wurde die Wegweisung am Rh\u00f6nradweg durch die ARGE Rh\u00f6n komplett \u00fcberarbeitet. \u201eDer Rh\u00f6nradweg zeichnet sich dadurch aus, dass er \u00fcberwiegend auf Strecken mit wenig oder gar keinem Autoverkehr verl\u00e4uft. Au\u00dferdem ist die Lage im Mittelgebirge etwas Besonderes. Dar\u00fcber hinaus nutzt er Strecken entlang der Flusst\u00e4ler und hat in einigen Kommunen Sehensw\u00fcrdigkeiten aufzuweisen\u201c, erl\u00e4uterte Richter. Mit 1540 H\u00f6henmetern nach oben und 1 580 H\u00f6henmetern nach unten stelle er jedoch auch eine Herausforderung dar. \u201eWer den gesamten Weg bew\u00e4ltigen will, sollte schon sportlich trainiert sein.\u201c<\/p>\n<p>Bei der Zertifizierung des Rh\u00f6nradweges, die nun f\u00fcr drei Jahre lang Bestand hat, wurden in erster Linie die Befahrbarkeit, die Wegweisung, die Verkehrssicherheit, die Erreichbarkeit, die Wegeoberfl\u00e4che und die Marketingaktivit\u00e4ten \u00fcberpr\u00fcft. Im Herbst 2015 mache sich dann die Nachklassifizierung erforderlich, insofern der Rh\u00f6nradweg auch in Zukunft als ADFC-Qualit\u00e4tsroute ausgewiesen sein soll. \u201eMeine klare Einsch\u00e4tzung ist: diesen Radweg kann man guten Gewissens empfehlen\u201c, meinte Dr. Wolfgang Richter abschlie\u00dfend.<\/p>\n","protected":false},"excerpt":{"rendered":"<div class=\"tmnf_excerpt\"><p>Rh\u00f6n. Der Rh\u00f6nradweg, der \u00fcber 182 Kilometer von Bad Salzungen aus nach Hammelburg f\u00fchrt und so die drei Bundesl\u00e4nder Bayern, Hessen und Th\u00fcringen miteinander verbindet, wurde jetzt offiziell als ADFC-Qualit\u00e4tsroute mit vier Sternen ausgezeichnet. Dr. Wolfgang Richter von der Bundesgesch\u00e4ftsstelle des Allgemeinen Deutschen Fahrradclubs (ADFC) \u00fcbergab das Zertifikat an die Vertreter der Regionalen Arbeitsgemeinschaft (ARGE) &hellip;<\/p>\n<\/div>","protected":false},"author":1,"featured_media":0,"comment_status":"closed","ping_status":"closed","sticky":false,"template":"","format":"standard","meta":{"footnotes":""},"categories":[1,52],"tags":[],"class_list":["post-110567","post","type-post","status-publish","format-standard","hentry","category-startseite","category-umwelt"],"_links":{"self":[{"href":"https:\/\/www.fuldaernachrichten.de\/index.php?rest_route=\/wp\/v2\/posts\/110567","targetHints":{"allow":["GET"]}}],"collection":[{"href":"https:\/\/www.fuldaernachrichten.de\/index.php?rest_route=\/wp\/v2\/posts"}],"about":[{"href":"https:\/\/www.fuldaernachrichten.de\/index.php?rest_route=\/wp\/v2\/types\/post"}],"author":[{"embeddable":true,"href":"https:\/\/www.fuldaernachrichten.de\/index.php?rest_route=\/wp\/v2\/users\/1"}],"replies":[{"embeddable":true,"href":"https:\/\/www.fuldaernachrichten.de\/index.php?rest_route=%2Fwp%2Fv2%2Fcomments&post=110567"}],"version-history":[{"count":0,"href":"https:\/\/www.fuldaernachrichten.de\/index.php?rest_route=\/wp\/v2\/posts\/110567\/revisions"}],"wp:attachment":[{"href":"https:\/\/www.fuldaernachrichten.de\/index.php?rest_route=%2Fwp%2Fv2%2Fmedia&parent=110567"}],"wp:term":[{"taxonomy":"category","embeddable":true,"href":"https:\/\/www.fuldaernachrichten.de\/index.php?rest_route=%2Fwp%2Fv2%2Fcategories&post=110567"},{"taxonomy":"post_tag","embeddable":true,"href":"https:\/\/www.fuldaernachrichten.de\/index.php?rest_route=%2Fwp%2Fv2%2Ftags&post=110567"}],"curies":[{"name":"wp","href":"https:\/\/api.w.org\/{rel}","templated":true}]}}