{"id":110547,"date":"2013-06-27T07:27:30","date_gmt":"2013-06-27T07:27:30","guid":{"rendered":"http:\/\/www.fuldaer-nachrichten.de\/?p=110547"},"modified":"2013-06-27T07:27:30","modified_gmt":"2013-06-27T07:27:30","slug":"der-ba-x-in-hessen-fur-juni-2013-keine-veranderung-auf-dem-stellenmarkt","status":"publish","type":"post","link":"https:\/\/www.fuldaernachrichten.de\/?p=110547","title":{"rendered":"Der BA-X in Hessen f\u00fcr Juni 2013 &#8211; Keine Ver\u00e4nderung auf dem Stellenmarkt"},"content":{"rendered":"<p>Hessen. Der Stellenindex der Bundesagentur f\u00fcr Arbeit hat sich im dritten Monat in Folge nicht ver\u00e4ndert. Mit 142 Punkten im Juni folgt der Stellenindex weiterhin seiner Seitw\u00e4rtsbewegung. Der aktuelle BA-X liegt deutlich hinter den Juniwerten der Jahre 2012 (155 Punkte), 2011 (175 Punkte) und 2010 (149 Punkte) zur\u00fcck. Der niedrigste Juniwert wurde mit 114 Punkten im Jahr 2009 erreicht.<!--more--><\/p>\n<p>\u201eDer Abw\u00e4rtstrend scheint gestoppt und der Stellenmarkt stabilisiert sich, wenn auch auf einem niedrigeren Niveau als in den letzten beiden Jahren \u201c, betont Dr. Frank Martin, Leiter der Regionaldirektion Hessen, \u201eSaisonbedingt ist davon auszugehen, dass auch im n\u00e4chsten Monat keine deutlicher Anstieg stattfinden wird. Der Stellenbestand und die Stellenzug\u00e4nge in Hessen liegen weiterhin unter dem Niveau des Vorjahres. Das erste Halbjahr 2013 bleibt somit hinter den Erwartungen zur\u00fcck.\u201c<\/p>\n<p><strong>Hintergrundinformation<\/strong><\/p>\n<p>Der BA-X ist der aktuellste Stellenindex in Deutschland und beruht auf konkreten, der BA gemeldeten Stellen der Unternehmen. Er bildet die Entwicklung der Arbeitskr\u00e4ftenachfrage am ersten Arbeitsmarkt ab und signalisiert damit die Einstellungsbereitschaft der Unternehmen in Deutschland. Als saisonbereinigter Index l\u00e4sst der BA-X somit Aussagen zur konjunkturellen Entwicklung zu. In den Index flie\u00dfen die bei der Bundesagentur gemeldeten ungef\u00f6rderten Arbeitsstellen, die Stellen f\u00fcr Freiberufler und Selbst\u00e4ndige sowie die gemeldeten Stellen aus der privaten Arbeitsvermittlung ein.<\/p>\n","protected":false},"excerpt":{"rendered":"<div class=\"tmnf_excerpt\"><p>Hessen. Der Stellenindex der Bundesagentur f\u00fcr Arbeit hat sich im dritten Monat in Folge nicht ver\u00e4ndert. Mit 142 Punkten im Juni folgt der Stellenindex weiterhin seiner Seitw\u00e4rtsbewegung. Der aktuelle BA-X liegt deutlich hinter den Juniwerten der Jahre 2012 (155 Punkte), 2011 (175 Punkte) und 2010 (149 Punkte) zur\u00fcck. Der niedrigste Juniwert wurde mit 114 Punkten &hellip;<\/p>\n<\/div>","protected":false},"author":1,"featured_media":0,"comment_status":"closed","ping_status":"closed","sticky":false,"template":"","format":"standard","meta":{"footnotes":""},"categories":[1,53],"tags":[],"class_list":["post-110547","post","type-post","status-publish","format-standard","hentry","category-startseite","category-bildung"],"_links":{"self":[{"href":"https:\/\/www.fuldaernachrichten.de\/index.php?rest_route=\/wp\/v2\/posts\/110547","targetHints":{"allow":["GET"]}}],"collection":[{"href":"https:\/\/www.fuldaernachrichten.de\/index.php?rest_route=\/wp\/v2\/posts"}],"about":[{"href":"https:\/\/www.fuldaernachrichten.de\/index.php?rest_route=\/wp\/v2\/types\/post"}],"author":[{"embeddable":true,"href":"https:\/\/www.fuldaernachrichten.de\/index.php?rest_route=\/wp\/v2\/users\/1"}],"replies":[{"embeddable":true,"href":"https:\/\/www.fuldaernachrichten.de\/index.php?rest_route=%2Fwp%2Fv2%2Fcomments&post=110547"}],"version-history":[{"count":0,"href":"https:\/\/www.fuldaernachrichten.de\/index.php?rest_route=\/wp\/v2\/posts\/110547\/revisions"}],"wp:attachment":[{"href":"https:\/\/www.fuldaernachrichten.de\/index.php?rest_route=%2Fwp%2Fv2%2Fmedia&parent=110547"}],"wp:term":[{"taxonomy":"category","embeddable":true,"href":"https:\/\/www.fuldaernachrichten.de\/index.php?rest_route=%2Fwp%2Fv2%2Fcategories&post=110547"},{"taxonomy":"post_tag","embeddable":true,"href":"https:\/\/www.fuldaernachrichten.de\/index.php?rest_route=%2Fwp%2Fv2%2Ftags&post=110547"}],"curies":[{"name":"wp","href":"https:\/\/api.w.org\/{rel}","templated":true}]}}