{"id":110542,"date":"2013-06-26T08:33:17","date_gmt":"2013-06-26T08:33:17","guid":{"rendered":"http:\/\/www.fuldaer-nachrichten.de\/?p=110542"},"modified":"2013-06-26T08:33:17","modified_gmt":"2013-06-26T08:33:17","slug":"personalpakete-fur-das-klinikum","status":"publish","type":"post","link":"https:\/\/www.fuldaernachrichten.de\/?p=110542","title":{"rendered":"Personalpakete f\u00fcr das Klinikum"},"content":{"rendered":"<div id=\"attachment_110543\" style=\"width: 275px\" class=\"wp-caption alignleft\"><img decoding=\"async\" aria-describedby=\"caption-attachment-110543\" class=\"size-thumbnail wp-image-110543\" alt=\"Paket\u00fcbergabe im Klinikum: von links nach rechts: IHK-Hauptgesch\u00e4ftsf\u00fchrer Stefan Schunck, Grit Kraushaar, Leiterin Personalentwicklung des Klinikums Fulda, Regionalmanager Christoph Burkard.\" src=\"http:\/\/www.fuldaer-nachrichten.de\/wp-content\/uploads\/2013\/06\/Personalpaket-Klinikum-265x175.jpg\" width=\"265\" height=\"175\" srcset=\"https:\/\/www.fuldaernachrichten.de\/wp-content\/uploads\/2013\/06\/Personalpaket-Klinikum-265x175.jpg 265w, https:\/\/www.fuldaernachrichten.de\/wp-content\/uploads\/2013\/06\/Personalpaket-Klinikum.jpg 600w\" sizes=\"(max-width: 265px) 100vw, 265px\" \/><p id=\"caption-attachment-110543\" class=\"wp-caption-text\">Paket\u00fcbergabe im Klinikum: von links nach rechts: IHK-Hauptgesch\u00e4ftsf\u00fchrer Stefan Schunck, Grit Kraushaar, Leiterin Personalentwicklung des Klinikums Fulda, Regionalmanager Christoph Burkard.<\/p><\/div>\n<p>Fulda. Mitarbeiter, die neu von au\u00dferhalb in das Klinikum Fulda wechseln, werden k\u00fcnftig noch besser \u00fcber die Region informiert. IHK-Hauptgesch\u00e4ftsf\u00fchrer Stefan Schunck und Regionalmanager Christoph Burkard \u00fcberreichten jetzt Grit Kraushaar, zust\u00e4ndig im Klinikum Fulda f\u00fcr Personalentwicklung, eine ganze Wagenladung mit Personalpaketen. Die grauen Kartons mit der Region-Fulda-Banderole enthalten eine Sammlung der wichtigsten Informationen \u00fcber Stadt und Landkreis Fulda, das kulturelle Angebot und Freizeitm\u00f6glichkeiten.<!--more--><\/p>\n<p>\u201eMit unserer Personalpaketen nehmen wir den Unternehmen Arbeit ab und leisten einen wertvollen Service zur Personalentwicklung\u201c, sagte IHK-Hauptgesch\u00e4ftsf\u00fchrer Stefan Schunck. Nach den Worten von Grit Kraushaar werden die Infopakete noch mit speziellen Flyern des Klinikums Fulda erg\u00e4nzt. Regionalmanager Christoph Burkard betonte, dass es sich bei den Personalpaketen um ein kostenfreies Angebot im Rahmen der Markenkampagne FD handele. Die Bestellung sei einfach \u00fcber den Online-Shop unter <a href=\"http:\/\/www.region-fulda.de\">www.region-fulda.de<\/a> m\u00f6glich.<\/p>\n<p>Klinikum Fulda und das von Stadt Fulda, Landkreis Fulda und Industrie- und Handelskammer Fulda getragene Regionale Standortmarketing wollen k\u00fcnftig spezielle Informationspakete zur Ansprache von Pflegekr\u00e4ften und \u00c4rzten erstellen. \u201eWir wollen damit eine regionale Willkommenskultur f\u00fcr Fachkr\u00e4fte schaffen, die neu in die Region kommen\u201c, erl\u00e4uterte Schunck abschlie\u00dfend.<\/p>\n","protected":false},"excerpt":{"rendered":"<div class=\"tmnf_excerpt\"><p>Fulda. Mitarbeiter, die neu von au\u00dferhalb in das Klinikum Fulda wechseln, werden k\u00fcnftig noch besser \u00fcber die Region informiert. IHK-Hauptgesch\u00e4ftsf\u00fchrer Stefan Schunck und Regionalmanager Christoph Burkard \u00fcberreichten jetzt Grit Kraushaar, zust\u00e4ndig im Klinikum Fulda f\u00fcr Personalentwicklung, eine ganze Wagenladung mit Personalpaketen. Die grauen Kartons mit der Region-Fulda-Banderole enthalten eine Sammlung der wichtigsten Informationen \u00fcber Stadt &hellip;<\/p>\n<\/div>","protected":false},"author":1,"featured_media":0,"comment_status":"closed","ping_status":"closed","sticky":false,"template":"","format":"standard","meta":{"footnotes":""},"categories":[1,51],"tags":[],"class_list":["post-110542","post","type-post","status-publish","format-standard","hentry","category-startseite","category-medizin"],"_links":{"self":[{"href":"https:\/\/www.fuldaernachrichten.de\/index.php?rest_route=\/wp\/v2\/posts\/110542","targetHints":{"allow":["GET"]}}],"collection":[{"href":"https:\/\/www.fuldaernachrichten.de\/index.php?rest_route=\/wp\/v2\/posts"}],"about":[{"href":"https:\/\/www.fuldaernachrichten.de\/index.php?rest_route=\/wp\/v2\/types\/post"}],"author":[{"embeddable":true,"href":"https:\/\/www.fuldaernachrichten.de\/index.php?rest_route=\/wp\/v2\/users\/1"}],"replies":[{"embeddable":true,"href":"https:\/\/www.fuldaernachrichten.de\/index.php?rest_route=%2Fwp%2Fv2%2Fcomments&post=110542"}],"version-history":[{"count":1,"href":"https:\/\/www.fuldaernachrichten.de\/index.php?rest_route=\/wp\/v2\/posts\/110542\/revisions"}],"predecessor-version":[{"id":110544,"href":"https:\/\/www.fuldaernachrichten.de\/index.php?rest_route=\/wp\/v2\/posts\/110542\/revisions\/110544"}],"wp:attachment":[{"href":"https:\/\/www.fuldaernachrichten.de\/index.php?rest_route=%2Fwp%2Fv2%2Fmedia&parent=110542"}],"wp:term":[{"taxonomy":"category","embeddable":true,"href":"https:\/\/www.fuldaernachrichten.de\/index.php?rest_route=%2Fwp%2Fv2%2Fcategories&post=110542"},{"taxonomy":"post_tag","embeddable":true,"href":"https:\/\/www.fuldaernachrichten.de\/index.php?rest_route=%2Fwp%2Fv2%2Ftags&post=110542"}],"curies":[{"name":"wp","href":"https:\/\/api.w.org\/{rel}","templated":true}]}}