{"id":110532,"date":"2013-06-26T08:18:14","date_gmt":"2013-06-26T08:18:14","guid":{"rendered":"http:\/\/www.fuldaer-nachrichten.de\/?p=110532"},"modified":"2013-06-26T08:18:14","modified_gmt":"2013-06-26T08:18:14","slug":"brandprozession-am-sankt-ulrich-tag","status":"publish","type":"post","link":"https:\/\/www.fuldaernachrichten.de\/?p=110532","title":{"rendered":"Brandprozession am Sankt-Ulrich-Tag"},"content":{"rendered":"<p><b>H\u00fcnfeld. <\/b>\u00c2\u00a0Die traditionelle H\u00fcnfelder Brandprozession am Sankt-Ulrich-Tag findet in diesem Jahr am 4. Juli ab 22 Uhr in der H\u00fcnfelder Innenstadt statt. Ab 22 Uhr treffen sich die Gl\u00e4ubigen an der H\u00fcnfelder Stadtpfarrkirche und ziehen durch die T\u00f6pferstra\u00dfe und Mittelstra\u00dfe zum Rathausplatz und von dort aus \u00fcber die Hauptstra\u00dfe wieder zur\u00fcck zur Stadtpfarrkirche.<!--more--><\/p>\n<p>Um der Prozession einen w\u00fcrdigen Rahmen zu geben, bitten die Katholische Kirchengemeinde St. Jakobus und die Stadt H\u00fcnfeld alle Anwohner darum, Schaufensterbeleuchtungen, Au\u00dfenbeleuchtungen und Reklameschilder in der T\u00f6pfer-, Mittel- und Hauptstra\u00dfe sowie am Konrad-Adenauer-Platz in der Zeit von 21.45 Uhr bis 22.45 Uhr auszuschalten. Stattdessen sollten in Fenster und Haus- und Hofeing\u00e4ngen Teelichter aufgestellt werden, um den besonderen Rahmen dieser traditionsreichen Prozession zu unterstreichen.<\/p>\n<p>Die H\u00fcnfelder Brandprozession geht bis ins 15. Jahrhundert zur\u00fcck. Damals gelobten die H\u00fcnfelder B\u00fcrger nach einem verheerenden Feuer jedes Jahr am Sankt-Ulrich-Tag eine Brandprozession abzuhalten, damit die Stadt vor weiterem Schaden bewahrt bleiben m\u00f6ge.<\/p>\n<p>&nbsp;<\/p>\n","protected":false},"excerpt":{"rendered":"<div class=\"tmnf_excerpt\"><p>H\u00fcnfeld. \u00c2\u00a0Die traditionelle H\u00fcnfelder Brandprozession am Sankt-Ulrich-Tag findet in diesem Jahr am 4. Juli ab 22 Uhr in der H\u00fcnfelder Innenstadt statt. Ab 22 Uhr treffen sich die Gl\u00e4ubigen an der H\u00fcnfelder Stadtpfarrkirche und ziehen durch die T\u00f6pferstra\u00dfe und Mittelstra\u00dfe zum Rathausplatz und von dort aus \u00fcber die Hauptstra\u00dfe wieder zur\u00fcck zur Stadtpfarrkirche.<\/p>\n<\/div>","protected":false},"author":1,"featured_media":0,"comment_status":"closed","ping_status":"closed","sticky":false,"template":"","format":"standard","meta":{"footnotes":""},"categories":[1],"tags":[],"class_list":["post-110532","post","type-post","status-publish","format-standard","hentry","category-startseite"],"_links":{"self":[{"href":"https:\/\/www.fuldaernachrichten.de\/index.php?rest_route=\/wp\/v2\/posts\/110532","targetHints":{"allow":["GET"]}}],"collection":[{"href":"https:\/\/www.fuldaernachrichten.de\/index.php?rest_route=\/wp\/v2\/posts"}],"about":[{"href":"https:\/\/www.fuldaernachrichten.de\/index.php?rest_route=\/wp\/v2\/types\/post"}],"author":[{"embeddable":true,"href":"https:\/\/www.fuldaernachrichten.de\/index.php?rest_route=\/wp\/v2\/users\/1"}],"replies":[{"embeddable":true,"href":"https:\/\/www.fuldaernachrichten.de\/index.php?rest_route=%2Fwp%2Fv2%2Fcomments&post=110532"}],"version-history":[{"count":0,"href":"https:\/\/www.fuldaernachrichten.de\/index.php?rest_route=\/wp\/v2\/posts\/110532\/revisions"}],"wp:attachment":[{"href":"https:\/\/www.fuldaernachrichten.de\/index.php?rest_route=%2Fwp%2Fv2%2Fmedia&parent=110532"}],"wp:term":[{"taxonomy":"category","embeddable":true,"href":"https:\/\/www.fuldaernachrichten.de\/index.php?rest_route=%2Fwp%2Fv2%2Fcategories&post=110532"},{"taxonomy":"post_tag","embeddable":true,"href":"https:\/\/www.fuldaernachrichten.de\/index.php?rest_route=%2Fwp%2Fv2%2Ftags&post=110532"}],"curies":[{"name":"wp","href":"https:\/\/api.w.org\/{rel}","templated":true}]}}