{"id":110489,"date":"2013-06-25T00:12:46","date_gmt":"2013-06-25T00:12:46","guid":{"rendered":"http:\/\/www.fuldaer-nachrichten.de\/?p=110489"},"modified":"2013-06-24T16:58:07","modified_gmt":"2013-06-24T16:58:07","slug":"flower-power-blumen-bluten-im-grosformat","status":"publish","type":"post","link":"https:\/\/www.fuldaernachrichten.de\/?p=110489","title":{"rendered":"FLOWER POWER \u2013 Blumen &#038; Bl\u00fcten im Gro\u00dfformat"},"content":{"rendered":"<p><img fetchpriority=\"high\" decoding=\"async\" class=\"alignleft size-thumbnail wp-image-110490\" alt=\"FlowerPower_schuelerarbeit\" src=\"http:\/\/www.fuldaer-nachrichten.de\/wp-content\/uploads\/2013\/06\/FlowerPower_schuelerarbeit-265x198.jpg\" width=\"265\" height=\"198\" srcset=\"https:\/\/www.fuldaernachrichten.de\/wp-content\/uploads\/2013\/06\/FlowerPower_schuelerarbeit-265x198.jpg 265w, https:\/\/www.fuldaernachrichten.de\/wp-content\/uploads\/2013\/06\/FlowerPower_schuelerarbeit.jpg 600w\" sizes=\"(max-width: 265px) 100vw, 265px\" \/>Fulda. Um die faszinierenden Farben und Formen der bl\u00fchenden Natur geht es im Malworkshop\u00c2\u00a0 am Freitag, 28.6.2013, von 17:00 bis 21:00 Uhr im STADT-ATELIER FULDA, Heinrich-von-Bibra-Platz 3, 36037 Fulda (1. Etage im Anbau hinter dem Studentenwohnheim). Hobbymaler\/innen k\u00f6nnen unter Anleitung der Malerin Verena K\u00fchnlein ein Blumenbild mal ganz anders k\u00fcnstlerisch in Szene setzen: In die Bl\u00fcte geblickt, aus der Froschperspektive, mit wogender Unsch\u00e4rfe, gro\u00dfformatig und stimmungsvoll.<br \/>\nDie Kursgeb\u00fchr betr\u00e4gt 45,- \u00e2\u201a\u00ac, inklusive alle Malutensilien. Weitere Infos und Anmeldung unter Telefon (0661) 4800178 oder <a href=\"http:\/\/www.verenz.de\">www.verenz.de<\/a> \/ Workshops<\/p>\n<p>&nbsp;<\/p>\n","protected":false},"excerpt":{"rendered":"<div class=\"tmnf_excerpt\"><p>Fulda. Um die faszinierenden Farben und Formen der bl\u00fchenden Natur geht es im Malworkshop\u00c2\u00a0 am Freitag, 28.6.2013, von 17:00 bis 21:00 Uhr im STADT-ATELIER FULDA, Heinrich-von-Bibra-Platz 3, 36037 Fulda (1. Etage im Anbau hinter dem Studentenwohnheim). Hobbymaler\/innen k\u00f6nnen unter Anleitung der Malerin Verena K\u00fchnlein ein Blumenbild mal ganz anders k\u00fcnstlerisch in Szene setzen: In die &hellip;<\/p>\n<\/div>","protected":false},"author":1,"featured_media":0,"comment_status":"closed","ping_status":"closed","sticky":false,"template":"","format":"standard","meta":{"footnotes":""},"categories":[1,44],"tags":[],"class_list":["post-110489","post","type-post","status-publish","format-standard","hentry","category-startseite","category-kultur"],"_links":{"self":[{"href":"https:\/\/www.fuldaernachrichten.de\/index.php?rest_route=\/wp\/v2\/posts\/110489","targetHints":{"allow":["GET"]}}],"collection":[{"href":"https:\/\/www.fuldaernachrichten.de\/index.php?rest_route=\/wp\/v2\/posts"}],"about":[{"href":"https:\/\/www.fuldaernachrichten.de\/index.php?rest_route=\/wp\/v2\/types\/post"}],"author":[{"embeddable":true,"href":"https:\/\/www.fuldaernachrichten.de\/index.php?rest_route=\/wp\/v2\/users\/1"}],"replies":[{"embeddable":true,"href":"https:\/\/www.fuldaernachrichten.de\/index.php?rest_route=%2Fwp%2Fv2%2Fcomments&post=110489"}],"version-history":[{"count":0,"href":"https:\/\/www.fuldaernachrichten.de\/index.php?rest_route=\/wp\/v2\/posts\/110489\/revisions"}],"wp:attachment":[{"href":"https:\/\/www.fuldaernachrichten.de\/index.php?rest_route=%2Fwp%2Fv2%2Fmedia&parent=110489"}],"wp:term":[{"taxonomy":"category","embeddable":true,"href":"https:\/\/www.fuldaernachrichten.de\/index.php?rest_route=%2Fwp%2Fv2%2Fcategories&post=110489"},{"taxonomy":"post_tag","embeddable":true,"href":"https:\/\/www.fuldaernachrichten.de\/index.php?rest_route=%2Fwp%2Fv2%2Ftags&post=110489"}],"curies":[{"name":"wp","href":"https:\/\/api.w.org\/{rel}","templated":true}]}}