{"id":110446,"date":"2013-06-24T00:16:58","date_gmt":"2013-06-24T00:16:58","guid":{"rendered":"http:\/\/www.fuldaer-nachrichten.de\/?p=110446"},"modified":"2013-06-24T07:42:52","modified_gmt":"2013-06-24T07:42:52","slug":"wasser-marsch-im-kindergarten-brandschutzerziehung-im-regel-und-waldkindergarten-von-kirchhasel","status":"publish","type":"post","link":"https:\/\/www.fuldaernachrichten.de\/?p=110446","title":{"rendered":"\u201eWasser marsch!\u201c im Kindergarten &#8211; Brandschutzerziehung im Regel- und Waldkindergarten von Kirchhasel"},"content":{"rendered":"<p><img fetchpriority=\"high\" decoding=\"async\" class=\"alignleft size-thumbnail wp-image-110447\" alt=\"Brandschutzerziehung Kirchhasel 2013_1\" src=\"http:\/\/www.fuldaer-nachrichten.de\/wp-content\/uploads\/2013\/06\/Brandschutzerziehung-Kirchhasel-2013_1-265x198.jpg\" width=\"265\" height=\"198\" srcset=\"https:\/\/www.fuldaernachrichten.de\/wp-content\/uploads\/2013\/06\/Brandschutzerziehung-Kirchhasel-2013_1-265x198.jpg 265w, https:\/\/www.fuldaernachrichten.de\/wp-content\/uploads\/2013\/06\/Brandschutzerziehung-Kirchhasel-2013_1.jpg 600w\" sizes=\"(max-width: 265px) 100vw, 265px\" \/>Kirchhasel. Um Kinder fr\u00fchzeitig auf m\u00f6gliche Gefahren des Lebens vorzubereiten und ihnen den richtigen Umgang mit Feuer zu veranschaulichen, veranstaltete die Freiwillige Feuerwehr Kirchhasel in diesem Jahr wieder eine Brandschutzerziehung im Regel- und Waldkindergarten von Kirchhasel. Zu Beginn stellten sich die Feuerwehm\u00e4nner um Wehrf\u00fchrer Uwe Bierent den Kindern vor und berichteten auf spielerische Wei\u00dfe \u00fcber die Arbeit bei der Feuerwehr, das Entstehen von Br\u00e4nden sowie das richtige Verhalten im Brandfall. Des Weiteren \u00fcbten die Kinder das richtige Absetzen eines Notrufes, um im Ernstfall schnell Hilfe zu erhalten.<!--more--><\/p>\n<p>Darauf folgte ein \u00dcbungsalarm. Die Feuerwehrleute aus Kirchhasel r\u00fcckten gemeinsam mit der benachbarten Wehr aus Gro\u00dfenbach an und probten den Ernstfall. Im Anschluss begleiteten die Kinder die Feuerwehrm\u00e4nner zum benachbarten Feuerwehrhaus. Dort konnten die Kinder Geb\u00e4ude und Feuerwehrauto besichtigen und bekamen verschiedene feuerwehrtechnische Ger\u00e4te erkl\u00e4rt.<\/p>\n<p><img decoding=\"async\" class=\"alignleft size-thumbnail wp-image-110448\" alt=\"Brandschutzerziehung Kirchhasel 2013_2\" src=\"http:\/\/www.fuldaer-nachrichten.de\/wp-content\/uploads\/2013\/06\/Brandschutzerziehung-Kirchhasel-2013_2-265x198.jpg\" width=\"265\" height=\"198\" srcset=\"https:\/\/www.fuldaernachrichten.de\/wp-content\/uploads\/2013\/06\/Brandschutzerziehung-Kirchhasel-2013_2-265x198.jpg 265w, https:\/\/www.fuldaernachrichten.de\/wp-content\/uploads\/2013\/06\/Brandschutzerziehung-Kirchhasel-2013_2.jpg 600w\" sizes=\"(max-width: 265px) 100vw, 265px\" \/>Der erlebnisreiche Tag fand seinen Abschluss bei verschiedenen Spielen und \u00dcbungen rund um das Thema \u201eFeuerwehr\u201c. Silke M\u00f6ller und Matthias May vom Regel- und Waldkindergarten zeigten sich zum Abschluss der Brandschutzerziehung \u00fcberaus zufrieden und sprachen den Feuerwehrm\u00e4nnern ihren Dank aus. \u201eDie Zusammenarbeit zwischen dem Kindergarten und der Feuerwehr l\u00e4uft seit Jahren beispielhaft. Damit leistet die Feuerwehr einen entscheidenden Beitrag zur Brandschutzerziehung der Kinder\u201c, so die beiden Erzieher. (Nicolas Pappert)<\/p>\n","protected":false},"excerpt":{"rendered":"<div class=\"tmnf_excerpt\"><p>Kirchhasel. Um Kinder fr\u00fchzeitig auf m\u00f6gliche Gefahren des Lebens vorzubereiten und ihnen den richtigen Umgang mit Feuer zu veranschaulichen, veranstaltete die Freiwillige Feuerwehr Kirchhasel in diesem Jahr wieder eine Brandschutzerziehung im Regel- und Waldkindergarten von Kirchhasel. Zu Beginn stellten sich die Feuerwehm\u00e4nner um Wehrf\u00fchrer Uwe Bierent den Kindern vor und berichteten auf spielerische Wei\u00dfe \u00fcber &hellip;<\/p>\n<\/div>","protected":false},"author":1,"featured_media":0,"comment_status":"closed","ping_status":"closed","sticky":false,"template":"","format":"standard","meta":{"footnotes":""},"categories":[1,71],"tags":[],"class_list":["post-110446","post","type-post","status-publish","format-standard","hentry","category-startseite","category-feuerwehr"],"_links":{"self":[{"href":"https:\/\/www.fuldaernachrichten.de\/index.php?rest_route=\/wp\/v2\/posts\/110446","targetHints":{"allow":["GET"]}}],"collection":[{"href":"https:\/\/www.fuldaernachrichten.de\/index.php?rest_route=\/wp\/v2\/posts"}],"about":[{"href":"https:\/\/www.fuldaernachrichten.de\/index.php?rest_route=\/wp\/v2\/types\/post"}],"author":[{"embeddable":true,"href":"https:\/\/www.fuldaernachrichten.de\/index.php?rest_route=\/wp\/v2\/users\/1"}],"replies":[{"embeddable":true,"href":"https:\/\/www.fuldaernachrichten.de\/index.php?rest_route=%2Fwp%2Fv2%2Fcomments&post=110446"}],"version-history":[{"count":0,"href":"https:\/\/www.fuldaernachrichten.de\/index.php?rest_route=\/wp\/v2\/posts\/110446\/revisions"}],"wp:attachment":[{"href":"https:\/\/www.fuldaernachrichten.de\/index.php?rest_route=%2Fwp%2Fv2%2Fmedia&parent=110446"}],"wp:term":[{"taxonomy":"category","embeddable":true,"href":"https:\/\/www.fuldaernachrichten.de\/index.php?rest_route=%2Fwp%2Fv2%2Fcategories&post=110446"},{"taxonomy":"post_tag","embeddable":true,"href":"https:\/\/www.fuldaernachrichten.de\/index.php?rest_route=%2Fwp%2Fv2%2Ftags&post=110446"}],"curies":[{"name":"wp","href":"https:\/\/api.w.org\/{rel}","templated":true}]}}