{"id":110432,"date":"2013-06-24T00:16:51","date_gmt":"2013-06-24T00:16:51","guid":{"rendered":"http:\/\/www.fuldaer-nachrichten.de\/?p=110432"},"modified":"2013-06-24T07:18:09","modified_gmt":"2013-06-24T07:18:09","slug":"erste-runde-kunstwerkstatt-erfolgreiches-pilotprojekt-der-kinder-akademie-mit-unterstutzung-durch-caritas-stiftung","status":"publish","type":"post","link":"https:\/\/www.fuldaernachrichten.de\/?p=110432","title":{"rendered":"Erste Runde KunstWerkstatt: Erfolgreiches Pilotprojekt der Kinder-Akademie mit Unterst\u00fctzung durch Caritas-Stiftung"},"content":{"rendered":"<p><img decoding=\"async\" class=\"alignleft size-thumbnail wp-image-110434\" alt=\"CS_Eltern_Kinder_KunstWerkstatt_0613_IMG_0791\" src=\"http:\/\/www.fuldaer-nachrichten.de\/wp-content\/uploads\/2013\/06\/CS_Eltern_Kinder_KunstWerkstatt_0613_IMG_0791-265x176.jpg\" width=\"265\" height=\"176\" srcset=\"https:\/\/www.fuldaernachrichten.de\/wp-content\/uploads\/2013\/06\/CS_Eltern_Kinder_KunstWerkstatt_0613_IMG_0791-265x176.jpg 265w, https:\/\/www.fuldaernachrichten.de\/wp-content\/uploads\/2013\/06\/CS_Eltern_Kinder_KunstWerkstatt_0613_IMG_0791.jpg 600w\" sizes=\"(max-width: 265px) 100vw, 265px\" \/>Fulda. Im Beisein von Schuldezernent B\u00fcrgermeister Dr. Wolfgang Dippel und dem gesch\u00e4ftsf\u00fchrenden Vorstandsmitglied der Caritas-Stiftung, Malte Crome, beendete eine Dritte Klasse der Sturmiusschule ihren Durchgang einer einw\u00f6chigen KunstWerkstatt durch die Pr\u00e4sentation ihrer Kunst-Erkenntnisse und eigener Kunstproduktionen vor den Eltern. So berichteten die Kinder, wie sie sich zun\u00e4chst im Rahmen der Ausstellung \u201eVon der Natur der Malerei\u201c mit Arbeiten des Malers Thomas Kohl vertraut gemacht und sich anschlie\u00dfend mit weiteren K\u00fcnstlern und ihren Werken auseinander gesetzt haben.\u00c2\u00a0<!--more--><\/p>\n<p>Anschlie\u00dfend ging es dann selbst in die Natur. Die Kinder besch\u00e4ftigten sich mit verschiedenen Maltechniken und Motiven. So entstanden zum Beispiel Bilder von Seerosen, aber auch andere Motive aus Natur und den Lebensr\u00e4umen der Kinder.<\/p>\n<p><img decoding=\"async\" class=\"alignnone size-thumbnail wp-image-110433\" alt=\"CS_Crome_Dippel_Kunstpr\u00e4sentation_Kinder_0613_IMG_0803\" src=\"http:\/\/www.fuldaer-nachrichten.de\/wp-content\/uploads\/2013\/06\/CS_Crome_Dippel_Kunstpr\u00e4sentation_Kinder_0613_IMG_0803-265x176.jpg\" width=\"265\" height=\"176\" \/> <img decoding=\"async\" class=\"alignleft size-thumbnail wp-image-110435\" alt=\"CS_Vortrag_Kunst_Sch\u00fcler_0613_IMG_0778\" src=\"http:\/\/www.fuldaer-nachrichten.de\/wp-content\/uploads\/2013\/06\/CS_Vortrag_Kunst_Sch\u00fcler_0613_IMG_0778-265x176.jpg\" width=\"265\" height=\"176\" \/><\/p>\n<div>\n<p>Die Projektarbeit, welche die Kinder-Akademie Fulda zuk\u00fcnftig f\u00fcr m\u00f6glichst viele Sch\u00fclerinnen und Sch\u00fcler der dritten Klassen durchf\u00fchren m\u00f6chte, zielt darauf ab, nachhaltig das Interesse der Kinder f\u00fcr Kunst zu wecken und ihnen Wege aufzuzeigen, selbst kreativ zu werden. F\u00fcr die ersten zwei Durchg\u00e4nge \u2013 in der kommenden Woche wird noch eine weitere Dritte Klasse der Sturmiusschule die KunstWerkstatt durchlaufen \u2013 hatte die Caritas-Stiftung im Bistum Fulda die n\u00f6tigen Geldmittel zur Verf\u00fcgung gestellt. Malte Crome wandte sich direkt an die Kinder und unterstrich, es sei sch\u00f6n sichtbar, wie viel Spa\u00df sie an der Kunst und der k\u00fcnstlerischen Arbeit gehabt h\u00e4tten. Crome erg\u00e4nzte: \u201eUnd vielleicht macht ihr ja in Zukunft genau da ein bisschen weiter: in Ausstellungen gehen, Bilder anschauen und vor allem selber malen! Das lohnt sich f\u00fcr euch selbst und f\u00fcr die anderen, die die Bilder betrachten!\u201c<\/p>\n<p>B\u00fcrgermeister Dippel bedankte sich bei den Kindern f\u00fcr die lebendige Pr\u00e4sentation und unterstrich, dass er derartigen Projekten der Kinder-Akademie hohen Wert f\u00fcr die Bildung der Kinder beimesse und er daher auf eine Fortsetzung der KunstWerkst\u00e4tten hoffe.<\/p>\n<\/div>\n","protected":false},"excerpt":{"rendered":"<div class=\"tmnf_excerpt\"><p>Fulda. Im Beisein von Schuldezernent B\u00fcrgermeister Dr. Wolfgang Dippel und dem gesch\u00e4ftsf\u00fchrenden Vorstandsmitglied der Caritas-Stiftung, Malte Crome, beendete eine Dritte Klasse der Sturmiusschule ihren Durchgang einer einw\u00f6chigen KunstWerkstatt durch die Pr\u00e4sentation ihrer Kunst-Erkenntnisse und eigener Kunstproduktionen vor den Eltern. So berichteten die Kinder, wie sie sich zun\u00e4chst im Rahmen der Ausstellung \u201eVon der Natur der &hellip;<\/p>\n<\/div>","protected":false},"author":1,"featured_media":0,"comment_status":"closed","ping_status":"closed","sticky":false,"template":"","format":"standard","meta":{"footnotes":""},"categories":[1,53],"tags":[],"class_list":["post-110432","post","type-post","status-publish","format-standard","hentry","category-startseite","category-bildung"],"_links":{"self":[{"href":"https:\/\/www.fuldaernachrichten.de\/index.php?rest_route=\/wp\/v2\/posts\/110432","targetHints":{"allow":["GET"]}}],"collection":[{"href":"https:\/\/www.fuldaernachrichten.de\/index.php?rest_route=\/wp\/v2\/posts"}],"about":[{"href":"https:\/\/www.fuldaernachrichten.de\/index.php?rest_route=\/wp\/v2\/types\/post"}],"author":[{"embeddable":true,"href":"https:\/\/www.fuldaernachrichten.de\/index.php?rest_route=\/wp\/v2\/users\/1"}],"replies":[{"embeddable":true,"href":"https:\/\/www.fuldaernachrichten.de\/index.php?rest_route=%2Fwp%2Fv2%2Fcomments&post=110432"}],"version-history":[{"count":0,"href":"https:\/\/www.fuldaernachrichten.de\/index.php?rest_route=\/wp\/v2\/posts\/110432\/revisions"}],"wp:attachment":[{"href":"https:\/\/www.fuldaernachrichten.de\/index.php?rest_route=%2Fwp%2Fv2%2Fmedia&parent=110432"}],"wp:term":[{"taxonomy":"category","embeddable":true,"href":"https:\/\/www.fuldaernachrichten.de\/index.php?rest_route=%2Fwp%2Fv2%2Fcategories&post=110432"},{"taxonomy":"post_tag","embeddable":true,"href":"https:\/\/www.fuldaernachrichten.de\/index.php?rest_route=%2Fwp%2Fv2%2Ftags&post=110432"}],"curies":[{"name":"wp","href":"https:\/\/api.w.org\/{rel}","templated":true}]}}