{"id":110430,"date":"2013-06-24T00:14:40","date_gmt":"2013-06-24T00:14:40","guid":{"rendered":"http:\/\/www.fuldaer-nachrichten.de\/?p=110430"},"modified":"2013-06-24T17:03:36","modified_gmt":"2013-06-24T17:03:36","slug":"gwv-verabschiedet-zwei-verdiente-mitarbeiter-walter-bott-und-gregor-sauer","status":"publish","type":"post","link":"https:\/\/www.fuldaernachrichten.de\/?p=110430","title":{"rendered":"GWV verabschiedet zwei verdiente Mitarbeiter: Walter Bott und Gregor Sauer"},"content":{"rendered":"<div id=\"attachment_110431\" style=\"width: 275px\" class=\"wp-caption alignleft\"><img decoding=\"async\" aria-describedby=\"caption-attachment-110431\" class=\"size-thumbnail wp-image-110431\" alt=\"v.li. Vertriebsleiter Klaus Moll, Gesch\u00e4ftsf\u00fchrer Martin Heun, Gregor Sauer, Walter Bott, Technische Leiterin Sylvia Bienert und Betriebsrats\u00c2\u00acvorsitzender Andreas K\u00f6rber.\" src=\"http:\/\/www.fuldaer-nachrichten.de\/wp-content\/uploads\/2013\/06\/DSC_0378-265x175.jpg\" width=\"265\" height=\"175\" srcset=\"https:\/\/www.fuldaernachrichten.de\/wp-content\/uploads\/2013\/06\/DSC_0378-265x175.jpg 265w, https:\/\/www.fuldaernachrichten.de\/wp-content\/uploads\/2013\/06\/DSC_0378.jpg 592w\" sizes=\"(max-width: 265px) 100vw, 265px\" \/><p id=\"caption-attachment-110431\" class=\"wp-caption-text\">v.li. Vertriebsleiter Klaus Moll, Gesch\u00e4ftsf\u00fchrer Martin Heun, Gregor Sauer, Walter Bott, Technische Leiterin Sylvia Bienert und Betriebsrats\u00c2\u00acvorsitzender Andreas K\u00f6rber.<\/p><\/div>\n<p>Fulda. Im Rahmen einer betrieblichen Feier verabschiedeten sich Unternehmensleitung und Kollegen der GWV von den langj\u00e4hrigen Mitarbeitern Walter Bott und Gregor Sauer. Dabei unterstrichen die Redner die von allen anerkannte Kompetenz der beiden angehenden Ruhest\u00e4ndler und bezeichneten sie als allseits gesch\u00e4tzte Kollegen.<!--more--><\/p>\n<p><b>Walter Bott<\/b> absolvierte zwischen 1967 und 1971 eine Ausbildung zum Gas- und Wasserinstallateur bei einem heimischen Installateur, bei dem er dann \u2013 unterbrochen durch den Grundwehrdienst bei der Bundeswehr \u2013 bis zum Fr\u00fchjahr 1980 t\u00e4tig war. Im Mai 1980 kam Bott zur GWV und war hier lange Jahre im \u201eRohrnetz Wasser\u201c t\u00e4tig. Zu seinem Aufgabengebiet geh\u00f6rten die Betreuung und Abrechnung von Gas- und Wasser-Rohrnetzbaustellen, Neuverlegungen und Instandhaltungsarbeiten sowie die Wartung und Instandhaltung von Gassp\u00fcr- und Gaskonzentrationsmessger\u00e4ten. Von 1981 bis 2002 war Walter Bott im Bereitschaftsdienst eingesetzt, der f\u00fcr GWV-Kunden rund um die Uhr vorgehalten wird.<\/p>\n<p>Im Zuge einer betrieblichen Umorganisation wurde Herr Bott in den vergangenen Monaten im Aufgabengebiet \u201eSperrung von Gas- und Wasserz\u00e4hlern\u201c eingesetzt. Nach 33 Jahren im Dienste der GWV tritt Walter Bott zum 1. Juli 2013 die Freizeitphase der Altersteilsteilzeit an.<\/p>\n<p><b>Gregor Sauer <\/b>erlernte zwischen 1968 und 1972 bei einer Fuldaer Firma den Beruf des Zentralheizungsbauers. Anschlie\u00dfend war er mehrere Jahre bei einem Fachgro\u00dfhandel t\u00e4tig, bevor er im Dezember 1976 eine Stelle als Monteur im Gaskundendienst der GWV antrat. 1996 wechselte er in das Aufgabenfeld Energieberatung, wo ihm seine langj\u00e4hrige praktische Erfahrung zu Gute kam.<\/p>\n<p>Im Januar 2001 \u00fcbernahm er die neu geschaffene Stelle im Bereich Energiedienst-leistungen\/Industrieberatung\/Neue Technologien\u201c. Zu seinen Aufgaben als Industriekundenberater geh\u00f6rten u. a. die Planung und Durchf\u00fchrung von Contracting-Projekten. Durch seine Beratung wurden bei Gewerbekunden in Osthessen zahlreiche klimaschonende Blockheizkraftwerke errichtet. Seit 2012 widmete sich Gregor Sauer vor allem Preis- und Vertragsverhandlungen mit Neukunden in ganz Deutschland.<\/p>\n<p>Herr Sauer war 18 Jahre Arbeitnehmervertreter im GWV-Aufsichtsrat, davon vier Jahre als Vorsitzender. Am 1. Juni 2013 trat er die Teilzeitphase der Altersteilzeit an.<\/p>\n<p>Mehrere Redner w\u00fcrdigten den Einsatz der beiden angehenden Ruhest\u00e4ndler und w\u00fcnschten ihnen alles Gute f\u00fcr die Zukunft.<\/p>\n","protected":false},"excerpt":{"rendered":"<div class=\"tmnf_excerpt\"><p>Fulda. Im Rahmen einer betrieblichen Feier verabschiedeten sich Unternehmensleitung und Kollegen der GWV von den langj\u00e4hrigen Mitarbeitern Walter Bott und Gregor Sauer. Dabei unterstrichen die Redner die von allen anerkannte Kompetenz der beiden angehenden Ruhest\u00e4ndler und bezeichneten sie als allseits gesch\u00e4tzte Kollegen.<\/p>\n<\/div>","protected":false},"author":1,"featured_media":0,"comment_status":"closed","ping_status":"closed","sticky":false,"template":"","format":"standard","meta":{"footnotes":""},"categories":[1,29],"tags":[],"class_list":["post-110430","post","type-post","status-publish","format-standard","hentry","category-startseite","category-politik"],"_links":{"self":[{"href":"https:\/\/www.fuldaernachrichten.de\/index.php?rest_route=\/wp\/v2\/posts\/110430","targetHints":{"allow":["GET"]}}],"collection":[{"href":"https:\/\/www.fuldaernachrichten.de\/index.php?rest_route=\/wp\/v2\/posts"}],"about":[{"href":"https:\/\/www.fuldaernachrichten.de\/index.php?rest_route=\/wp\/v2\/types\/post"}],"author":[{"embeddable":true,"href":"https:\/\/www.fuldaernachrichten.de\/index.php?rest_route=\/wp\/v2\/users\/1"}],"replies":[{"embeddable":true,"href":"https:\/\/www.fuldaernachrichten.de\/index.php?rest_route=%2Fwp%2Fv2%2Fcomments&post=110430"}],"version-history":[{"count":1,"href":"https:\/\/www.fuldaernachrichten.de\/index.php?rest_route=\/wp\/v2\/posts\/110430\/revisions"}],"predecessor-version":[{"id":110493,"href":"https:\/\/www.fuldaernachrichten.de\/index.php?rest_route=\/wp\/v2\/posts\/110430\/revisions\/110493"}],"wp:attachment":[{"href":"https:\/\/www.fuldaernachrichten.de\/index.php?rest_route=%2Fwp%2Fv2%2Fmedia&parent=110430"}],"wp:term":[{"taxonomy":"category","embeddable":true,"href":"https:\/\/www.fuldaernachrichten.de\/index.php?rest_route=%2Fwp%2Fv2%2Fcategories&post=110430"},{"taxonomy":"post_tag","embeddable":true,"href":"https:\/\/www.fuldaernachrichten.de\/index.php?rest_route=%2Fwp%2Fv2%2Ftags&post=110430"}],"curies":[{"name":"wp","href":"https:\/\/api.w.org\/{rel}","templated":true}]}}