{"id":1104,"date":"2007-01-22T17:36:32","date_gmt":"2007-01-22T16:36:32","guid":{"rendered":"http:\/\/www.schoene-nachrichten.de\/?p=1104"},"modified":"2007-01-22T17:38:14","modified_gmt":"2007-01-22T16:38:14","slug":"verliebt-verlobt-verheiratet-hochzeitsmesse-in-grosenluder","status":"publish","type":"post","link":"https:\/\/www.fuldaernachrichten.de\/?p=1104","title":{"rendered":"Verliebt, verlobt, verheiratet &#8211; Hochzeitsmesse in Gro\u00dfenl\u00fcder"},"content":{"rendered":"<p><strong>Sch\u00f6nes aus Gro\u00dfenl\u00fcder.<\/strong> Verliebt, verlobt, verheiratet\u00e2\u20ac\u00a6Hochzeitsmessen liegen im Trend. Am vergangenen Wochenende fanden im Landkreis Fulda gleich zwei Hochzeitsmessen statt \u2013 im H\u00fcnfelder Zuse-Hotel und im L\u00fcderhaus in Gro\u00dfenl\u00fcder. Heiratswillige konnten sich dort \u00fcber Braut- und Festmode, passenden Schmuck und Dekorationsm\u00f6glichkeiten informieren und eine F\u00fclle von Anregungen mitnehmen. Sehen Sie dazu die Bilderserie von Wolfgang Habermehl, die gestern in Gro\u00dfenl\u00fcder entstand.<\/p>\n<p>\u00c2\u00a0<\/p>\n<p><strong>Fotos (15):<\/strong> Wolfgang Habermehl <a href=\"http:\/\/www.foto-fulda.de\/\" target=\"_blank\">http:\/\/www.foto-fulda.de\/<\/a><\/p>\n<p>\u00c2\u00a0<\/p>\n<p><a title=\"Fotos (15): Wolfgang Habermehl\" href=\"http:\/\/www.schoene-nachrichten.de\/wp-content\/uploads\/2007\/01\/070123_hochzeit_02.jpg\" target=\"_blank\"><img decoding=\"async\" id=\"image1090\" height=\"85\" alt=\"070123_hochzeit_02.jpg\" src=\"http:\/\/www.schoene-nachrichten.de\/wp-content\/uploads\/2007\/01\/070123_hochzeit_02.thumbnail.jpg\" \/><\/a>\u00c2\u00a0<a title=\"Fotos (15): Wolfgang Habermehl\" href=\"http:\/\/www.schoene-nachrichten.de\/wp-content\/uploads\/2007\/01\/070123_hochzeit_09.jpg\" target=\"_blank\"><img decoding=\"async\" id=\"image1097\" height=\"85\" alt=\"070123_hochzeit_09.jpg\" src=\"http:\/\/www.schoene-nachrichten.de\/wp-content\/uploads\/2007\/01\/070123_hochzeit_09.thumbnail.jpg\" \/><\/a>\u00c2\u00a0<a title=\"Fotos (15): Wolfgang Habermehl\" href=\"http:\/\/www.schoene-nachrichten.de\/wp-content\/uploads\/2007\/01\/070123_hochzeit_07.jpg\" target=\"_blank\"><img decoding=\"async\" id=\"image1095\" height=\"85\" alt=\"070123_hochzeit_07.jpg\" src=\"http:\/\/www.schoene-nachrichten.de\/wp-content\/uploads\/2007\/01\/070123_hochzeit_07.thumbnail.jpg\" \/><\/a><\/p>\n<p>\u00c2\u00a0<\/p>\n<p><!--more--><\/p>\n<p><a title=\"Fotos (15): Wolfgang Habermehl\" href=\"http:\/\/www.schoene-nachrichten.de\/wp-content\/uploads\/2007\/01\/070123_hochzeit_10.jpg\" target=\"_blank\"><img decoding=\"async\" id=\"image1098\" height=\"85\" alt=\"070123_hochzeit_10.jpg\" src=\"http:\/\/www.schoene-nachrichten.de\/wp-content\/uploads\/2007\/01\/070123_hochzeit_10.thumbnail.jpg\" \/><\/a>\u00c2\u00a0<a title=\"Fotos (15): Wolfgang Habermehl\" href=\"http:\/\/www.schoene-nachrichten.de\/wp-content\/uploads\/2007\/01\/070123_hochzeit_08.jpg\" target=\"_blank\"><img decoding=\"async\" id=\"image1096\" height=\"85\" alt=\"070123_hochzeit_08.jpg\" src=\"http:\/\/www.schoene-nachrichten.de\/wp-content\/uploads\/2007\/01\/070123_hochzeit_08.thumbnail.jpg\" \/><\/a>\u00c2\u00a0<a title=\"Fotos (15): Wolfgang Habermehl\" href=\"http:\/\/www.schoene-nachrichten.de\/wp-content\/uploads\/2007\/01\/070123_hochzeit_01.jpg\" target=\"_blank\"><img decoding=\"async\" id=\"image1089\" height=\"85\" alt=\"070123_hochzeit_01.jpg\" src=\"http:\/\/www.schoene-nachrichten.de\/wp-content\/uploads\/2007\/01\/070123_hochzeit_01.thumbnail.jpg\" \/><\/a><a class=\"imagelink\" title=\"070123_hochzeit_01.jpg\" href=\"http:\/\/www.schoene-nachrichten.de\/wp-content\/uploads\/2007\/01\/070123_hochzeit_01.jpg\" \/><\/p>\n<p><a title=\"Fotos (15): Wolfgang Habermehl\" href=\"http:\/\/www.schoene-nachrichten.de\/wp-content\/uploads\/2007\/01\/070123_hochzeit_04.jpg\" target=\"_blank\"><img decoding=\"async\" id=\"image1092\" height=\"85\" alt=\"070123_hochzeit_04.jpg\" src=\"http:\/\/www.schoene-nachrichten.de\/wp-content\/uploads\/2007\/01\/070123_hochzeit_04.thumbnail.jpg\" \/><\/a>\u00c2\u00a0<a title=\"Fotos (15): Wolfgang Habermehl\" href=\"http:\/\/www.schoene-nachrichten.de\/wp-content\/uploads\/2007\/01\/070123_hochzeit_03.jpg\" target=\"_blank\"><img decoding=\"async\" id=\"image1091\" height=\"85\" alt=\"070123_hochzeit_03.jpg\" src=\"http:\/\/www.schoene-nachrichten.de\/wp-content\/uploads\/2007\/01\/070123_hochzeit_03.thumbnail.jpg\" \/><\/a>\u00c2\u00a0<a title=\"Fotos (15): Wolfgang Habermehl\" href=\"http:\/\/www.schoene-nachrichten.de\/wp-content\/uploads\/2007\/01\/070123_hochzeit_06.jpg\" target=\"_blank\"><img decoding=\"async\" id=\"image1094\" height=\"85\" alt=\"070123_hochzeit_06.jpg\" src=\"http:\/\/www.schoene-nachrichten.de\/wp-content\/uploads\/2007\/01\/070123_hochzeit_06.thumbnail.jpg\" \/><\/a><\/p>\n<p><a title=\"Fotos (15): Wolfgang Habermehl\" href=\"http:\/\/www.schoene-nachrichten.de\/wp-content\/uploads\/2007\/01\/070123_hochzeit_05.jpg\" target=\"_blank\"><img decoding=\"async\" id=\"image1093\" height=\"85\" alt=\"070123_hochzeit_05.jpg\" src=\"http:\/\/www.schoene-nachrichten.de\/wp-content\/uploads\/2007\/01\/070123_hochzeit_05.thumbnail.jpg\" \/><\/a>\u00c2\u00a0<a title=\"Fotos (15): Wolfgang Habermehl\" href=\"http:\/\/www.schoene-nachrichten.de\/wp-content\/uploads\/2007\/01\/070123_hochzeit_13.jpg\" target=\"_blank\"><img decoding=\"async\" id=\"image1101\" height=\"85\" alt=\"070123_hochzeit_13.jpg\" src=\"http:\/\/www.schoene-nachrichten.de\/wp-content\/uploads\/2007\/01\/070123_hochzeit_13.thumbnail.jpg\" \/><\/a>\u00c2\u00a0<a title=\"Fotos (15): Wolfgang Habermehl\" href=\"http:\/\/www.schoene-nachrichten.de\/wp-content\/uploads\/2007\/01\/070123_hochzeit_11.jpg\" target=\"_blank\"><img decoding=\"async\" id=\"image1099\" height=\"85\" alt=\"070123_hochzeit_11.jpg\" src=\"http:\/\/www.schoene-nachrichten.de\/wp-content\/uploads\/2007\/01\/070123_hochzeit_11.thumbnail.jpg\" \/><\/a><\/p>\n<p><a title=\"Fotos (15): Wolfgang Habermehl\" href=\"http:\/\/www.schoene-nachrichten.de\/wp-content\/uploads\/2007\/01\/070123_hochzeit_15.jpg\" target=\"_blank\"><img decoding=\"async\" id=\"image1103\" height=\"85\" alt=\"070123_hochzeit_15.jpg\" src=\"http:\/\/www.schoene-nachrichten.de\/wp-content\/uploads\/2007\/01\/070123_hochzeit_15.thumbnail.jpg\" \/><\/a>\u00c2\u00a0<a title=\"Fotos (15): Wolfgang Habermehl\" href=\"http:\/\/www.schoene-nachrichten.de\/wp-content\/uploads\/2007\/01\/070123_hochzeit_12.jpg\" target=\"_blank\"><img decoding=\"async\" id=\"image1100\" height=\"85\" alt=\"070123_hochzeit_12.jpg\" src=\"http:\/\/www.schoene-nachrichten.de\/wp-content\/uploads\/2007\/01\/070123_hochzeit_12.thumbnail.jpg\" \/><\/a>\u00c2\u00a0<a title=\"Fotos (15): Wolfgang Habermehl\" href=\"http:\/\/www.schoene-nachrichten.de\/wp-content\/uploads\/2007\/01\/070123_hochzeit_14.jpg\" target=\"_blank\"><img decoding=\"async\" id=\"image1102\" height=\"85\" alt=\"070123_hochzeit_14.jpg\" src=\"http:\/\/www.schoene-nachrichten.de\/wp-content\/uploads\/2007\/01\/070123_hochzeit_14.thumbnail.jpg\" \/><\/a><a class=\"imagelink\" title=\"070123_hochzeit_14.jpg\" href=\"http:\/\/www.schoene-nachrichten.de\/wp-content\/uploads\/2007\/01\/070123_hochzeit_14.jpg\" \/><\/p>\n","protected":false},"excerpt":{"rendered":"<div class=\"tmnf_excerpt\"><p>Sch\u00f6nes aus Gro\u00dfenl\u00fcder. Verliebt, verlobt, verheiratet\u00e2\u20ac\u00a6Hochzeitsmessen liegen im Trend. Am vergangenen Wochenende fanden im Landkreis Fulda gleich zwei Hochzeitsmessen statt \u2013 im H\u00fcnfelder Zuse-Hotel und im L\u00fcderhaus in Gro\u00dfenl\u00fcder. Heiratswillige konnten sich dort \u00fcber Braut- und Festmode, passenden Schmuck und Dekorationsm\u00f6glichkeiten informieren und eine F\u00fclle von Anregungen mitnehmen. Sehen Sie dazu die Bilderserie von Wolfgang &hellip;<\/p>\n<\/div>","protected":false},"author":1,"featured_media":0,"comment_status":"closed","ping_status":"closed","sticky":false,"template":"","format":"standard","meta":{"footnotes":""},"categories":[1,54,44],"tags":[],"class_list":["post-1104","post","type-post","status-publish","format-standard","hentry","category-startseite","category-bildergalerien","category-kultur"],"_links":{"self":[{"href":"https:\/\/www.fuldaernachrichten.de\/index.php?rest_route=\/wp\/v2\/posts\/1104","targetHints":{"allow":["GET"]}}],"collection":[{"href":"https:\/\/www.fuldaernachrichten.de\/index.php?rest_route=\/wp\/v2\/posts"}],"about":[{"href":"https:\/\/www.fuldaernachrichten.de\/index.php?rest_route=\/wp\/v2\/types\/post"}],"author":[{"embeddable":true,"href":"https:\/\/www.fuldaernachrichten.de\/index.php?rest_route=\/wp\/v2\/users\/1"}],"replies":[{"embeddable":true,"href":"https:\/\/www.fuldaernachrichten.de\/index.php?rest_route=%2Fwp%2Fv2%2Fcomments&post=1104"}],"version-history":[{"count":0,"href":"https:\/\/www.fuldaernachrichten.de\/index.php?rest_route=\/wp\/v2\/posts\/1104\/revisions"}],"wp:attachment":[{"href":"https:\/\/www.fuldaernachrichten.de\/index.php?rest_route=%2Fwp%2Fv2%2Fmedia&parent=1104"}],"wp:term":[{"taxonomy":"category","embeddable":true,"href":"https:\/\/www.fuldaernachrichten.de\/index.php?rest_route=%2Fwp%2Fv2%2Fcategories&post=1104"},{"taxonomy":"post_tag","embeddable":true,"href":"https:\/\/www.fuldaernachrichten.de\/index.php?rest_route=%2Fwp%2Fv2%2Ftags&post=1104"}],"curies":[{"name":"wp","href":"https:\/\/api.w.org\/{rel}","templated":true}]}}