{"id":110366,"date":"2013-06-21T00:12:05","date_gmt":"2013-06-21T00:12:05","guid":{"rendered":"http:\/\/www.fuldaer-nachrichten.de\/?p=110366"},"modified":"2013-06-21T05:46:10","modified_gmt":"2013-06-21T05:46:10","slug":"kreisjugendfeuerwehrtag-in-tann-rhon","status":"publish","type":"post","link":"https:\/\/www.fuldaernachrichten.de\/?p=110366","title":{"rendered":"Kreisjugendfeuerwehrtag in Tann (Rh\u00f6n)"},"content":{"rendered":"<p><img decoding=\"async\" class=\"alignleft size-thumbnail wp-image-110367\" alt=\"DSC_0421_1\" src=\"http:\/\/www.fuldaer-nachrichten.de\/wp-content\/uploads\/2013\/06\/DSC_0421_1-265x175.jpg\" width=\"265\" height=\"175\" srcset=\"https:\/\/www.fuldaernachrichten.de\/wp-content\/uploads\/2013\/06\/DSC_0421_1-265x175.jpg 265w, https:\/\/www.fuldaernachrichten.de\/wp-content\/uploads\/2013\/06\/DSC_0421_1.jpg 600w\" sizes=\"(max-width: 265px) 100vw, 265px\" \/>Tann. Am 30. Juni 2013 findet in Tann, einer der staatlich anerkannten Luftkurorte, mitten im landschaftlich reizvollen Ulstertal des Naturparks Rh\u00f6n, der Kreisjugendfeuerwehrtag im Landkreis Fulda statt. Die Innenstadt Tanns wird an diesem Tag zu einer Feuerwehrmeile umfunktioniert und wird ganz in den H\u00e4nden der Jugendfeuerwehren sein. Die l\u00e4ngste Spielstra\u00dfe im Kreis Fulda mit vielen Spielen, Darstellungen und Mitmachaktionen wird den Besuchern geboten. In diesem Zusammenhang gibt es einen Spielpass, der bei jeder Aktionsteilnahme abgestempelt wird. Wenn man mindestens16 Stempel gesammelt hat, kann man den Pass zur Verlosung abgeben. Gegen 16.00 Uhr findet dann die Ziehung der Sieger am Marktplatz statt. Hier gibt es eine ganze Menge wertvoller Preise zu gewinnen.<!--more--><\/p>\n<p>Viele Feuerwehrfahrzeuge werden im Rahmen einer Fahrzeug- und Ger\u00e4teschau vorgestellt. Verschiedene Hilfsorganisationen, \u00f6rtliche Vereine und Institutionen, wie das Technische Hilfswerk (THW), die Deutsche Lebens-Rettungs-Gesellschaft (DLRG), die Polizei, die Unfallkasse Hessen (UKH) mit einer halbst\u00fcndlichen Vorf\u00fchrung eines Melonen-Crash-Tests (Helm-Test) sowie die BRH-Rettungshundestaffel Fulda werden sich an diesen Tag vorstellen. Diese wird ebenfalls in regelm\u00e4\u00dfigen Abst\u00e4nden mit ihren Vorf\u00fchrungen begeistern. Zudem landet an diesem Tag zu Demonstrationszwecken und Veranschaulichung der Rettungshubschrauber &#8220;Christoph 28&#8221; aus Fulda.<br \/>\nWeiterhin werden \u00fcber den ganzen Tag verschiedene Einsatzsituationen an Hand von \u00dcbungen demonstriert. Die Veranstaltung beginnt mit der Begr\u00fc\u00dfung um 10.00 Uhr auf dem Marktplatz in Tann. Informationen auch im Web unter www.KJF-Fulda.org.<\/p>\n<p><b>Bundeswettbewerb der Jugendfeuerwehren im Landkreis Fulda<\/b><\/p>\n<p>Einen Tag zuvor, am Samstag, 29. Juni 2013, findet am Sportplatz in Tann der Bundeswettbewerb der Kreisjugendfeuerwehr Fulda statt. Hier geht es im Wettbewerb um den Wanderpokal des Landkreises Fulda. Beginn ist um 10.00 Uhr und die Siegerehrung ist f\u00fcr 15.30 Uhr geplant.<\/p>\n<p>&nbsp;<\/p>\n","protected":false},"excerpt":{"rendered":"<div class=\"tmnf_excerpt\"><p>Tann. Am 30. Juni 2013 findet in Tann, einer der staatlich anerkannten Luftkurorte, mitten im landschaftlich reizvollen Ulstertal des Naturparks Rh\u00f6n, der Kreisjugendfeuerwehrtag im Landkreis Fulda statt. Die Innenstadt Tanns wird an diesem Tag zu einer Feuerwehrmeile umfunktioniert und wird ganz in den H\u00e4nden der Jugendfeuerwehren sein. Die l\u00e4ngste Spielstra\u00dfe im Kreis Fulda mit vielen &hellip;<\/p>\n<\/div>","protected":false},"author":1,"featured_media":0,"comment_status":"closed","ping_status":"closed","sticky":false,"template":"","format":"standard","meta":{"footnotes":""},"categories":[1,71],"tags":[],"class_list":["post-110366","post","type-post","status-publish","format-standard","hentry","category-startseite","category-feuerwehr"],"_links":{"self":[{"href":"https:\/\/www.fuldaernachrichten.de\/index.php?rest_route=\/wp\/v2\/posts\/110366","targetHints":{"allow":["GET"]}}],"collection":[{"href":"https:\/\/www.fuldaernachrichten.de\/index.php?rest_route=\/wp\/v2\/posts"}],"about":[{"href":"https:\/\/www.fuldaernachrichten.de\/index.php?rest_route=\/wp\/v2\/types\/post"}],"author":[{"embeddable":true,"href":"https:\/\/www.fuldaernachrichten.de\/index.php?rest_route=\/wp\/v2\/users\/1"}],"replies":[{"embeddable":true,"href":"https:\/\/www.fuldaernachrichten.de\/index.php?rest_route=%2Fwp%2Fv2%2Fcomments&post=110366"}],"version-history":[{"count":0,"href":"https:\/\/www.fuldaernachrichten.de\/index.php?rest_route=\/wp\/v2\/posts\/110366\/revisions"}],"wp:attachment":[{"href":"https:\/\/www.fuldaernachrichten.de\/index.php?rest_route=%2Fwp%2Fv2%2Fmedia&parent=110366"}],"wp:term":[{"taxonomy":"category","embeddable":true,"href":"https:\/\/www.fuldaernachrichten.de\/index.php?rest_route=%2Fwp%2Fv2%2Fcategories&post=110366"},{"taxonomy":"post_tag","embeddable":true,"href":"https:\/\/www.fuldaernachrichten.de\/index.php?rest_route=%2Fwp%2Fv2%2Ftags&post=110366"}],"curies":[{"name":"wp","href":"https:\/\/api.w.org\/{rel}","templated":true}]}}