{"id":110290,"date":"2013-06-18T00:15:54","date_gmt":"2013-06-18T00:15:54","guid":{"rendered":"http:\/\/www.fuldaer-nachrichten.de\/?p=110290"},"modified":"2013-06-18T07:10:43","modified_gmt":"2013-06-18T07:10:43","slug":"200-einsatzkrafte-uben-im-gieseler-forst-landkreis-fulda-will-strukturen-im-katastrophenschutz-weiter-optimieren","status":"publish","type":"post","link":"https:\/\/www.fuldaernachrichten.de\/?p=110290","title":{"rendered":"200 Einsatzkr\u00e4fte \u00fcben im Gieseler Forst &#8211; Landkreis Fulda will Strukturen im Katastrophenschutz weiter optimieren"},"content":{"rendered":"<p>Neuhof-Giesel. Am kommenden Samstagvormittag findet im Gieseler Forst eine gro\u00dfe Waldbrand-\u00dcbung mit rund 200 Einsatzkr\u00e4ften statt. Die \u00dcbung dient der Vorbereitung auf m\u00f6gliche Waldbrandkatastrophen und wird federf\u00fchrend vom Gefahrenabwehrzentrum des Landkreises Fulda beim Kreisgesundheitsamt durchgef\u00fchrt.<!--more--><\/p>\n<p>Planung und \u00dcbungsleitung liegen in den H\u00e4nden der Sachbearbeiter Katastrophenschutz, Frank Reith, und Einsatzplanung, Uwe Heinel. Die Einsatzleitung hat der Gemeindebrandinspektor der Gemeinde Neuhof, Hubert M\u00f6ller. Weitere Beteiligte sind die Freiwilligen Feuerwehren aus Bad Salzschlirf, Eichenzell, Flieden, Gersfeld, Gro\u00dfenl\u00fcder, Hilders, Hosenfeld, Kalbach und Neuhof, die Werkfeuerwehr von Kali&amp;Salz, der Malteser Hilfsdienst aus Hosenfeld-Blankenau, der DRK-Ortsverband Neuhof sowie das THW aus Neuhof.<\/p>\n<p>Das \u00dcbungsszenario sieht vor, dass es bei Forstarbeiten im Bereich n\u00f6rdlich von Dorfborn zu einem technischen Defekt an einer Forstmaschine gekommen ist. Dadurch wurde Funkenflug ausgel\u00f6st, der ein Bodenfeuer entz\u00fcndet hat, das sich durch die hei\u00dfen Temperaturen und das sehr trockene Ge\u00e4st weiter ausbreitet. Seit dem Vorfall werden zwei Personen vermisst, und es muss davon ausgegangen, dass diese sich in einer bedrohlichen Lage befinden. Es werden somit Einsatzkr\u00e4fte und technisches Ger\u00e4t ben\u00f6tigt, um die Personen zu retten.<\/p>\n<p>Bei der Gefahrenabwehr haben Vermisstensuche und Menschenrettung durch die ersten am Einsatzort eintreffenden Einheiten oberste Priorit\u00e4t. Freie oder sp\u00e4ter am Ungl\u00fccksort eintreffende Einsatzkr\u00e4fte sorgen f\u00fcr die schnellstm\u00f6gliche Herstellung einer Wasserversorgung. Hierf\u00fcr wird ein in der N\u00e4he befindlicher Teich als Wasserentnahmestelle genutzt. Im Rahmen der Brandbek\u00e4mpfung ist auch vorgesehen, eine Riegelstellung zu errichten, damit ein Feuer\u00fcbersprung auf die angrenzende Kiefernschonung verhindert werden kann.<\/p>\n<p>Die an der \u00dcbung beteiligten Einheiten finden sich zur festgelegten Uhrzeit in ihren Unterk\u00fcnften ein und warten auf den Einsatzbefehl, der per Funk \u00fcbermittelt wird. Von dort begeben sie sich direkt zum \u00dcbungsort, wo vier Einsatzabschnitte gebildet werden. Im Realfall w\u00fcrde eine Alarmierung von Einsatzkr\u00e4ften durch die Leitstelle in Fulda erfolgen. Die \u00dcbung, von der sich die Verantwortlichen weitere Hinweise f\u00fcr eine Optimierung der Strukturen bei Waldbr\u00e4nden erhoffen, endet gegen 13 Uhr mit einem gemeinsamen Mittagessen.<\/p>\n","protected":false},"excerpt":{"rendered":"<div class=\"tmnf_excerpt\"><p>Neuhof-Giesel. Am kommenden Samstagvormittag findet im Gieseler Forst eine gro\u00dfe Waldbrand-\u00dcbung mit rund 200 Einsatzkr\u00e4ften statt. Die \u00dcbung dient der Vorbereitung auf m\u00f6gliche Waldbrandkatastrophen und wird federf\u00fchrend vom Gefahrenabwehrzentrum des Landkreises Fulda beim Kreisgesundheitsamt durchgef\u00fchrt.<\/p>\n<\/div>","protected":false},"author":1,"featured_media":0,"comment_status":"closed","ping_status":"closed","sticky":false,"template":"","format":"standard","meta":{"footnotes":""},"categories":[1,71],"tags":[],"class_list":["post-110290","post","type-post","status-publish","format-standard","hentry","category-startseite","category-feuerwehr"],"_links":{"self":[{"href":"https:\/\/www.fuldaernachrichten.de\/index.php?rest_route=\/wp\/v2\/posts\/110290","targetHints":{"allow":["GET"]}}],"collection":[{"href":"https:\/\/www.fuldaernachrichten.de\/index.php?rest_route=\/wp\/v2\/posts"}],"about":[{"href":"https:\/\/www.fuldaernachrichten.de\/index.php?rest_route=\/wp\/v2\/types\/post"}],"author":[{"embeddable":true,"href":"https:\/\/www.fuldaernachrichten.de\/index.php?rest_route=\/wp\/v2\/users\/1"}],"replies":[{"embeddable":true,"href":"https:\/\/www.fuldaernachrichten.de\/index.php?rest_route=%2Fwp%2Fv2%2Fcomments&post=110290"}],"version-history":[{"count":0,"href":"https:\/\/www.fuldaernachrichten.de\/index.php?rest_route=\/wp\/v2\/posts\/110290\/revisions"}],"wp:attachment":[{"href":"https:\/\/www.fuldaernachrichten.de\/index.php?rest_route=%2Fwp%2Fv2%2Fmedia&parent=110290"}],"wp:term":[{"taxonomy":"category","embeddable":true,"href":"https:\/\/www.fuldaernachrichten.de\/index.php?rest_route=%2Fwp%2Fv2%2Fcategories&post=110290"},{"taxonomy":"post_tag","embeddable":true,"href":"https:\/\/www.fuldaernachrichten.de\/index.php?rest_route=%2Fwp%2Fv2%2Ftags&post=110290"}],"curies":[{"name":"wp","href":"https:\/\/api.w.org\/{rel}","templated":true}]}}