{"id":110009,"date":"2013-06-12T00:12:00","date_gmt":"2013-06-12T00:12:00","guid":{"rendered":"http:\/\/www.fuldaer-nachrichten.de\/?p=110009"},"modified":"2013-06-12T07:02:02","modified_gmt":"2013-06-12T07:02:02","slug":"mobile-rauchverschlusse-an-die-feuerwehren-der-grosgemeinde-flieden-ubergeben","status":"publish","type":"post","link":"https:\/\/www.fuldaernachrichten.de\/?p=110009","title":{"rendered":"mobile Rauchverschl\u00fcsse an die Feuerwehren der Gro\u00dfgemeinde Flieden \u00fcbergeben"},"content":{"rendered":"<p><img decoding=\"async\" class=\"alignleft size-thumbnail wp-image-110010\" alt=\"IMG_7161\" src=\"http:\/\/www.fuldaer-nachrichten.de\/wp-content\/uploads\/2013\/06\/IMG_7161-265x176.jpg\" width=\"265\" height=\"176\" srcset=\"https:\/\/www.fuldaernachrichten.de\/wp-content\/uploads\/2013\/06\/IMG_7161-265x176.jpg 265w, https:\/\/www.fuldaernachrichten.de\/wp-content\/uploads\/2013\/06\/IMG_7161.jpg 592w\" sizes=\"(max-width: 265px) 100vw, 265px\" \/>Flieden. Die Freiwilligen Feuerwehren von Flieden freuten sich \u00fcber die neuen kostenlosen Rauchverschl\u00fcsse der SV Sparkassen-Versicherung. Insgesamt sieben Verschl\u00fcsse konnte B\u00fcrgermeister Christian Henkel f\u00fcr seine Feuerwehren vom Agenturleiter der Sparkassenversicherung, Herrn Daniel Reiprich, entgegennehmen. Moderne L\u00f6schtaktiken reduzieren Personen- und Sachsch\u00e4den. Mit dem Projekt &#8220;Mobile Rauchverschl\u00fcsse&#8221; unterst\u00fctzt die SV Sparkassen Versicherung diese Zielsetzung der Feuerwehr. Dieser mobile Rauchverschluss versetzt die Feuerwehr in die Lage, die Ausbreitung von Brandrauch sehr viel besser zu kontrollieren und zu begrenzen.<!--more--><\/p>\n<p>Oftmals geht die Feuerwehr bei Brandeins\u00e4tzen in mehrgeschossigen Geb\u00e4uden \u00fcber den Treppenraum vor. Hierbei besteht die Gefahr, dass durch das \u00d6ffnen der T\u00fcren der Rettungsweg f\u00fcr fliehende Menschen durch die Ausbreitung von giftig hei\u00dfem Brandrauch gef\u00e4hrdet wird. Mit einem mobilen Rauchverschluss lassen sich rauchfreie Treppenr\u00e4ume als Rettungswege sicherstellen, Rauchgasinhalationen werden reduziert, kritische Einsatzsituationen entsch\u00e4rft und umfangreiche Sachsch\u00e4den verhindern.<\/p>\n<p><img fetchpriority=\"high\" decoding=\"async\" class=\"alignleft size-thumbnail wp-image-110011\" alt=\"IMG_7169\" src=\"http:\/\/www.fuldaer-nachrichten.de\/wp-content\/uploads\/2013\/06\/IMG_7169-265x397.jpg\" width=\"265\" height=\"397\" srcset=\"https:\/\/www.fuldaernachrichten.de\/wp-content\/uploads\/2013\/06\/IMG_7169-265x397.jpg 265w, https:\/\/www.fuldaernachrichten.de\/wp-content\/uploads\/2013\/06\/IMG_7169-176x265.jpg 176w, https:\/\/www.fuldaernachrichten.de\/wp-content\/uploads\/2013\/06\/IMG_7169.jpg 399w\" sizes=\"(max-width: 265px) 100vw, 265px\" \/> <img decoding=\"async\" class=\"alignleft size-thumbnail wp-image-110012\" alt=\"IMG_7172\" src=\"http:\/\/www.fuldaer-nachrichten.de\/wp-content\/uploads\/2013\/06\/IMG_7172-265x397.jpg\" width=\"265\" height=\"397\" srcset=\"https:\/\/www.fuldaernachrichten.de\/wp-content\/uploads\/2013\/06\/IMG_7172-265x397.jpg 265w, https:\/\/www.fuldaernachrichten.de\/wp-content\/uploads\/2013\/06\/IMG_7172-176x265.jpg 176w, https:\/\/www.fuldaernachrichten.de\/wp-content\/uploads\/2013\/06\/IMG_7172.jpg 399w\" sizes=\"(max-width: 265px) 100vw, 265px\" \/><\/p>\n<p>Der Rauchverschluss besteht aus schwer entflammbarem Gewebe, das mit Klettverbindungen an einen Metallrahmen befestigt ist. Der Rahmen kann beim Auseinanderziehen unabh\u00e4ngig von der T\u00fcrbreite leicht und schnell in eine optimale Position gebracht werden. Der Rauchverschluss ben\u00f6tigt nur wenige Sekunden Einbauzeit und findet auf jedem Feuerwehrfahrzeug Platz. Nach dem Ausbau ist der Rauchverschluss einfach zu reinigen, hat keine Verbrauchs- oder Verschlei\u00dfteile und hinterl\u00e4sst keine Sch\u00e4den am T\u00fcrrahmen.<\/p>\n<p>B\u00fcrgermeister Christian Henkel und stellv. Gemeindebrandinspektor Andreas Friedrich bedankten sich im Namen der Feuerwehr Flieden und der Gemeinde auf diesem Wege f\u00fcr die Spende der Sparkassen Versicherung.<\/p>\n<p>Henkel betonte, dass durch den Einsatz im Brandfall Sch\u00e4den verringert werden k\u00f6nnten, was sicher auch im Sinne der Versicherung sei. Die Rauchverschl\u00fcsse seien ein weiterer Bestandteil f\u00fcr mehr Sicherheit f\u00fcr die B\u00fcrgerinnen und B\u00fcrger von Flieden. Zudem zeige die Versicherung mit der Gabe ihre Anerkennung der vielf\u00e4ltigen Arbeit der ehrenamtlichen Feuerwehrleute in den Ortsteilen.<\/p>\n<p>Anschlie\u00dfend demonstrierten zwei Feuerwehrkameraden unter Atemschutz mit Erkl\u00e4rung von Andreas Friedrich den Einsatz der Rauchverschl\u00fcsse.<\/p>\n<p>Hierzu wurde ein Raum im Feuerwehrhaus Flieden vernebelt. Als erster Rauch durch die verschlossene T\u00fcr drang, wurde der Verschluss im T\u00fcrrahmen angebracht, danach die T\u00fcr ge\u00f6ffnet. Man konnte erkennen, dass so erheblich Rauch zur\u00fcckgehalten wurde und die Einsatzkr\u00e4fte problemloser in den Raum hinein konnten.<\/p>\n<p>&nbsp;<\/p>\n<p>&nbsp;<\/p>\n","protected":false},"excerpt":{"rendered":"<div class=\"tmnf_excerpt\"><p>Flieden. Die Freiwilligen Feuerwehren von Flieden freuten sich \u00fcber die neuen kostenlosen Rauchverschl\u00fcsse der SV Sparkassen-Versicherung. Insgesamt sieben Verschl\u00fcsse konnte B\u00fcrgermeister Christian Henkel f\u00fcr seine Feuerwehren vom Agenturleiter der Sparkassenversicherung, Herrn Daniel Reiprich, entgegennehmen. Moderne L\u00f6schtaktiken reduzieren Personen- und Sachsch\u00e4den. Mit dem Projekt &#8220;Mobile Rauchverschl\u00fcsse&#8221; unterst\u00fctzt die SV Sparkassen Versicherung diese Zielsetzung der Feuerwehr. Dieser &hellip;<\/p>\n<\/div>","protected":false},"author":1,"featured_media":0,"comment_status":"closed","ping_status":"closed","sticky":false,"template":"","format":"standard","meta":{"footnotes":""},"categories":[1,71],"tags":[],"class_list":["post-110009","post","type-post","status-publish","format-standard","hentry","category-startseite","category-feuerwehr"],"_links":{"self":[{"href":"https:\/\/www.fuldaernachrichten.de\/index.php?rest_route=\/wp\/v2\/posts\/110009","targetHints":{"allow":["GET"]}}],"collection":[{"href":"https:\/\/www.fuldaernachrichten.de\/index.php?rest_route=\/wp\/v2\/posts"}],"about":[{"href":"https:\/\/www.fuldaernachrichten.de\/index.php?rest_route=\/wp\/v2\/types\/post"}],"author":[{"embeddable":true,"href":"https:\/\/www.fuldaernachrichten.de\/index.php?rest_route=\/wp\/v2\/users\/1"}],"replies":[{"embeddable":true,"href":"https:\/\/www.fuldaernachrichten.de\/index.php?rest_route=%2Fwp%2Fv2%2Fcomments&post=110009"}],"version-history":[{"count":1,"href":"https:\/\/www.fuldaernachrichten.de\/index.php?rest_route=\/wp\/v2\/posts\/110009\/revisions"}],"predecessor-version":[{"id":110013,"href":"https:\/\/www.fuldaernachrichten.de\/index.php?rest_route=\/wp\/v2\/posts\/110009\/revisions\/110013"}],"wp:attachment":[{"href":"https:\/\/www.fuldaernachrichten.de\/index.php?rest_route=%2Fwp%2Fv2%2Fmedia&parent=110009"}],"wp:term":[{"taxonomy":"category","embeddable":true,"href":"https:\/\/www.fuldaernachrichten.de\/index.php?rest_route=%2Fwp%2Fv2%2Fcategories&post=110009"},{"taxonomy":"post_tag","embeddable":true,"href":"https:\/\/www.fuldaernachrichten.de\/index.php?rest_route=%2Fwp%2Fv2%2Ftags&post=110009"}],"curies":[{"name":"wp","href":"https:\/\/api.w.org\/{rel}","templated":true}]}}