{"id":109872,"date":"2013-06-10T00:11:13","date_gmt":"2013-06-10T00:11:13","guid":{"rendered":"http:\/\/www.fuldaer-nachrichten.de\/?p=109872"},"modified":"2013-06-10T06:59:50","modified_gmt":"2013-06-10T06:59:50","slug":"grosenluder-bimbach-1-gewinnt-kreisentscheid-der-feuerwehrleistungsubung","status":"publish","type":"post","link":"https:\/\/www.fuldaernachrichten.de\/?p=109872","title":{"rendered":"Gro\u00dfenl\u00fcder-Bimbach (1) gewinnt Kreisentscheid der Feuerwehrleistungs\u00fcbung"},"content":{"rendered":"<p><img fetchpriority=\"high\" decoding=\"async\" class=\"alignleft size-thumbnail wp-image-109873\" alt=\"Siegerteam-Gro\u00dfenlu\u00cc\u02c6der-Bimbach-1\" src=\"http:\/\/www.fuldaer-nachrichten.de\/wp-content\/uploads\/2013\/06\/Siegerteam-Gro\u00dfenlu\u00cc\u02c6der-Bimbach-1-265x198.jpg\" width=\"265\" height=\"198\" \/>Petersberg. Bei der gestrigen Feuerwehrleistungs\u00fcbung auf Landkreisebene, die in Petersberg stattfand, hatte die Mannschaft 1 von Gro\u00dfenl\u00fcder-Bimbach am Ende knapp \u201edie Nase vorn\u201c und konnte als Sieger (Foto links) den Pokal des Landkreises Fulda entgegen nehmen.<!--more--><\/p>\n<p>Aber nicht nur bei Bimbach war die Freude riesengro\u00df, auch die sechs nachfolgenden Teams freuten sich m\u00e4chtig \u00fcber ihr Abschneiden. Neben Bimbach qualifizierten sich auch Ebersburg-Ried (1), H\u00fcnfeld-Michelsrombach (2) H\u00fcnfeld-Gro\u00dfenbach (1), Flieden-Magdlos, Eiterfeld-Gro\u00dfentaft (1) sowie Flieden-R\u00fcckers (2) f\u00fcr den Entscheid auf Ebene des Regierungsbezirks Kassel. Diese sieben Feuerwehren messen sich dann am 29.06. in Wehretal-Reichensachsen (Werra-Mei\u00dfner-Kreis) mit den Siegerteams aus den \u00fcbrigen Landkreisen des Regierungsbezirks.<\/p>\n<p><img decoding=\"async\" class=\"alignleft size-thumbnail wp-image-109874\" alt=\"Einheitsfu\u00cc\u02c6hrer-der-sieben-besten-Teams\" src=\"http:\/\/www.fuldaer-nachrichten.de\/wp-content\/uploads\/2013\/06\/Einheitsfu\u00cc\u02c6hrer-der-sieben-besten-Teams-265x198.jpg\" width=\"265\" height=\"198\" \/> <img decoding=\"async\" class=\"alignnone size-thumbnail wp-image-109875\" alt=\"kfv_fwlue2013_Lo\u00cc\u02c6schangriff\" src=\"http:\/\/www.fuldaer-nachrichten.de\/wp-content\/uploads\/2013\/06\/kfv_fwlue2013_Lo\u00cc\u02c6schangriff-265x198.jpg\" width=\"265\" height=\"198\" \/><\/p>\n<p>Als wahrer Gl\u00fccksfalls erwies sich der diesj\u00e4hrige Veranstaltungsort. Alle vier Wettkampfbahnen waren auf der \u00fcberdachten Parkfl\u00e4che des Globus-Baumarktes in Petersberg untergebracht. Ab der Mittagszeit zog ein heftiges Unwetter \u00fcber Osthessen \u2013 h\u00e4tte der Wettbewerb auf einer Freifl\u00e4che stattgefunden, h\u00e4tte er f\u00fcr mindestens eine bis zwei Stunden ausgesetzt werden m\u00fcssen oder w\u00e4re wahrscheinlich sogar abgebrochen worden. Unter Dach konnten die \u00dcbungen jedoch ohne Unterbrechung fortgesetzt werden.<\/p>\n<p>Einige Wehren r\u00fcckten vom Wettkampfort aus zu den vielen Unwettereins\u00e4tzen aus, zu denen in zahlreichen Gemeinden im Landkreis alarmiert werden musste. Am Ende verblieben 62 Mannschaften, die die Feuerwehrleistungs\u00fcbung fertig absolvierten und die gemeinsam mit dem Veranstaltern, Landkreis und Kreisfeuerwehrverband, froh und dankbar gewesen sein d\u00fcrften, dass die Marktleitung des Globus-Baumarktes die Parkhalle f\u00fcr die \u00dcbungen zur Verf\u00fcgung gestellt hatte. Besonderen Dank und Anerkennung gegen\u00fcber allen Teilnehmern dr\u00fcckten bei der Siegerehrung am Ende des Wettbewerbs sowohl der stellvertretende Kreisbrandinspektor und Leiter der Veranstaltung Bernd Sch\u00e4del als auch Bernd Woide aus. (Fotos: Werner J\u00f6rges)<\/p>\n","protected":false},"excerpt":{"rendered":"<div class=\"tmnf_excerpt\"><p>Petersberg. Bei der gestrigen Feuerwehrleistungs\u00fcbung auf Landkreisebene, die in Petersberg stattfand, hatte die Mannschaft 1 von Gro\u00dfenl\u00fcder-Bimbach am Ende knapp \u201edie Nase vorn\u201c und konnte als Sieger (Foto links) den Pokal des Landkreises Fulda entgegen nehmen.<\/p>\n<\/div>","protected":false},"author":1,"featured_media":0,"comment_status":"closed","ping_status":"closed","sticky":false,"template":"","format":"standard","meta":{"footnotes":""},"categories":[1,71],"tags":[],"class_list":["post-109872","post","type-post","status-publish","format-standard","hentry","category-startseite","category-feuerwehr"],"_links":{"self":[{"href":"https:\/\/www.fuldaernachrichten.de\/index.php?rest_route=\/wp\/v2\/posts\/109872","targetHints":{"allow":["GET"]}}],"collection":[{"href":"https:\/\/www.fuldaernachrichten.de\/index.php?rest_route=\/wp\/v2\/posts"}],"about":[{"href":"https:\/\/www.fuldaernachrichten.de\/index.php?rest_route=\/wp\/v2\/types\/post"}],"author":[{"embeddable":true,"href":"https:\/\/www.fuldaernachrichten.de\/index.php?rest_route=\/wp\/v2\/users\/1"}],"replies":[{"embeddable":true,"href":"https:\/\/www.fuldaernachrichten.de\/index.php?rest_route=%2Fwp%2Fv2%2Fcomments&post=109872"}],"version-history":[{"count":1,"href":"https:\/\/www.fuldaernachrichten.de\/index.php?rest_route=\/wp\/v2\/posts\/109872\/revisions"}],"predecessor-version":[{"id":109876,"href":"https:\/\/www.fuldaernachrichten.de\/index.php?rest_route=\/wp\/v2\/posts\/109872\/revisions\/109876"}],"wp:attachment":[{"href":"https:\/\/www.fuldaernachrichten.de\/index.php?rest_route=%2Fwp%2Fv2%2Fmedia&parent=109872"}],"wp:term":[{"taxonomy":"category","embeddable":true,"href":"https:\/\/www.fuldaernachrichten.de\/index.php?rest_route=%2Fwp%2Fv2%2Fcategories&post=109872"},{"taxonomy":"post_tag","embeddable":true,"href":"https:\/\/www.fuldaernachrichten.de\/index.php?rest_route=%2Fwp%2Fv2%2Ftags&post=109872"}],"curies":[{"name":"wp","href":"https:\/\/api.w.org\/{rel}","templated":true}]}}