{"id":109540,"date":"2013-05-31T00:11:29","date_gmt":"2013-05-31T00:11:29","guid":{"rendered":"http:\/\/www.fuldaer-nachrichten.de\/?p=109540"},"modified":"2013-05-31T04:53:47","modified_gmt":"2013-05-31T04:53:47","slug":"zusatzliche-offnungszeiten-des-bucherflohmarkts-in-der-ausenstelle-der-pestalozzischule","status":"publish","type":"post","link":"https:\/\/www.fuldaernachrichten.de\/?p=109540","title":{"rendered":"Zus\u00e4tzliche \u00d6ffnungszeiten des B\u00fccherflohmarkts in der Au\u00dfenstelle der Pestalozzischule"},"content":{"rendered":"<p><b>Fulda. <\/b>Der F\u00f6rderverein der Pestalozzischule Fulda, Schule mit dem F\u00f6rderschwerpunkt geistige Entwicklung, bietet f\u00fcr seinen gro\u00dfen B\u00fccherflohmarkt erstmals in diesem Jahr zus\u00e4tzliche \u00d6ffnungszeiten an. Der n\u00e4chste Termin ist Donnerstag, der 06.06.2013 von 9 bis 13 Uhr in der Au\u00dfenstelle der Pestalozzischule, Ernst-Barlach-Stra\u00dfe, Fulda-Galerie. Weitere Termine sind der 04.07., 05.09. und 05.12.2013, jeweils von 9 bis 13 Uhr. Am 02.11.13 findet wie gewohnt der ganzt\u00e4gige Flohmarkt mit Tr\u00f6delmarkt statt. Angeboten werden, nach Autorennamen alphabetisch geordnet, Romane und Krimis sowie andere, nach Sachgebieten geordnete B\u00fccher (Literatur, Kunst, Religion, Geschichte, P\u00e4dagogik, Psychologie\u00e2\u20ac\u00a6). Au\u00dferdem gibt es eine Menge an Kinder- und Jugendliteratur. Romane \u00c2\u00a0werden zu Kilopreisen (1 \u00e2\u201a\u00ac pro Kilo), alle anderen B\u00fccher auf Verhandlungsbasis verkauft. Alle Einnahmen kommen dem F\u00f6rderverein und damit den Sch\u00fclerinnen und Sch\u00fclern mit besonderem F\u00f6rderbedarf zu Gute.<\/p>\n","protected":false},"excerpt":{"rendered":"<div class=\"tmnf_excerpt\"><p>Fulda. Der F\u00f6rderverein der Pestalozzischule Fulda, Schule mit dem F\u00f6rderschwerpunkt geistige Entwicklung, bietet f\u00fcr seinen gro\u00dfen B\u00fccherflohmarkt erstmals in diesem Jahr zus\u00e4tzliche \u00d6ffnungszeiten an. Der n\u00e4chste Termin ist Donnerstag, der 06.06.2013 von 9 bis 13 Uhr in der Au\u00dfenstelle der Pestalozzischule, Ernst-Barlach-Stra\u00dfe, Fulda-Galerie. Weitere Termine sind der 04.07., 05.09. und 05.12.2013, jeweils von 9 bis &hellip;<\/p>\n<\/div>","protected":false},"author":1,"featured_media":0,"comment_status":"closed","ping_status":"closed","sticky":false,"template":"","format":"standard","meta":{"footnotes":""},"categories":[1,53],"tags":[],"class_list":["post-109540","post","type-post","status-publish","format-standard","hentry","category-startseite","category-bildung"],"_links":{"self":[{"href":"https:\/\/www.fuldaernachrichten.de\/index.php?rest_route=\/wp\/v2\/posts\/109540","targetHints":{"allow":["GET"]}}],"collection":[{"href":"https:\/\/www.fuldaernachrichten.de\/index.php?rest_route=\/wp\/v2\/posts"}],"about":[{"href":"https:\/\/www.fuldaernachrichten.de\/index.php?rest_route=\/wp\/v2\/types\/post"}],"author":[{"embeddable":true,"href":"https:\/\/www.fuldaernachrichten.de\/index.php?rest_route=\/wp\/v2\/users\/1"}],"replies":[{"embeddable":true,"href":"https:\/\/www.fuldaernachrichten.de\/index.php?rest_route=%2Fwp%2Fv2%2Fcomments&post=109540"}],"version-history":[{"count":0,"href":"https:\/\/www.fuldaernachrichten.de\/index.php?rest_route=\/wp\/v2\/posts\/109540\/revisions"}],"wp:attachment":[{"href":"https:\/\/www.fuldaernachrichten.de\/index.php?rest_route=%2Fwp%2Fv2%2Fmedia&parent=109540"}],"wp:term":[{"taxonomy":"category","embeddable":true,"href":"https:\/\/www.fuldaernachrichten.de\/index.php?rest_route=%2Fwp%2Fv2%2Fcategories&post=109540"},{"taxonomy":"post_tag","embeddable":true,"href":"https:\/\/www.fuldaernachrichten.de\/index.php?rest_route=%2Fwp%2Fv2%2Ftags&post=109540"}],"curies":[{"name":"wp","href":"https:\/\/api.w.org\/{rel}","templated":true}]}}