{"id":109520,"date":"2013-05-30T00:14:14","date_gmt":"2013-05-30T00:14:14","guid":{"rendered":"http:\/\/www.fuldaer-nachrichten.de\/?p=109520"},"modified":"2013-05-29T12:57:42","modified_gmt":"2013-05-29T12:57:42","slug":"geburtstagsmusik-fur-freunde-englischer-lautenmusik-mit-gesang-und-gedichten-auf-schloss-fasanerie","status":"publish","type":"post","link":"https:\/\/www.fuldaernachrichten.de\/?p=109520","title":{"rendered":"Geburtstagsmusik f\u00fcr Freunde englischer Lautenmusik mit Gesang und Gedichten auf Schloss Fasanerie"},"content":{"rendered":"<p><b>Eichenzell. <\/b>Da kommen mehrere Geburtstage zusammen, die mit diesem Liederabend am Samstag, den 1. Juni, um 19.30 Uhr auf Schloss Fasanerie feierlich gew\u00fcrdigt werden: der 450ste Geburtstag von John Dowland, der 100ste von Benjamin Britten und der 100ste von Prinzessin Margaret von Hessen und bei Rhein. Diese Jubilare werden im Rahmen eines Konzertabends von zwei bedeutenden K\u00fcnstlern gefeiert, die deren Musik, Lieder und einige Gedichte von Prinz Ludwig von Hessen vortragen.<!--more--><\/p>\n<p><b>John Dowland <\/b>(1563-1626), Komponist und Lautenist, spielte an vielen H\u00f6fen in Europa und wurde schlie\u00dflich am englischen Hofe angestellt. Sein musikalisches Werk umfasst Lautenlieder, Werke f\u00fcr Laute solo und Werke f\u00fcr <a title=\"Gambenconsort\" href=\"http:\/\/de.wikipedia.org\/wiki\/Gambenconsort\">Gambenconsort<\/a> mit Lautenbegleitung. Gerade diese waren bedeutsam f\u00fcr die europ\u00e4ische Musikgeschichte und f\u00fcr die Entwicklung einer selbst\u00e4ndigen Instrumentalmusik. Es sind etwa 100 Kompositionen f\u00fcr Laute solo von ihm erhalten. <b>Benjamin Britten<\/b> (1913-1976) z\u00e4hlt zu den einflussreichsten angels\u00e4chsischen Komponisten des 20. Jahrhunderts. Er erhielt mit 5 Jahren die ersten Klavierstunden, sp\u00e4ter auch noch Bratschen-Unterricht. Mit 8 Jahren komponierte er bereits erste St\u00fccke. Bekannt wurde Britten durch seine Oper <i>Peter Grimes<\/i>. Neben zahlreichen Opern-, Orchester \u2013 und Konzertkompositionen ragen mehrere Liederzyklen aus seinem Schaffen heraus, darunter auch die \u201eFolksong Arrangements\u201c f\u00fcr Tenor und Klavier sowie die \u201eSongs from the Chinese\u201c f\u00fcr Tenor und Gitarre. Diese Komposition widmete Benjamin Britten <b>Prinzessin Margaret<\/b> (1913-1997) und Prinz Ludwig von Hessen und bei Rhein im Jahr 1958 anl\u00e4sslich eines Konzerts in Schloss Wolfsgarten zu dessen 50. Geburtstag. Britten war mit dem Darmst\u00e4dter Prinzenpaar befreundet, er war mehrmals Gast auf Schloss Wolfsgarten und unternahm zusammen mit Prinzessin Margaret und Prinz Ludwig im Jahr 1956 eine lange Asienreise. Eindr\u00fccke von dieser Reise sind in die Komposition der \u201eSongs from the Chinese\u201c eingeflossen. Das musikalische Programm des Abends wird um Gedichte von Prinz Ludwig erweitert, die er unter dem Pseudonym Ludwig Landgraf ver\u00f6ffentlicht hatte.<\/p>\n<p>Der Tenor<b> Clemens L\u00f6schmann<\/b> wurde an der Berliner Hochschule der K\u00fcnste von Professor Johannes Hoefflin ausgebildet, hat in den Meisterklassen der Professoren Aribert Reimann und Dietrich Fischer-Dieskau studiert und war Stipendiat bedeutender Stiftungen. An zahlreichen Produktionen verschiedener Opernh\u00e4user war er beteiligt, spielte als festes Ensemblemitglied am Opernhaus Bremen und wirkte an Urauff\u00fchrungen von acht Opern mit. Im Oratorien- und Konzertfach ist Clemens L\u00f6schmann f\u00fcr alle Partien seines Faches ein international gefragter Solist. Zu seinem umfangreichen Repertoire z\u00e4hlen neben den Tenorpartien der Mozart-Opern auch gro\u00dfe lyrische Rollen in Werken des 20. Jahrhunderts. Clemens L\u00f6schmann widmet sich neben der Pflege des klassischen Kunstliedes intensiv der Auff\u00fchrung moderner und zeitgen\u00f6ssischer Liedliteratur. Er unterrichtet Gesang und Stimmbildung in Bremen und hatte langj\u00e4hrig einen Lehrauftrag an der dortigen Hochschule f\u00fcr K\u00fcnste inne.<\/p>\n<p><img fetchpriority=\"high\" decoding=\"async\" class=\"alignleft size-thumbnail wp-image-109521\" alt=\"Loeschmann\" src=\"http:\/\/www.fuldaer-nachrichten.de\/wp-content\/uploads\/2013\/05\/Loeschmann-265x395.jpg\" width=\"238\" height=\"354\" srcset=\"https:\/\/www.fuldaernachrichten.de\/wp-content\/uploads\/2013\/05\/Loeschmann-265x395.jpg 265w, https:\/\/www.fuldaernachrichten.de\/wp-content\/uploads\/2013\/05\/Loeschmann.jpg 600w\" sizes=\"(max-width: 238px) 100vw, 238px\" \/> <img decoding=\"async\" class=\"alignnone size-thumbnail wp-image-109522\" alt=\"Mangold historische Gitarre\" src=\"http:\/\/www.fuldaer-nachrichten.de\/wp-content\/uploads\/2013\/05\/Mangold-historische-Gitarre-265x353.jpg\" width=\"265\" height=\"353\" srcset=\"https:\/\/www.fuldaernachrichten.de\/wp-content\/uploads\/2013\/05\/Mangold-historische-Gitarre-265x353.jpg 265w, https:\/\/www.fuldaernachrichten.de\/wp-content\/uploads\/2013\/05\/Mangold-historische-Gitarre-198x265.jpg 198w, https:\/\/www.fuldaernachrichten.de\/wp-content\/uploads\/2013\/05\/Mangold-historische-Gitarre-450x600.jpg 450w, https:\/\/www.fuldaernachrichten.de\/wp-content\/uploads\/2013\/05\/Mangold-historische-Gitarre.jpg 600w\" sizes=\"(max-width: 265px) 100vw, 265px\" \/><\/p>\n<p><b>Maximilian Mangold<\/b> (Foto li.) wird in der Presse als einer der k\u00fcnstlerisch interessantesten deutschen Gitarristen in Deutschland und sogar als &#8220;Ausnahmegitarrist&#8221; bezeichnet. Der gefragte Solist gibt zahlreiche Konzerte in Deutschland und Europa und ist ebenso ein vielseitiger Kammermusiker im Zusammenspiel mit unterschiedlichen klassischen Instrumenten. Sein umfangreiches Repertoire dokumentieren auch die 18 CD-Einspielungen, die in der Fachpresse gelobt und als Referenzaufnahmen gepriesen werden. Zahlreiche Preise gewann Mangold bereits bei internationalen Gitarrenwettbewerben sowie Stipendien und F\u00f6rderpreise. Rundfunk- und Fernsehaufnahmen sowie Konzertmitschnitte erfolgten bereits durch Radiosender aus vielen L\u00e4ndern Europas.<\/p>\n<p>Der Liederabend mit musikalischen Werken von John Dowland und Benjamin Britten sowie einigen Gedichten von Prinz Ludwig von Hessen beginnt um 19.30 Uhr im Gro\u00dfen Saal des Barockschlosses. Der Eintritt betr\u00e4gt 14,00 Euro pro Person, f\u00fcr Sch\u00fcler und Studenten mit Ausweis 10,00 Euro. Karten gibt es auch im Vorverkauf: beim Ticketservice der Fuldaer Zeitung, telefonisch unter 0661 \/ 94 86 0 und an der Museumskasse. Weitere Informationen finden Interessierte unter <a href=\"http:\/\/www.schloss-fasanerie.de\/\">www.schloss-fasanerie.de<\/a>.<\/p>\n","protected":false},"excerpt":{"rendered":"<div class=\"tmnf_excerpt\"><p>Eichenzell. Da kommen mehrere Geburtstage zusammen, die mit diesem Liederabend am Samstag, den 1. Juni, um 19.30 Uhr auf Schloss Fasanerie feierlich gew\u00fcrdigt werden: der 450ste Geburtstag von John Dowland, der 100ste von Benjamin Britten und der 100ste von Prinzessin Margaret von Hessen und bei Rhein. Diese Jubilare werden im Rahmen eines Konzertabends von zwei &hellip;<\/p>\n<\/div>","protected":false},"author":1,"featured_media":0,"comment_status":"closed","ping_status":"closed","sticky":false,"template":"","format":"standard","meta":{"footnotes":""},"categories":[1,44],"tags":[],"class_list":["post-109520","post","type-post","status-publish","format-standard","hentry","category-startseite","category-kultur"],"_links":{"self":[{"href":"https:\/\/www.fuldaernachrichten.de\/index.php?rest_route=\/wp\/v2\/posts\/109520","targetHints":{"allow":["GET"]}}],"collection":[{"href":"https:\/\/www.fuldaernachrichten.de\/index.php?rest_route=\/wp\/v2\/posts"}],"about":[{"href":"https:\/\/www.fuldaernachrichten.de\/index.php?rest_route=\/wp\/v2\/types\/post"}],"author":[{"embeddable":true,"href":"https:\/\/www.fuldaernachrichten.de\/index.php?rest_route=\/wp\/v2\/users\/1"}],"replies":[{"embeddable":true,"href":"https:\/\/www.fuldaernachrichten.de\/index.php?rest_route=%2Fwp%2Fv2%2Fcomments&post=109520"}],"version-history":[{"count":1,"href":"https:\/\/www.fuldaernachrichten.de\/index.php?rest_route=\/wp\/v2\/posts\/109520\/revisions"}],"predecessor-version":[{"id":109523,"href":"https:\/\/www.fuldaernachrichten.de\/index.php?rest_route=\/wp\/v2\/posts\/109520\/revisions\/109523"}],"wp:attachment":[{"href":"https:\/\/www.fuldaernachrichten.de\/index.php?rest_route=%2Fwp%2Fv2%2Fmedia&parent=109520"}],"wp:term":[{"taxonomy":"category","embeddable":true,"href":"https:\/\/www.fuldaernachrichten.de\/index.php?rest_route=%2Fwp%2Fv2%2Fcategories&post=109520"},{"taxonomy":"post_tag","embeddable":true,"href":"https:\/\/www.fuldaernachrichten.de\/index.php?rest_route=%2Fwp%2Fv2%2Ftags&post=109520"}],"curies":[{"name":"wp","href":"https:\/\/api.w.org\/{rel}","templated":true}]}}