{"id":109244,"date":"2013-05-19T00:13:41","date_gmt":"2013-05-19T00:13:41","guid":{"rendered":"http:\/\/www.fuldaer-nachrichten.de\/?p=109244"},"modified":"2013-05-18T08:45:31","modified_gmt":"2013-05-18T08:45:31","slug":"der-vulkan-bewegt-sich-der-erfolgreiche-song-wird-per-flashmob-getanzt","status":"publish","type":"post","link":"https:\/\/www.fuldaernachrichten.de\/?p=109244","title":{"rendered":"Der Vulkan bewegt sich \u2013 der erfolgreiche Song wird per Flashmob getanzt"},"content":{"rendered":"<p><img fetchpriority=\"high\" decoding=\"async\" class=\"alignleft size-thumbnail wp-image-109245\" alt=\"image001\" src=\"http:\/\/www.fuldaer-nachrichten.de\/wp-content\/uploads\/2013\/05\/image0013-265x192.jpg\" width=\"265\" height=\"192\" srcset=\"https:\/\/www.fuldaernachrichten.de\/wp-content\/uploads\/2013\/05\/image0013-265x192.jpg 265w, https:\/\/www.fuldaernachrichten.de\/wp-content\/uploads\/2013\/05\/image0013.jpg 403w\" sizes=\"(max-width: 265px) 100vw, 265px\" \/>Vogelsbergkreis. Nach dem Erfolg der Regionalhymne \u201eWir sind Vogelsberg\u201c mit weit \u00fcber 10.000 Downloads (wir berichteten) hatte die Lauterbacherin Ute Kirst (Designb\u00fcro Kirst) die Idee, \u201enoch einen drauf zu setzen\u201c: Sie ergriff die Initiative, um jetzt unter Einbindung m\u00f6glichst vieler junger Leute einen sogenannten \u201eFlashmob\u201c am Pr\u00e4mienmarkt-Haupttag auf die Beine zu stellen. \u201eDer Kreis unterst\u00fctzt diese Initiative nat\u00fcrlich sehr gerne ideell und ruft zum Mitmachen auf.<!--more--><\/p>\n<p>Das ist eine sch\u00f6ne Idee, um unseren Song \u201eWir sind Vogelsberg\u201c noch lebendiger zu machen\u201c, kommentiert Kreispressesprecher Erich Ruhl. Der Song wird am Mittwoch, 29. Mai, ab 12 Uhr von vielen jungen Leuten spontan getanzt.\u00c2\u00a0 Alle Fans des Vogelsbergs und solche, die es werden wollen, sind zu diesem Flashmob in Lauterbach herzlich eingeladen. Die f\u00fcr hiesige Breiten v\u00f6llig neuartige Aktion soll die Verbundenheit mit dem Vogelsberg herausstellen und das Wir-Gef\u00fchl st\u00e4rken.<\/p>\n<p>Die Aktion findet von 12 bis 12.15 Uhr in der K\u00f6nigsberger Stra\u00dfe statt, an der Kreuzung Rudloser Weg und Kanalstra\u00dfe, in der N\u00e4he der Lauterbr\u00fccke. \u201eSelbstverst\u00e4ndlich muss man sich nicht anmelden, sondern einfach an dem Tag dabei sein, mitmachen und Spa\u00df haben\u201c, erl\u00e4utert Erich Ruhl.<\/p>\n<p>\u201eWir sind gemei\u00dfelt aus Basalt \u2013 mit einem Herz aus Gold\u201c: Mit Selbstbewusstsein und Optimismus pr\u00e4sentiert sich der Vogelsbergkreis im Song \u201eWir sind Kinder des Vulkans\u201c. Die rockige Hymne, die Steffen Dahmer und Markus Leidig im Auftrag des Kreises komponiert und arrangiert haben, wurde Ende Februar in Romrod uraufgef\u00fchrt (wir berichteten). Jetzt soll sie auch f\u00fcr gemeinsame Bewegung auf dem Vulkan sorgen und m\u00f6glichst viele Menschen zum Mitmachen animieren.<\/p>\n<p>Auch \u201eNicht-T\u00e4nzer\u201c sind aufgerufen, am Flashmob teilzunehmen: Es geht darum, zuzuschauen, zuzuh\u00f6ren, vielleicht doch spontan mitzutanzen und vor allem Spa\u00df dabei zu haben. Wer mitmachen will, kann sich auf einem Tanzvideo die \u201erichtigen\u201c Tanzschritte anschauen, um sie am Pr\u00e4mienmarkts-Mittwoch \u201eparat\u201c zu haben. Die Musik und die Tanz-\u201eChoreografie\u201c ist hier zu finden: www.vogelsbergkreis.de &#8211; rotes Musiksymbol in der rechten Spalte anklicken.<br \/>\n<strong>\u00c2\u00a0<\/strong><br \/>\n<strong>Was ist eigentlich ein Flashmob?<\/strong><br \/>\nDer Begriff Flashmob (englisch: Flash mob; flash = Blitz; mob [von mobilis beweglich] = aufgewiegelte Volksmenge, P\u00f6bel) bezeichnet einen kurzen, scheinbar spontanen Menschenauflauf auf \u00f6ffentlichen oder halb\u00f6ffentlichen Pl\u00e4tzen, bei denen sich die Teilnehmer pers\u00f6nlich nicht kennen und ungew\u00f6hnliche Dinge tun. Flashmobs gelten als spezielle Auspr\u00e4gungsformen der virtuellen Gesellschaft (virtual community, Online-Community), die neue Medien wie Mobiltelefone und Internet benutzt, um kollektive direkte Aktionen zu organisieren. Quelle: www.wikipedia.org<\/p>\n<p>Wer wissen will, wie ein Flashmob \u201efunktioniert\u201c, kann sich auf \u201eyoutube\u201c den der Deutschen Bahn anschauen. Bitte als Suchbegriff eingeben: \u201eFlashmob Deutsche Bahn Nikolaus\u201c.<\/p>\n<p><a href=\"http:\/\/www.youtube.com\/watch?v=LJyda7XKNZQ\" target=\"_blank\">http:\/\/www.youtube.com\/watch?v=LJyda7XKNZQ<\/a><\/p>\n","protected":false},"excerpt":{"rendered":"<div class=\"tmnf_excerpt\"><p>Vogelsbergkreis. Nach dem Erfolg der Regionalhymne \u201eWir sind Vogelsberg\u201c mit weit \u00fcber 10.000 Downloads (wir berichteten) hatte die Lauterbacherin Ute Kirst (Designb\u00fcro Kirst) die Idee, \u201enoch einen drauf zu setzen\u201c: Sie ergriff die Initiative, um jetzt unter Einbindung m\u00f6glichst vieler junger Leute einen sogenannten \u201eFlashmob\u201c am Pr\u00e4mienmarkt-Haupttag auf die Beine zu stellen. \u201eDer Kreis unterst\u00fctzt &hellip;<\/p>\n<\/div>","protected":false},"author":1,"featured_media":0,"comment_status":"closed","ping_status":"closed","sticky":false,"template":"","format":"standard","meta":{"footnotes":""},"categories":[1,44],"tags":[],"class_list":["post-109244","post","type-post","status-publish","format-standard","hentry","category-startseite","category-kultur"],"_links":{"self":[{"href":"https:\/\/www.fuldaernachrichten.de\/index.php?rest_route=\/wp\/v2\/posts\/109244","targetHints":{"allow":["GET"]}}],"collection":[{"href":"https:\/\/www.fuldaernachrichten.de\/index.php?rest_route=\/wp\/v2\/posts"}],"about":[{"href":"https:\/\/www.fuldaernachrichten.de\/index.php?rest_route=\/wp\/v2\/types\/post"}],"author":[{"embeddable":true,"href":"https:\/\/www.fuldaernachrichten.de\/index.php?rest_route=\/wp\/v2\/users\/1"}],"replies":[{"embeddable":true,"href":"https:\/\/www.fuldaernachrichten.de\/index.php?rest_route=%2Fwp%2Fv2%2Fcomments&post=109244"}],"version-history":[{"count":0,"href":"https:\/\/www.fuldaernachrichten.de\/index.php?rest_route=\/wp\/v2\/posts\/109244\/revisions"}],"wp:attachment":[{"href":"https:\/\/www.fuldaernachrichten.de\/index.php?rest_route=%2Fwp%2Fv2%2Fmedia&parent=109244"}],"wp:term":[{"taxonomy":"category","embeddable":true,"href":"https:\/\/www.fuldaernachrichten.de\/index.php?rest_route=%2Fwp%2Fv2%2Fcategories&post=109244"},{"taxonomy":"post_tag","embeddable":true,"href":"https:\/\/www.fuldaernachrichten.de\/index.php?rest_route=%2Fwp%2Fv2%2Ftags&post=109244"}],"curies":[{"name":"wp","href":"https:\/\/api.w.org\/{rel}","templated":true}]}}