{"id":109058,"date":"2013-05-13T00:12:58","date_gmt":"2013-05-13T00:12:58","guid":{"rendered":"http:\/\/www.fuldaer-nachrichten.de\/?p=109058"},"modified":"2013-05-13T08:27:52","modified_gmt":"2013-05-13T08:27:52","slug":"hochstes-leistungsabzeichen-der-deutschen-jugendfeuerwehr-wird-am-15-september-in-ulrichstein-wohnfeld-verliehen","status":"publish","type":"post","link":"https:\/\/www.fuldaernachrichten.de\/?p=109058","title":{"rendered":"H\u00f6chstes Leistungsabzeichen der Deutschen Jugendfeuerwehr wird am 15. September in Ulrichstein-Wohnfeld verliehen"},"content":{"rendered":"<p><img decoding=\"async\" class=\"alignleft size-thumbnail wp-image-109059\" alt=\"IMG_8652\" src=\"http:\/\/www.fuldaer-nachrichten.de\/wp-content\/uploads\/2013\/05\/IMG_8652-265x176.jpg\" width=\"265\" height=\"176\" srcset=\"https:\/\/www.fuldaernachrichten.de\/wp-content\/uploads\/2013\/05\/IMG_8652-265x176.jpg 265w, https:\/\/www.fuldaernachrichten.de\/wp-content\/uploads\/2013\/05\/IMG_8652.jpg 600w\" sizes=\"(max-width: 265px) 100vw, 265px\" \/>Vogelsbergkreis. Die Abnahme der Leistungsspange aller Vogelsberger Jugendfeuerwehren findet am 15. September in Ulrichstein-Wohnfeld statt. Wie die Kreisjugendfeuerwehr Vogelsbergkreis in einer Pressenotiz bekannt gibt, findet der Erwerb des h\u00f6chsten Leistungsabzeichens der Deutschen Jugendfeuerwehr im Bereich der Dorfmitte\/Peter-Fuchs-Stra\u00dfe statt. Anmeldungen mit Ausweis m\u00fcssen bis sp\u00e4testens 10. August bei dem zust\u00e4ndigen Fachbereichsleiter Gerald Morneweg, Baumgartenstra\u00dfe 4, 35315 Homberg (Ohm) eingegangen sein. \u201eSp\u00e4ter eingehende Anmeldungen k\u00f6nnen nicht mehr ber\u00fccksichtigt werden\u201c, so der Fachbereichsleiter. <!--more--><br \/>\nDie Kreisjugendfeuerwehr weist darauf hin: Die Bewerber der Jahrg\u00e4nge 1995 bis 1998 m\u00fcssen am Tag der Abnahme mindestens ein Jahr Mitglied der Jugendfeuerwehr sein, was durch g\u00fcltigen Mitgliedsausweis mit Passbild, Unterschrift sowie Dienstsiegel der Stadt\/Gemeinde nachgewiesen wird. Der Inhaber muss am Eintrittsdatum das zehnte Lebensjahr vollendet haben. Die Mitgliedsausweise der sogenannten Gruppenauff\u00fcller sind am Tag der Abnahme mitzubringen, sie d\u00fcrfen nicht \u00e4lter als 18 Jahre sein. Von jeder Gruppe sind je ein Satz Brust- und R\u00fcckent\u00fccher (1-9) sowie taktische Zeichen mitzubringen.<\/p>\n","protected":false},"excerpt":{"rendered":"<div class=\"tmnf_excerpt\"><p>Vogelsbergkreis. Die Abnahme der Leistungsspange aller Vogelsberger Jugendfeuerwehren findet am 15. September in Ulrichstein-Wohnfeld statt. Wie die Kreisjugendfeuerwehr Vogelsbergkreis in einer Pressenotiz bekannt gibt, findet der Erwerb des h\u00f6chsten Leistungsabzeichens der Deutschen Jugendfeuerwehr im Bereich der Dorfmitte\/Peter-Fuchs-Stra\u00dfe statt. Anmeldungen mit Ausweis m\u00fcssen bis sp\u00e4testens 10. August bei dem zust\u00e4ndigen Fachbereichsleiter Gerald Morneweg, Baumgartenstra\u00dfe 4, 35315 &hellip;<\/p>\n<\/div>","protected":false},"author":1,"featured_media":0,"comment_status":"closed","ping_status":"closed","sticky":false,"template":"","format":"standard","meta":{"footnotes":""},"categories":[1,71],"tags":[],"class_list":["post-109058","post","type-post","status-publish","format-standard","hentry","category-startseite","category-feuerwehr"],"_links":{"self":[{"href":"https:\/\/www.fuldaernachrichten.de\/index.php?rest_route=\/wp\/v2\/posts\/109058","targetHints":{"allow":["GET"]}}],"collection":[{"href":"https:\/\/www.fuldaernachrichten.de\/index.php?rest_route=\/wp\/v2\/posts"}],"about":[{"href":"https:\/\/www.fuldaernachrichten.de\/index.php?rest_route=\/wp\/v2\/types\/post"}],"author":[{"embeddable":true,"href":"https:\/\/www.fuldaernachrichten.de\/index.php?rest_route=\/wp\/v2\/users\/1"}],"replies":[{"embeddable":true,"href":"https:\/\/www.fuldaernachrichten.de\/index.php?rest_route=%2Fwp%2Fv2%2Fcomments&post=109058"}],"version-history":[{"count":0,"href":"https:\/\/www.fuldaernachrichten.de\/index.php?rest_route=\/wp\/v2\/posts\/109058\/revisions"}],"wp:attachment":[{"href":"https:\/\/www.fuldaernachrichten.de\/index.php?rest_route=%2Fwp%2Fv2%2Fmedia&parent=109058"}],"wp:term":[{"taxonomy":"category","embeddable":true,"href":"https:\/\/www.fuldaernachrichten.de\/index.php?rest_route=%2Fwp%2Fv2%2Fcategories&post=109058"},{"taxonomy":"post_tag","embeddable":true,"href":"https:\/\/www.fuldaernachrichten.de\/index.php?rest_route=%2Fwp%2Fv2%2Ftags&post=109058"}],"curies":[{"name":"wp","href":"https:\/\/api.w.org\/{rel}","templated":true}]}}