{"id":10891,"date":"2008-08-07T12:27:50","date_gmt":"2008-08-07T10:27:50","guid":{"rendered":"http:\/\/www.schoene-nachrichten.de\/?p=10891"},"modified":"2008-08-07T12:27:50","modified_gmt":"2008-08-07T10:27:50","slug":"landesaktionstag-sicherer-schulweg-verkehrspraeventionsprojekt-blitz-fuer-kids","status":"publish","type":"post","link":"https:\/\/www.fuldaernachrichten.de\/?p=10891","title":{"rendered":"Landesaktionstag \u201eSicherer Schulweg\u201c &#8211; Verkehrspr\u00e4ventionsprojekt \u201eBlitz f\u00fcr Kids\u201c"},"content":{"rendered":"<p><strong>Fulda.<\/strong> Zum Schuljahresbeginn f\u00fchrt die Hessische Polizei einen Landesaktionstag mit dem Thema \u201eSicherer Schulweg\u201c durch. Gleichzeitig pr\u00e4sentiert das Polizeipr\u00e4sidium Osthessen das Verkehrspr\u00e4ventionsprojekt \u201eBlitz f\u00fcr Kids\u201c.<\/p>\n<p><strong>Fotos (33):<\/strong> Max Colin Heydenreich<\/p>\n<p><a title=\"Foto: Max Colin Heydenreich\" rel=\"lightbox[roadtrip]\" href=\"http:\/\/www.schoene-nachrichten.de\/wp-content\/uploads\/2008\/08\/080807_Polizei_012.jpg\" target=\"_blank\"><img decoding=\"async\" src=\"http:\/\/www.schoene-nachrichten.de\/wp-content\/uploads\/2008\/08\/080807_Polizei_012.thumbnail.jpg\" alt=\"080807_Polizei_012.jpg\" width=\"128\" \/><\/a> <a title=\"Foto: Max Colin Heydenreich\" rel=\"lightbox[roadtrip]\" href=\"http:\/\/www.schoene-nachrichten.de\/wp-content\/uploads\/2008\/08\/080807_Polizei_026.jpg\" target=\"_blank\"><img decoding=\"async\" src=\"http:\/\/www.schoene-nachrichten.de\/wp-content\/uploads\/2008\/08\/080807_Polizei_026.thumbnail.jpg\" alt=\"080807_Polizei_026.jpg\" width=\"128\" \/><\/a> <a title=\"Foto: Max Colin Heydenreich\" rel=\"lightbox[roadtrip]\" href=\"http:\/\/www.schoene-nachrichten.de\/wp-content\/uploads\/2008\/08\/080807_Polizei_009.jpg\" target=\"_blank\"><img decoding=\"async\" src=\"http:\/\/www.schoene-nachrichten.de\/wp-content\/uploads\/2008\/08\/080807_Polizei_009.thumbnail.jpg\" alt=\"080807_Polizei_009.jpg\" width=\"128\" \/><\/a><\/p>\n<p><a title=\"Foto: Max Colin Heydenreich\" rel=\"lightbox[roadtrip]\" href=\"http:\/\/www.schoene-nachrichten.de\/wp-content\/uploads\/2008\/08\/080807_Polizei_008.jpg\" target=\"_blank\"><img decoding=\"async\" src=\"http:\/\/www.schoene-nachrichten.de\/wp-content\/uploads\/2008\/08\/080807_Polizei_008.thumbnail.jpg\" alt=\"080807_Polizei_008.jpg\" width=\"128\" \/><\/a> <a title=\"Foto: Max Colin Heydenreich\" rel=\"lightbox[roadtrip]\" href=\"http:\/\/www.schoene-nachrichten.de\/wp-content\/uploads\/2008\/08\/080807_Polizei_035.jpg\" target=\"_blank\"><img decoding=\"async\" src=\"http:\/\/www.schoene-nachrichten.de\/wp-content\/uploads\/2008\/08\/080807_Polizei_035.thumbnail.jpg\" alt=\"080807_Polizei_035.jpg\" width=\"128\" \/><\/a> <a title=\"Foto: Max Colin Heydenreich\" rel=\"lightbox[roadtrip]\" href=\"http:\/\/www.schoene-nachrichten.de\/wp-content\/uploads\/2008\/08\/080807_Polizei_018.jpg\" target=\"_blank\"><img decoding=\"async\" src=\"http:\/\/www.schoene-nachrichten.de\/wp-content\/uploads\/2008\/08\/080807_Polizei_018.thumbnail.jpg\" alt=\"080807_Polizei_018.jpg\" width=\"128\" \/><\/a><\/p>\n<p><!--more--><\/p>\n<p>\u201eBlitz f\u00fcr Kids\u201c ist eine gemeinsame Aktion des Polizeipr\u00e4sidiums, in enger Zusammenarbeit mit dem ADAC Hessen-Th\u00fcringen, den regionalen Ordnungsbeh\u00f6rden sowie den Kreisverkehrswachten. Durch konzentrierte Geschwindigkeits\u00fcberwachungen im Bereich von ausgew\u00e4hlten Schulen soll die Verkehrssicherheit f\u00fcr Schulkinder verbessert werden.<\/p>\n<p><a title=\"Foto: Max Colin Heydenreich\" rel=\"lightbox[roadtrip]\" href=\"http:\/\/www.schoene-nachrichten.de\/wp-content\/uploads\/2008\/08\/080807_Polizei_001.jpg\" target=\"_blank\"><img decoding=\"async\" src=\"http:\/\/www.schoene-nachrichten.de\/wp-content\/uploads\/2008\/08\/080807_Polizei_001.thumbnail.jpg\" alt=\"080807_Polizei_001.jpg\" width=\"128\" \/><\/a> <a title=\"Foto: Max Colin Heydenreich\" rel=\"lightbox[roadtrip]\" href=\"http:\/\/www.schoene-nachrichten.de\/wp-content\/uploads\/2008\/08\/080807_Polizei_002.jpg\" target=\"_blank\"><img decoding=\"async\" src=\"http:\/\/www.schoene-nachrichten.de\/wp-content\/uploads\/2008\/08\/080807_Polizei_002.thumbnail.jpg\" alt=\"080807_Polizei_002.jpg\" width=\"128\" \/><\/a> <a title=\"Foto: Max Colin Heydenreich\" rel=\"lightbox[roadtrip]\" href=\"http:\/\/www.schoene-nachrichten.de\/wp-content\/uploads\/2008\/08\/080807_Polizei_003.jpg\" target=\"_blank\"><img decoding=\"async\" src=\"http:\/\/www.schoene-nachrichten.de\/wp-content\/uploads\/2008\/08\/080807_Polizei_003.thumbnail.jpg\" alt=\"080807_Polizei_003.jpg\" width=\"128\" \/><\/a><\/p>\n<p><a title=\"Foto: Max Colin Heydenreich\" rel=\"lightbox[roadtrip]\" href=\"http:\/\/www.schoene-nachrichten.de\/wp-content\/uploads\/2008\/08\/080807_Polizei_004.jpg\" target=\"_blank\"><img decoding=\"async\" src=\"http:\/\/www.schoene-nachrichten.de\/wp-content\/uploads\/2008\/08\/080807_Polizei_004.thumbnail.jpg\" alt=\"080807_Polizei_004.jpg\" width=\"128\" \/><\/a> <a title=\"Foto: Max Colin Heydenreich\" rel=\"lightbox[roadtrip]\" href=\"http:\/\/www.schoene-nachrichten.de\/wp-content\/uploads\/2008\/08\/080807_Polizei_005.jpg\" target=\"_blank\"><img decoding=\"async\" src=\"http:\/\/www.schoene-nachrichten.de\/wp-content\/uploads\/2008\/08\/080807_Polizei_005.thumbnail.jpg\" alt=\"080807_Polizei_005.jpg\" width=\"128\" \/><\/a> <a title=\"Foto: Max Colin Heydenreich\" rel=\"lightbox[roadtrip]\" href=\"http:\/\/www.schoene-nachrichten.de\/wp-content\/uploads\/2008\/08\/080807_Polizei_006.jpg\" target=\"_blank\"><img decoding=\"async\" src=\"http:\/\/www.schoene-nachrichten.de\/wp-content\/uploads\/2008\/08\/080807_Polizei_006.thumbnail.jpg\" alt=\"080807_Polizei_006.jpg\" width=\"128\" \/><\/a><\/p>\n<p>Bei einer zentralen Veranstaltung im Schulzentrum in H\u00fcnfeld stellt Polizeipr\u00e4sident Eckhard Sauer die Aktion \u201eBlitz f\u00fcr Kids\u201c vor. Neben Vertretern des Landkreises, der Stadt H\u00fcnfeld und des staatlichen Schulamtes Fulda sowie H\u00fcnfelder Schulen, sind auch der ADAC und die Kreisverkehrswacht mit Mitarbeitern vor Ort.<\/p>\n<p><a title=\"Foto: Max Colin Heydenreich\" rel=\"lightbox[roadtrip]\" href=\"http:\/\/www.schoene-nachrichten.de\/wp-content\/uploads\/2008\/08\/080807_Polizei_010.jpg\" target=\"_blank\"><img decoding=\"async\" src=\"http:\/\/www.schoene-nachrichten.de\/wp-content\/uploads\/2008\/08\/080807_Polizei_010.thumbnail.jpg\" alt=\"080807_Polizei_010.jpg\" width=\"128\" \/><\/a> <a title=\"Foto: Max Colin Heydenreich\" rel=\"lightbox[roadtrip]\" href=\"http:\/\/www.schoene-nachrichten.de\/wp-content\/uploads\/2008\/08\/080807_Polizei_007.jpg\" target=\"_blank\"><img decoding=\"async\" src=\"http:\/\/www.schoene-nachrichten.de\/wp-content\/uploads\/2008\/08\/080807_Polizei_007.thumbnail.jpg\" alt=\"080807_Polizei_007.jpg\" width=\"128\" \/><\/a> <a title=\"Foto: Max Colin Heydenreich\" rel=\"lightbox[roadtrip]\" href=\"http:\/\/www.schoene-nachrichten.de\/wp-content\/uploads\/2008\/08\/080807_Polizei_011.jpg\" target=\"_blank\"><img decoding=\"async\" src=\"http:\/\/www.schoene-nachrichten.de\/wp-content\/uploads\/2008\/08\/080807_Polizei_011.thumbnail.jpg\" alt=\"080807_Polizei_011.jpg\" width=\"128\" \/><\/a><\/p>\n<p><a title=\"Foto: Max Colin Heydenreich\" rel=\"lightbox[roadtrip]\" href=\"http:\/\/www.schoene-nachrichten.de\/wp-content\/uploads\/2008\/08\/080807_Polizei_013.jpg\" target=\"_blank\"><img decoding=\"async\" src=\"http:\/\/www.schoene-nachrichten.de\/wp-content\/uploads\/2008\/08\/080807_Polizei_013.thumbnail.jpg\" alt=\"080807_Polizei_013.jpg\" width=\"128\" \/><\/a> <a title=\"Foto: Max Colin Heydenreich\" rel=\"lightbox[roadtrip]\" href=\"http:\/\/www.schoene-nachrichten.de\/wp-content\/uploads\/2008\/08\/080807_Polizei_014.jpg\" target=\"_blank\"><img decoding=\"async\" src=\"http:\/\/www.schoene-nachrichten.de\/wp-content\/uploads\/2008\/08\/080807_Polizei_014.thumbnail.jpg\" alt=\"080807_Polizei_014.jpg\" width=\"128\" \/><\/a> <a title=\"Foto: Max Colin Heydenreich\" rel=\"lightbox[roadtrip]\" href=\"http:\/\/www.schoene-nachrichten.de\/wp-content\/uploads\/2008\/08\/080807_Polizei_015.jpg\" target=\"_blank\"><img decoding=\"async\" src=\"http:\/\/www.schoene-nachrichten.de\/wp-content\/uploads\/2008\/08\/080807_Polizei_015.thumbnail.jpg\" alt=\"080807_Polizei_015.jpg\" width=\"128\" \/><\/a><\/p>\n<p>In allen drei osthessischen Landkreisen werden Schulkinder in die \u00f6ffentlichkeitswirksame Aktion mit einbezogen. Sie werden an den polizeilichen Kontrollstellen demonstrativ f\u00fcr gesetzkonformes Verhalten eine \u201egr\u00fcne Karte\u201c\u00c2\u00a0 mit der Aufschrift \u201eDanke!\u201c und bei \u00dcberschreitung der zul\u00e4ssigen H\u00f6chstgeschwindigkeit eine \u201egelbe Karte\u201c mit der Aufschrift \u201eRaser\u201c zeigen. Zus\u00e4tzlich werden von den Sch\u00fclern als \u201eLob\u201c Blumen bzw. S\u00fc\u00dfigkeiten und Zitronen symbolisch als \u201eTadel\u201c \u00fcberreicht.<\/p>\n<p><a title=\"Foto: Max Colin Heydenreich\" rel=\"lightbox[roadtrip]\" href=\"http:\/\/www.schoene-nachrichten.de\/wp-content\/uploads\/2008\/08\/080807_Polizei_016.jpg\" target=\"_blank\"><img decoding=\"async\" src=\"http:\/\/www.schoene-nachrichten.de\/wp-content\/uploads\/2008\/08\/080807_Polizei_016.thumbnail.jpg\" alt=\"080807_Polizei_016.jpg\" width=\"128\" \/><\/a> <a title=\"Foto: Max Colin Heydenreich\" rel=\"lightbox[roadtrip]\" href=\"http:\/\/www.schoene-nachrichten.de\/wp-content\/uploads\/2008\/08\/080807_Polizei_025.jpg\" target=\"_blank\"><img decoding=\"async\" src=\"http:\/\/www.schoene-nachrichten.de\/wp-content\/uploads\/2008\/08\/080807_Polizei_025.thumbnail.jpg\" alt=\"080807_Polizei_025.jpg\" width=\"128\" \/><\/a> <a title=\"Foto: Max Colin Heydenreich\" rel=\"lightbox[roadtrip]\" href=\"http:\/\/www.schoene-nachrichten.de\/wp-content\/uploads\/2008\/08\/080807_Polizei_017.jpg\" target=\"_blank\"><img decoding=\"async\" src=\"http:\/\/www.schoene-nachrichten.de\/wp-content\/uploads\/2008\/08\/080807_Polizei_017.thumbnail.jpg\" alt=\"080807_Polizei_017.jpg\" width=\"128\" \/><\/a><\/p>\n<p><a title=\"Foto: Max Colin Heydenreich\" rel=\"lightbox[roadtrip]\" href=\"http:\/\/www.schoene-nachrichten.de\/wp-content\/uploads\/2008\/08\/080807_Polizei_019.jpg\" target=\"_blank\"><img decoding=\"async\" src=\"http:\/\/www.schoene-nachrichten.de\/wp-content\/uploads\/2008\/08\/080807_Polizei_019.thumbnail.jpg\" alt=\"080807_Polizei_019.jpg\" width=\"128\" \/><\/a> <a title=\"Foto: Max Colin Heydenreich\" rel=\"lightbox[roadtrip]\" href=\"http:\/\/www.schoene-nachrichten.de\/wp-content\/uploads\/2008\/08\/080807_Polizei_034.jpg\" target=\"_blank\"><img decoding=\"async\" src=\"http:\/\/www.schoene-nachrichten.de\/wp-content\/uploads\/2008\/08\/080807_Polizei_034.thumbnail.jpg\" alt=\"080807_Polizei_034.jpg\" width=\"128\" \/><\/a> <a title=\"Foto: Max Colin Heydenreich\" rel=\"lightbox[roadtrip]\" href=\"http:\/\/www.schoene-nachrichten.de\/wp-content\/uploads\/2008\/08\/080807_Polizei_021.jpg\" target=\"_blank\"><img decoding=\"async\" src=\"http:\/\/www.schoene-nachrichten.de\/wp-content\/uploads\/2008\/08\/080807_Polizei_021.thumbnail.jpg\" alt=\"080807_Polizei_021.jpg\" width=\"128\" \/><\/a><\/p>\n<p>An\u00c2\u00a0 insgesamt acht ausgew\u00e4hlten Schulen in den Landkreisen Fulda, Hersfeld-Rotenburg und Vogelsberg sowie an zehn Messstellen der Kommunen werden heute die gefahrenen Geschwindigkeiten im Bereich der Schulwege kontrolliert. Geschwindigkeits\u00fcberschreitungen und andere Verst\u00f6\u00dfe im Bu\u00dfgeldbereich werden von der Polizei zur Anzeige gebracht.<\/p>\n<p><a title=\"Foto: Max Colin Heydenreich\" rel=\"lightbox[roadtrip]\" href=\"http:\/\/www.schoene-nachrichten.de\/wp-content\/uploads\/2008\/08\/080807_Polizei_022.jpg\" target=\"_blank\"><img decoding=\"async\" src=\"http:\/\/www.schoene-nachrichten.de\/wp-content\/uploads\/2008\/08\/080807_Polizei_022.thumbnail.jpg\" alt=\"080807_Polizei_022.jpg\" width=\"128\" \/><\/a> <a title=\"Foto: Max Colin Heydenreich\" rel=\"lightbox[roadtrip]\" href=\"http:\/\/www.schoene-nachrichten.de\/wp-content\/uploads\/2008\/08\/080807_Polizei_027.jpg\" target=\"_blank\"><img decoding=\"async\" src=\"http:\/\/www.schoene-nachrichten.de\/wp-content\/uploads\/2008\/08\/080807_Polizei_027.thumbnail.jpg\" alt=\"080807_Polizei_027.jpg\" width=\"128\" \/><\/a> <a title=\"Foto: Max Colin Heydenreich\" rel=\"lightbox[roadtrip]\" href=\"http:\/\/www.schoene-nachrichten.de\/wp-content\/uploads\/2008\/08\/080807_Polizei_023.jpg\" target=\"_blank\"><img decoding=\"async\" src=\"http:\/\/www.schoene-nachrichten.de\/wp-content\/uploads\/2008\/08\/080807_Polizei_023.thumbnail.jpg\" alt=\"080807_Polizei_023.jpg\" width=\"128\" \/><\/a><\/p>\n<p><a title=\"Foto: Max Colin Heydenreich\" rel=\"lightbox[roadtrip]\" href=\"http:\/\/www.schoene-nachrichten.de\/wp-content\/uploads\/2008\/08\/080807_Polizei_028.jpg\" target=\"_blank\"><img decoding=\"async\" src=\"http:\/\/www.schoene-nachrichten.de\/wp-content\/uploads\/2008\/08\/080807_Polizei_028.thumbnail.jpg\" alt=\"080807_Polizei_028.jpg\" width=\"128\" \/><\/a> <a title=\"Foto: Max Colin Heydenreich\" rel=\"lightbox[roadtrip]\" href=\"http:\/\/www.schoene-nachrichten.de\/wp-content\/uploads\/2008\/08\/080807_Polizei_029.jpg\" target=\"_blank\"><img decoding=\"async\" src=\"http:\/\/www.schoene-nachrichten.de\/wp-content\/uploads\/2008\/08\/080807_Polizei_029.thumbnail.jpg\" alt=\"080807_Polizei_029.jpg\" width=\"128\" \/><\/a> <a title=\"Foto: Max Colin Heydenreich\" rel=\"lightbox[roadtrip]\" href=\"http:\/\/www.schoene-nachrichten.de\/wp-content\/uploads\/2008\/08\/080807_Polizei_030.jpg\" target=\"_blank\"><img decoding=\"async\" src=\"http:\/\/www.schoene-nachrichten.de\/wp-content\/uploads\/2008\/08\/080807_Polizei_030.thumbnail.jpg\" alt=\"080807_Polizei_030.jpg\" width=\"128\" \/><\/a><\/p>\n<p>Bei einer Geschwindigkeit von 30 km\/h ist der Anhaltweg eines Pkw 12 Meter. 20 Km\/h mehr und der Anhalteweg verdoppelt sich. Bei 70 km\/h betr\u00e4gt er dann 43 Meter, ein sehr weiter Weg, bei dem die Chance des Ausweichens oder gar Anhaltens vor einem \u00fcber die Fahrbahn laufenden Kind kaum noch m\u00f6glich w\u00e4re.<\/p>\n<p><a title=\"Foto: Max Colin Heydenreich\" rel=\"lightbox[roadtrip]\" href=\"http:\/\/www.schoene-nachrichten.de\/wp-content\/uploads\/2008\/08\/080807_Polizei_031.jpg\" target=\"_blank\"><img decoding=\"async\" src=\"http:\/\/www.schoene-nachrichten.de\/wp-content\/uploads\/2008\/08\/080807_Polizei_031.thumbnail.jpg\" alt=\"080807_Polizei_031.jpg\" width=\"128\" \/><\/a> <a title=\"Foto: Max Colin Heydenreich\" rel=\"lightbox[roadtrip]\" href=\"http:\/\/www.schoene-nachrichten.de\/wp-content\/uploads\/2008\/08\/080807_Polizei_032.jpg\" target=\"_blank\"><img decoding=\"async\" src=\"http:\/\/www.schoene-nachrichten.de\/wp-content\/uploads\/2008\/08\/080807_Polizei_032.thumbnail.jpg\" alt=\"080807_Polizei_032.jpg\" width=\"128\" \/><\/a> <a title=\"Foto: Max Colin Heydenreich\" rel=\"lightbox[roadtrip]\" href=\"http:\/\/www.schoene-nachrichten.de\/wp-content\/uploads\/2008\/08\/080807_Polizei_033.jpg\" target=\"_blank\"><img decoding=\"async\" src=\"http:\/\/www.schoene-nachrichten.de\/wp-content\/uploads\/2008\/08\/080807_Polizei_033.thumbnail.jpg\" alt=\"080807_Polizei_033.jpg\" width=\"128\" \/><\/a><\/p>\n<p>Das gr\u00f6\u00dfte Risiko f\u00fcr Kinder besteht beim \u00dcberqueren der Fahrbahn, da sie die Geschwindigkeit der Fahrzeuge noch nicht richtig einsch\u00e4tzen k\u00f6nnen. \u00dcberh\u00f6hte Geschwindigkeit ist eine Hauptursache f\u00fcr Schulwegunf\u00e4lle. Der pr\u00e4ventive Charakter der Ma\u00dfnahme steht an diesem Tag im Vordergrund. Kinder sind keine kleinen Erwachsenen. Sie denken, f\u00fchlen und handeln anders \u2013 auch im Stra\u00dfenverkehr.<\/p>\n<p>Um den Schulanf\u00e4ngern in den ersten Wochen ihres neuen Lebensabschnittes mehr Sicherheit auf den Stra\u00dfen zu erm\u00f6glichen, werden die Polizeibeamtinnen und \u2013beamte verst\u00e4rkt \u00fcberwachen, ob die Verkehrsregeln eingehalten werden.<\/p>\n<p>Dabei richtet sich die polizeiliche Aufmerksamkeit insbesondere auf den Nahbereich von Schulen und Bushaltestellen sowie auf ein verkehrsgerechtes Verhalten von Fu\u00dfg\u00e4ngern und Fahrzeugf\u00fchrern an Fu\u00dfg\u00e4nger\u00fcberwegen und Lichtzeichenanlagen. Auch falsch abgestellte Fahrzeuge im Umfeld von Schulen machen Kindern ein gefahrloses \u00dcberqueren der Stra\u00dfe h\u00e4ufig unm\u00f6glich.<\/p>\n","protected":false},"excerpt":{"rendered":"<div class=\"tmnf_excerpt\"><p>Fulda. Zum Schuljahresbeginn f\u00fchrt die Hessische Polizei einen Landesaktionstag mit dem Thema \u201eSicherer Schulweg\u201c durch. Gleichzeitig pr\u00e4sentiert das Polizeipr\u00e4sidium Osthessen das Verkehrspr\u00e4ventionsprojekt \u201eBlitz f\u00fcr Kids\u201c. Fotos (33): Max Colin Heydenreich<\/p>\n<\/div>","protected":false},"author":1,"featured_media":0,"comment_status":"closed","ping_status":"closed","sticky":false,"template":"","format":"standard","meta":{"footnotes":""},"categories":[1,54,53,72],"tags":[],"class_list":["post-10891","post","type-post","status-publish","format-standard","hentry","category-startseite","category-bildergalerien","category-bildung","category-jugend"],"_links":{"self":[{"href":"https:\/\/www.fuldaernachrichten.de\/index.php?rest_route=\/wp\/v2\/posts\/10891","targetHints":{"allow":["GET"]}}],"collection":[{"href":"https:\/\/www.fuldaernachrichten.de\/index.php?rest_route=\/wp\/v2\/posts"}],"about":[{"href":"https:\/\/www.fuldaernachrichten.de\/index.php?rest_route=\/wp\/v2\/types\/post"}],"author":[{"embeddable":true,"href":"https:\/\/www.fuldaernachrichten.de\/index.php?rest_route=\/wp\/v2\/users\/1"}],"replies":[{"embeddable":true,"href":"https:\/\/www.fuldaernachrichten.de\/index.php?rest_route=%2Fwp%2Fv2%2Fcomments&post=10891"}],"version-history":[{"count":0,"href":"https:\/\/www.fuldaernachrichten.de\/index.php?rest_route=\/wp\/v2\/posts\/10891\/revisions"}],"wp:attachment":[{"href":"https:\/\/www.fuldaernachrichten.de\/index.php?rest_route=%2Fwp%2Fv2%2Fmedia&parent=10891"}],"wp:term":[{"taxonomy":"category","embeddable":true,"href":"https:\/\/www.fuldaernachrichten.de\/index.php?rest_route=%2Fwp%2Fv2%2Fcategories&post=10891"},{"taxonomy":"post_tag","embeddable":true,"href":"https:\/\/www.fuldaernachrichten.de\/index.php?rest_route=%2Fwp%2Fv2%2Ftags&post=10891"}],"curies":[{"name":"wp","href":"https:\/\/api.w.org\/{rel}","templated":true}]}}