{"id":108810,"date":"2013-05-06T00:13:57","date_gmt":"2013-05-06T00:13:57","guid":{"rendered":"http:\/\/www.fuldaer-nachrichten.de\/?p=108810"},"modified":"2013-05-06T08:40:41","modified_gmt":"2013-05-06T08:40:41","slug":"belastende-erfahrungen-in-den-ersten-liebesbeziehungen-jugendlicher-forschungsprojekt-startet-befragung-in-schulen","status":"publish","type":"post","link":"https:\/\/www.fuldaernachrichten.de\/?p=108810","title":{"rendered":"Belastende Erfahrungen in den ersten Liebesbeziehungen Jugendlicher: Forschungsprojekt startet Befragung in Schulen"},"content":{"rendered":"<p>Fulda. An ausgew\u00e4hlten hessischen Gymnasien, Real-, Haupt- und Berufsschulen werden bis Ende des Schuljahres Sch\u00fclerinnen und Sch\u00fcler im Alter zwischen 14 und unter 18 Jahren \u00fcber ihre Erfahrungen in ihren ersten Liebesbeziehungen befragt \u2013 vorbehaltlich der Einverst\u00e4ndniserkl\u00e4rung ihrer Eltern bzw. erziehungsberechtigten Personen.<!--more--><\/p>\n<p>Die Befragung erfolgt per Fragebogen und ist Teil eines Forschungsprojekts der Hochschule Fulda. Die Wissenschaftlerinnen und Wissenschaftler wollen herausfinden, wie viele Jugendliche in ihren ersten Liebesbeziehungen belastende psychische, k\u00f6rperliche oder sexualisierte Erfahrungen machen mussten und ob sich daraus Folgen f\u00fcr die Gesundheit oder die schulischen Leistungen ergeben haben. In den anglo-amerikanischen L\u00e4ndern ist das Ph\u00e4nomen als Teen Dating Violence bekannt. Britische Studien zeigen, dass auch in Europa Jugendliche keineswegs davon verschont sind.<\/p>\n<p>Die Sch\u00fclerinnen und Sch\u00fcler sollen unter anderem Angaben machen zum Umgang im Freundes- und Familienkreis, zu ihrem Wohlbefinden, ihren erster Erfahrungen mit Liebesbeziehungen und Dates, zu Risikofaktoren wie Alkohol- und Drogenkonsum sowie Alter des Partners oder der Partnerin. Die Schulen wurden nach einer Zufallsstichprobe ausgew\u00e4hlt und decken st\u00e4dtische und l\u00e4ndliche Regionen gleicherma\u00dfen ab.<\/p>\n<p>\u201eWir wollen herausfinden, inwieweit es erforderlich ist, Pr\u00e4ventionsma\u00dfnahmen anzubieten und wie und in welcher Altersgruppe wir damit ansetzen m\u00fcssten\u201c, beschreibt Projektleiterin Prof. Dr. Beate Bl\u00e4ttner das Ziel der Befragung. Belastende Erfahrungen in Beziehungen k\u00f6nne das gesundheitliche Wohlbefinden von Jugendlichen stark beeintr\u00e4chtigen. Das Ausma\u00df der Gewalt zu dokumentieren, sei auch ein wichtiger Schritt, damit Pr\u00e4ventionsma\u00dfnahmen zum Beispiel von Krankenkassen bezahlt w\u00fcrden.<\/p>\n<p>In Deutschland stehen f\u00fcr die Altersgruppe der 14 bis unter 18-J\u00e4hrigen bislang keine repr\u00e4sentativen Daten zu k\u00f6rperlicher, psychischer und sexualisierter Gewalt zur Verf\u00fcgung. Die Ergebnisse der Befragung sollen im Herbst dieses Jahres vorliegen.<\/p>\n<p>&nbsp;<\/p>\n","protected":false},"excerpt":{"rendered":"<div class=\"tmnf_excerpt\"><p>Fulda. An ausgew\u00e4hlten hessischen Gymnasien, Real-, Haupt- und Berufsschulen werden bis Ende des Schuljahres Sch\u00fclerinnen und Sch\u00fcler im Alter zwischen 14 und unter 18 Jahren \u00fcber ihre Erfahrungen in ihren ersten Liebesbeziehungen befragt \u2013 vorbehaltlich der Einverst\u00e4ndniserkl\u00e4rung ihrer Eltern bzw. erziehungsberechtigten Personen.<\/p>\n<\/div>","protected":false},"author":1,"featured_media":0,"comment_status":"closed","ping_status":"closed","sticky":false,"template":"","format":"standard","meta":{"footnotes":""},"categories":[1,48],"tags":[],"class_list":["post-108810","post","type-post","status-publish","format-standard","hentry","category-startseite","category-forschung"],"_links":{"self":[{"href":"https:\/\/www.fuldaernachrichten.de\/index.php?rest_route=\/wp\/v2\/posts\/108810","targetHints":{"allow":["GET"]}}],"collection":[{"href":"https:\/\/www.fuldaernachrichten.de\/index.php?rest_route=\/wp\/v2\/posts"}],"about":[{"href":"https:\/\/www.fuldaernachrichten.de\/index.php?rest_route=\/wp\/v2\/types\/post"}],"author":[{"embeddable":true,"href":"https:\/\/www.fuldaernachrichten.de\/index.php?rest_route=\/wp\/v2\/users\/1"}],"replies":[{"embeddable":true,"href":"https:\/\/www.fuldaernachrichten.de\/index.php?rest_route=%2Fwp%2Fv2%2Fcomments&post=108810"}],"version-history":[{"count":0,"href":"https:\/\/www.fuldaernachrichten.de\/index.php?rest_route=\/wp\/v2\/posts\/108810\/revisions"}],"wp:attachment":[{"href":"https:\/\/www.fuldaernachrichten.de\/index.php?rest_route=%2Fwp%2Fv2%2Fmedia&parent=108810"}],"wp:term":[{"taxonomy":"category","embeddable":true,"href":"https:\/\/www.fuldaernachrichten.de\/index.php?rest_route=%2Fwp%2Fv2%2Fcategories&post=108810"},{"taxonomy":"post_tag","embeddable":true,"href":"https:\/\/www.fuldaernachrichten.de\/index.php?rest_route=%2Fwp%2Fv2%2Ftags&post=108810"}],"curies":[{"name":"wp","href":"https:\/\/api.w.org\/{rel}","templated":true}]}}