{"id":108633,"date":"2013-05-02T07:39:52","date_gmt":"2013-05-02T07:39:52","guid":{"rendered":"http:\/\/www.fuldaer-nachrichten.de\/?p=108633"},"modified":"2013-05-02T07:41:03","modified_gmt":"2013-05-02T07:41:03","slug":"menschenrettung-unter-schwerem-atemschutz-ubung-des-thw-neuhof","status":"publish","type":"post","link":"https:\/\/www.fuldaernachrichten.de\/?p=108633","title":{"rendered":"Menschenrettung unter schwerem Atemschutz \u2013 \u00dcbung des THW Neuhof"},"content":{"rendered":"<p><img decoding=\"async\" class=\"alignleft size-thumbnail wp-image-108639\" alt=\"_DSC0420\" src=\"http:\/\/www.fuldaer-nachrichten.de\/wp-content\/uploads\/2013\/05\/DSC0420-265x177.jpg\" width=\"265\" height=\"177\" srcset=\"https:\/\/www.fuldaernachrichten.de\/wp-content\/uploads\/2013\/05\/DSC0420-265x177.jpg 265w, https:\/\/www.fuldaernachrichten.de\/wp-content\/uploads\/2013\/05\/DSC0420.jpg 600w\" sizes=\"(max-width: 265px) 100vw, 265px\" \/>Neuhof. Unter schwerem Atemschutz mussten die Atemschutzger\u00e4tetr\u00e4ger im Rahmen einer Einsatz\u00fcbung eine verletzte Person aus einem total verrauchten Geb\u00e4ude retten. Es war 19:30 Uhr, als in Flieden mehrere Einsatzfahrzeuge des THW Neuhof zu einem total verrauchten Geb\u00e4ude kamen. Nach einer Lagebesprechung mit dem Gruppenf\u00fchrer der Bergungsgruppen Lucas Wolf zogen die Atemschutzger\u00e4tetr\u00e4ger ihre Ger\u00e4te auf. Ein erster Suchtrupp bestehend aus drei Helfern \u00f6ffnete ein Fenster und begab sich in das total verrauchte Geb\u00e4ude. Immer im Funkkontakt mit dem Gruppenf\u00fchrer, der die Atemschutzger\u00e4tetr\u00e4ger von au\u00dfen \u00fcberwachte, suchten sie nacheinander die R\u00e4ume ab. Die \u00dcberpr\u00fcfung der Atemschutzger\u00e4tetr\u00e4ger ist sehr wichtig, betonte der Gruppenf\u00fchrer Lucas Wolf.<!--more--><\/p>\n<p>Ein im Haus befindlicher Atemschutzger\u00e4tetr\u00e4ger wurde &#8220;pl\u00f6tzlich&#8221; ohnm\u00e4chtig. Die beiden anderen Atemschutzger\u00e4tetr\u00e4ger informierten sofort den Gruppenf\u00fchrer, der den Sicherheitstrupp in das Geb\u00e4ude schickte. Diese k\u00fcmmerten sich um die Rettung des Helfers, der nat\u00fcrlich Teil der \u00dcbung war und auch um die Rettung des gefundenen Hausbewohners. Die Fachgruppe Beleuchtung leuchtete die Einsatzstelle gro\u00dffl\u00e4chig auf. Viele Anwohner und auch Verkehrsteilnehmer waren \u00fcber das Ausma\u00df dieser \u00dcbung erstaunt und beobachteten den \u00dcbungsverlauf sehr interessiert.<\/p>\n<p>Der Zugtrupp war mit der Absicherung der Einsatzstelle und der Verkehrswege beauftragt. Der Zugf\u00fchrer Daniel M\u00e4rtens beobachtete den \u00dcbungsverlauf und nahm diesen per Videokamera auf, um anschlie\u00dfend die \u00dcbung auswerten zu k\u00f6nnen. Die Helfer des THW Neuhof bedanken sich angesichts der Uhrzeit der \u00dcbung bei den Anwohnern f\u00fcr das Verst\u00e4ndnis. Ein besonderer Dank gilt der R\u00fcckelt Unternehmensgruppe f\u00fcr die Bereitstellung des \u00dcbungsgel\u00e4ndes. N\u00e4here Informationen und weitere Bilder erhalten Sie auf der neugestalteten Homepage des THW Neuhof (<a href=\"http:\/\/www.thw-neuhof.de\" target=\"_blank\">www.thw-neuhof.de<\/a>)<\/p>\n<p><img decoding=\"async\" class=\"alignnone size-thumbnail wp-image-108643\" alt=\"_DSC0749\" src=\"http:\/\/www.fuldaer-nachrichten.de\/wp-content\/uploads\/2013\/05\/DSC0749-265x177.jpg\" width=\"265\" height=\"177\" srcset=\"https:\/\/www.fuldaernachrichten.de\/wp-content\/uploads\/2013\/05\/DSC0749-265x177.jpg 265w, https:\/\/www.fuldaernachrichten.de\/wp-content\/uploads\/2013\/05\/DSC0749.jpg 600w\" sizes=\"(max-width: 265px) 100vw, 265px\" \/> <img decoding=\"async\" class=\"alignnone size-thumbnail wp-image-108644\" alt=\"_DSC0793\" src=\"http:\/\/www.fuldaer-nachrichten.de\/wp-content\/uploads\/2013\/05\/DSC0793-265x177.jpg\" width=\"265\" height=\"177\" srcset=\"https:\/\/www.fuldaernachrichten.de\/wp-content\/uploads\/2013\/05\/DSC0793-265x177.jpg 265w, https:\/\/www.fuldaernachrichten.de\/wp-content\/uploads\/2013\/05\/DSC0793.jpg 600w\" sizes=\"(max-width: 265px) 100vw, 265px\" \/> <img loading=\"lazy\" decoding=\"async\" class=\"alignnone size-thumbnail wp-image-108640\" alt=\"_DSC0521\" src=\"http:\/\/www.fuldaer-nachrichten.de\/wp-content\/uploads\/2013\/05\/DSC0521-265x177.jpg\" width=\"265\" height=\"177\" srcset=\"https:\/\/www.fuldaernachrichten.de\/wp-content\/uploads\/2013\/05\/DSC0521-265x177.jpg 265w, https:\/\/www.fuldaernachrichten.de\/wp-content\/uploads\/2013\/05\/DSC0521.jpg 600w\" sizes=\"(max-width: 265px) 100vw, 265px\" \/> <img loading=\"lazy\" decoding=\"async\" class=\"alignnone size-thumbnail wp-image-108642\" alt=\"_DSC0663\" src=\"http:\/\/www.fuldaer-nachrichten.de\/wp-content\/uploads\/2013\/05\/DSC0663-265x177.jpg\" width=\"265\" height=\"177\" srcset=\"https:\/\/www.fuldaernachrichten.de\/wp-content\/uploads\/2013\/05\/DSC0663-265x177.jpg 265w, https:\/\/www.fuldaernachrichten.de\/wp-content\/uploads\/2013\/05\/DSC0663.jpg 600w\" sizes=\"(max-width: 265px) 100vw, 265px\" \/> <img loading=\"lazy\" decoding=\"async\" class=\"alignnone size-thumbnail wp-image-108639\" alt=\"_DSC0420\" src=\"http:\/\/www.fuldaer-nachrichten.de\/wp-content\/uploads\/2013\/05\/DSC0420-265x177.jpg\" width=\"265\" height=\"177\" srcset=\"https:\/\/www.fuldaernachrichten.de\/wp-content\/uploads\/2013\/05\/DSC0420-265x177.jpg 265w, https:\/\/www.fuldaernachrichten.de\/wp-content\/uploads\/2013\/05\/DSC0420.jpg 600w\" sizes=\"(max-width: 265px) 100vw, 265px\" \/> <img loading=\"lazy\" decoding=\"async\" class=\"alignnone size-thumbnail wp-image-108635\" alt=\"_DSC0171\" src=\"http:\/\/www.fuldaer-nachrichten.de\/wp-content\/uploads\/2013\/05\/DSC0171-265x177.jpg\" width=\"265\" height=\"177\" srcset=\"https:\/\/www.fuldaernachrichten.de\/wp-content\/uploads\/2013\/05\/DSC0171-265x177.jpg 265w, https:\/\/www.fuldaernachrichten.de\/wp-content\/uploads\/2013\/05\/DSC0171.jpg 600w\" sizes=\"(max-width: 265px) 100vw, 265px\" \/> <img loading=\"lazy\" decoding=\"async\" class=\"alignnone size-thumbnail wp-image-108636\" alt=\"_DSC0246\" src=\"http:\/\/www.fuldaer-nachrichten.de\/wp-content\/uploads\/2013\/05\/DSC0246-265x177.jpg\" width=\"265\" height=\"177\" srcset=\"https:\/\/www.fuldaernachrichten.de\/wp-content\/uploads\/2013\/05\/DSC0246-265x177.jpg 265w, https:\/\/www.fuldaernachrichten.de\/wp-content\/uploads\/2013\/05\/DSC0246.jpg 600w\" sizes=\"(max-width: 265px) 100vw, 265px\" \/> <img loading=\"lazy\" decoding=\"async\" class=\"alignnone size-thumbnail wp-image-108637\" alt=\"_DSC0312\" src=\"http:\/\/www.fuldaer-nachrichten.de\/wp-content\/uploads\/2013\/05\/DSC0312-265x177.jpg\" width=\"265\" height=\"177\" srcset=\"https:\/\/www.fuldaernachrichten.de\/wp-content\/uploads\/2013\/05\/DSC0312-265x177.jpg 265w, https:\/\/www.fuldaernachrichten.de\/wp-content\/uploads\/2013\/05\/DSC0312.jpg 600w\" sizes=\"(max-width: 265px) 100vw, 265px\" \/> <img loading=\"lazy\" decoding=\"async\" class=\"alignnone size-thumbnail wp-image-108638\" alt=\"_DSC0404\" src=\"http:\/\/www.fuldaer-nachrichten.de\/wp-content\/uploads\/2013\/05\/DSC0404-265x177.jpg\" width=\"265\" height=\"177\" srcset=\"https:\/\/www.fuldaernachrichten.de\/wp-content\/uploads\/2013\/05\/DSC0404-265x177.jpg 265w, https:\/\/www.fuldaernachrichten.de\/wp-content\/uploads\/2013\/05\/DSC0404.jpg 600w\" sizes=\"(max-width: 265px) 100vw, 265px\" \/> <img loading=\"lazy\" decoding=\"async\" class=\"alignnone size-thumbnail wp-image-108634\" alt=\"_DSC0115\" src=\"http:\/\/www.fuldaer-nachrichten.de\/wp-content\/uploads\/2013\/05\/DSC0115-265x177.jpg\" width=\"265\" height=\"177\" srcset=\"https:\/\/www.fuldaernachrichten.de\/wp-content\/uploads\/2013\/05\/DSC0115-265x177.jpg 265w, https:\/\/www.fuldaernachrichten.de\/wp-content\/uploads\/2013\/05\/DSC0115.jpg 600w\" sizes=\"(max-width: 265px) 100vw, 265px\" \/><\/p>\n","protected":false},"excerpt":{"rendered":"<div class=\"tmnf_excerpt\"><p>Neuhof. Unter schwerem Atemschutz mussten die Atemschutzger\u00e4tetr\u00e4ger im Rahmen einer Einsatz\u00fcbung eine verletzte Person aus einem total verrauchten Geb\u00e4ude retten. Es war 19:30 Uhr, als in Flieden mehrere Einsatzfahrzeuge des THW Neuhof zu einem total verrauchten Geb\u00e4ude kamen. Nach einer Lagebesprechung mit dem Gruppenf\u00fchrer der Bergungsgruppen Lucas Wolf zogen die Atemschutzger\u00e4tetr\u00e4ger ihre Ger\u00e4te auf. Ein &hellip;<\/p>\n<\/div>","protected":false},"author":1,"featured_media":0,"comment_status":"closed","ping_status":"closed","sticky":false,"template":"","format":"standard","meta":{"footnotes":""},"categories":[1,71],"tags":[],"class_list":["post-108633","post","type-post","status-publish","format-standard","hentry","category-startseite","category-feuerwehr"],"_links":{"self":[{"href":"https:\/\/www.fuldaernachrichten.de\/index.php?rest_route=\/wp\/v2\/posts\/108633","targetHints":{"allow":["GET"]}}],"collection":[{"href":"https:\/\/www.fuldaernachrichten.de\/index.php?rest_route=\/wp\/v2\/posts"}],"about":[{"href":"https:\/\/www.fuldaernachrichten.de\/index.php?rest_route=\/wp\/v2\/types\/post"}],"author":[{"embeddable":true,"href":"https:\/\/www.fuldaernachrichten.de\/index.php?rest_route=\/wp\/v2\/users\/1"}],"replies":[{"embeddable":true,"href":"https:\/\/www.fuldaernachrichten.de\/index.php?rest_route=%2Fwp%2Fv2%2Fcomments&post=108633"}],"version-history":[{"count":0,"href":"https:\/\/www.fuldaernachrichten.de\/index.php?rest_route=\/wp\/v2\/posts\/108633\/revisions"}],"wp:attachment":[{"href":"https:\/\/www.fuldaernachrichten.de\/index.php?rest_route=%2Fwp%2Fv2%2Fmedia&parent=108633"}],"wp:term":[{"taxonomy":"category","embeddable":true,"href":"https:\/\/www.fuldaernachrichten.de\/index.php?rest_route=%2Fwp%2Fv2%2Fcategories&post=108633"},{"taxonomy":"post_tag","embeddable":true,"href":"https:\/\/www.fuldaernachrichten.de\/index.php?rest_route=%2Fwp%2Fv2%2Ftags&post=108633"}],"curies":[{"name":"wp","href":"https:\/\/api.w.org\/{rel}","templated":true}]}}