{"id":108543,"date":"2013-04-30T00:12:19","date_gmt":"2013-04-30T00:12:19","guid":{"rendered":"http:\/\/www.fuldaer-nachrichten.de\/?p=108543"},"modified":"2013-04-29T08:51:07","modified_gmt":"2013-04-29T08:51:07","slug":"kab-aufruf-zum-tag-der-arbeit","status":"publish","type":"post","link":"https:\/\/www.fuldaernachrichten.de\/?p=108543","title":{"rendered":"KAB-Aufruf zum Tag der Arbeit"},"content":{"rendered":"<p>Fulda. Zu einem konsequenten Umdenken in Politik, Wirtschaft und Gesellschaft ruft die Katholische Arbeitnehmer-Bewegung (KAB) Di\u00f6zesanverband Fulda auf. Angesichts von drei Millionen Menschen die vom Arbeitsmarkt ausgeschlossen werden, einer Spaltung der Gesellschaft, die Reiche reicher und Arme zahlreicher macht, einem ausufernden Niedriglohnbereich, der Armut trotz Arbeit schafft, und einer erschreckenden Zunahme der Altersarmut, die \u00e4ltere Menschen zwingt trotz Rente sich mit Zusatzjobs \u00fcber Wasser zu halten, ruft der katholische Sozialverband die Politik auf, endlich die Steuer herumzurei\u00dfen. <!--more--><br \/>\n&#8211; Es ist ein Skandal, dass nach der\u00c2\u00a0 Banken- und Finanzkrise die Politik die Bew\u00e4ltigung dieser Krise weiterhin auf dem R\u00fccken der B\u00fcrger und B\u00fcrgerinnen in ganz Europa austr\u00e4gt!<\/p>\n<p>&#8211; Es ist ein Skandal, dass die Wirtschaft mit Lohndumping die Ausbeutung von Arbeitnehmerinnen und Arbeitnehmern\u00c2\u00a0 betreibt, um den Profit der Aktion\u00e4re zu steigern !<\/p>\n<p>&#8211; Es ist ein Skandal, dass die Energiewende auf Kosten von Umwelt und Ressourcen verschleppt wird, um die Gewinne der global agierenden Unternehmen zu steigern !<\/p>\n<p>Als christliche Bewegung f\u00fcr soziale Gerechtigkeit rufen wir die Verantwortlichen in Politik und Wirtschaft auf: Fair teilen, statt sozial spalten, damit nachhaltig leben und arbeiten m\u00f6glich wird. Um den Sozialabbau zu stoppen, muss jetzt um-fair-teilt werden!<\/p>\n<p><strong>Rei\u00dft die Steuer rum!<\/strong><br \/>\nDie KAB fordert die Einf\u00fchrung eines Spitzensteuersatzes von 50 Prozent auf alle Einkommen und Einkommensarten \u00fcber 60.000 Euro (Verheiratete 120.000 Euro) pro Jahr und eine Verm\u00f6genssteuer.<\/p>\n<p><strong>Rei\u00dft die Steuer rum!<\/strong><br \/>\nDie KAB fordert die Einf\u00fchrung einer 30-Stunden-Woche zur gleichwertigen Anerkennung aller T\u00e4tigkeiten von Frauen und M\u00e4nnern sowie die Einf\u00fchrung eines gesetzlichen Mindestlohns von 9,70 Euro pro Stunde.<\/p>\n<p><strong>Rei\u00dft die Steuer rum!<\/strong><br \/>\nDie KAB fordert eine Energiewende, die die Kosten sozial gerecht verteilt. Keine Entlastung von und keine Subventionen an Gro\u00dfunternehmen, die Raubbau\u00c2\u00a0 an der Natur betreiben. Ein anderes Wirtschaften, das auf Nachhaltigkeit setzt und die\u00c2\u00a0 regionalen M\u00e4rkte st\u00e4rkt, ist dringend notwendig. (Michael Schmitt)<\/p>\n","protected":false},"excerpt":{"rendered":"<div class=\"tmnf_excerpt\"><p>Fulda. Zu einem konsequenten Umdenken in Politik, Wirtschaft und Gesellschaft ruft die Katholische Arbeitnehmer-Bewegung (KAB) Di\u00f6zesanverband Fulda auf. Angesichts von drei Millionen Menschen die vom Arbeitsmarkt ausgeschlossen werden, einer Spaltung der Gesellschaft, die Reiche reicher und Arme zahlreicher macht, einem ausufernden Niedriglohnbereich, der Armut trotz Arbeit schafft, und einer erschreckenden Zunahme der Altersarmut, die \u00e4ltere &hellip;<\/p>\n<\/div>","protected":false},"author":1,"featured_media":0,"comment_status":"closed","ping_status":"closed","sticky":false,"template":"","format":"standard","meta":{"footnotes":""},"categories":[1,50],"tags":[],"class_list":["post-108543","post","type-post","status-publish","format-standard","hentry","category-startseite","category-kirche"],"_links":{"self":[{"href":"https:\/\/www.fuldaernachrichten.de\/index.php?rest_route=\/wp\/v2\/posts\/108543","targetHints":{"allow":["GET"]}}],"collection":[{"href":"https:\/\/www.fuldaernachrichten.de\/index.php?rest_route=\/wp\/v2\/posts"}],"about":[{"href":"https:\/\/www.fuldaernachrichten.de\/index.php?rest_route=\/wp\/v2\/types\/post"}],"author":[{"embeddable":true,"href":"https:\/\/www.fuldaernachrichten.de\/index.php?rest_route=\/wp\/v2\/users\/1"}],"replies":[{"embeddable":true,"href":"https:\/\/www.fuldaernachrichten.de\/index.php?rest_route=%2Fwp%2Fv2%2Fcomments&post=108543"}],"version-history":[{"count":0,"href":"https:\/\/www.fuldaernachrichten.de\/index.php?rest_route=\/wp\/v2\/posts\/108543\/revisions"}],"wp:attachment":[{"href":"https:\/\/www.fuldaernachrichten.de\/index.php?rest_route=%2Fwp%2Fv2%2Fmedia&parent=108543"}],"wp:term":[{"taxonomy":"category","embeddable":true,"href":"https:\/\/www.fuldaernachrichten.de\/index.php?rest_route=%2Fwp%2Fv2%2Fcategories&post=108543"},{"taxonomy":"post_tag","embeddable":true,"href":"https:\/\/www.fuldaernachrichten.de\/index.php?rest_route=%2Fwp%2Fv2%2Ftags&post=108543"}],"curies":[{"name":"wp","href":"https:\/\/api.w.org\/{rel}","templated":true}]}}