{"id":108536,"date":"2013-04-29T07:21:05","date_gmt":"2013-04-29T07:21:05","guid":{"rendered":"http:\/\/www.fuldaer-nachrichten.de\/?p=108536"},"modified":"2013-04-29T07:23:13","modified_gmt":"2013-04-29T07:23:13","slug":"investoren-otmar-und-jochen-hohmann-realisieren-hotel-rhonhof","status":"publish","type":"post","link":"https:\/\/www.fuldaernachrichten.de\/?p=108536","title":{"rendered":"Investoren Otmar und Jochen Hohmann realisieren Hotel \u201eRh\u00f6nhof\u201c"},"content":{"rendered":"<div id=\"attachment_108537\" style=\"width: 610px\" class=\"wp-caption alignnone\"><img fetchpriority=\"high\" decoding=\"async\" aria-describedby=\"caption-attachment-108537\" class=\"size-full wp-image-108537\" alt=\"Pr\u00e4sentierten die Pl\u00e4ne zum Neubau des Hotel \u201eRh\u00f6nhof\u201c am Eingang zum Eichenzeller Gewerbegebiet: B\u00fcrgermeister Dieter Kolb,  Ren\u00e9 R\u00f6hrdanz (Architektur B\u00fcro Jochen Hohmann), Stephanie Wohnig (Hotelleitung Altstadthotel Arte Fulda) und Philipp Krah (Gesch\u00e4ftsf\u00fchrer Hohmanns Brauhaus Fulda).\" src=\"http:\/\/www.fuldaer-nachrichten.de\/wp-content\/uploads\/2013\/04\/57281.jpg\" width=\"560\" height=\"360\" \/><p id=\"caption-attachment-108537\" class=\"wp-caption-text\">Pr\u00e4sentierten die Pl\u00e4ne zum Neubau des Hotel \u201eRh\u00f6nhof\u201c am Eingang zum Eichenzeller Gewerbegebiet: B\u00fcrgermeister Dieter Kolb, Ren\u00e9 R\u00f6hrdanz (Architektur B\u00fcro Jochen Hohmann), Stephanie Wohnig (Hotelleitung Altstadthotel Arte Fulda) und Philipp Krah (Gesch\u00e4ftsf\u00fchrer Hohmanns Brauhaus Fulda).<\/p><\/div>\n<p>Eichenzell. Rund sieben Millionen Euro investieren die K\u00fcnzeller Architekt und Projektentwickler Otmar und Jochen Hohmann am Autobahnkreuz Fulda-S\u00fcd. In unmittelbarer N\u00e4he zum Einkaufszentrum \u201eRh\u00f6nhof\u201c, das sich ebenfalls in Hohmanns Besitz befindet, soll in den n\u00e4chsten Monaten das Hotel \u201eRh\u00f6nhof\u201c mit 80 Zimmern sowie mehreren Seminarr\u00e4umen entstehen.<!--more--><\/p>\n<p>K\u00fcrzlich ist die Baugenehmigung des Landkreises Fulda f\u00fcr das Hotel eingetroffen, das Projekt somit in trockenen T\u00fcchern. Grund genug f\u00fcr die Investoren und Eichenzells B\u00fcrgermeister Dieter Kolb zu einer gemeinsamen Pressekonferenz einzuladen. Jochen Hohmann, der in Fulda bereits das \u201eAltstadthotel Arte\u201c sowie die Gastronomie \u201eHohmanns Brauhaus\u201c betreibt, sieht gro\u00dfes Potenzial am Autobahnkreuz Fulda-S\u00fcd, wo A7 und A66 zusammentreffen: \u201eDas Hotel wird als f\u00fcnfgeschossiges Geb\u00e4ude bereits von weitem zu sehen sein, in unmittelbarer N\u00e4he befinden sich au\u00dferdem die Tank- und Rastanlage sowie das Einkaufszentrum. Hier werden alle Beteiligten voneinander profitieren k\u00f6nnen.\u201c<\/p>\n<p>Mit 80 Zimmern auf Zwei- bis Drei-Sterne-Niveau richtet sich das Hotel \u201eRh\u00f6nhof\u201c vor allem an Durchreisende sowie Tagungsg\u00e4ste, f\u00fcr die auch Seminarr\u00e4ume eingerichtet werden sollen. Dabei wurde gro\u00dfer Wert auf eine funktionale Innenarchitektur gelegt: Sowohl die Seminarr\u00e4ume wie auch ein Teil der Zimmer sollen von der Gr\u00f6\u00dfe her flexibel und behindertengerecht eingerichtet, um unterschiedlichen Anforderungen situationsbedingt zu gen\u00fcgen.<\/p>\n<p>Das Hotel \u201eRh\u00f6nhof\u201c soll dabei von Hohmanns eingespielter F\u00fchrungsmannschaft aus Fulda gemanaget und als Hotel \u201eGarni\u201c, also nur mit \u00dcbernachtung und Fr\u00fchst\u00fcck, ohne weitere Gastronomie gef\u00fchrt werden. Um das Geb\u00e4ude soll ein gro\u00dfz\u00fcgiges Parkplatzangebot f\u00fcr Pkw, Wohnmobile und Wohnwagen sowie Busse geschaffen werden.<\/p>\n<div id=\"attachment_108538\" style=\"width: 275px\" class=\"wp-caption alignleft\"><img decoding=\"async\" aria-describedby=\"caption-attachment-108538\" class=\"size-thumbnail wp-image-108538\" alt=\"Visualisierung: Bauatelier24\" src=\"http:\/\/www.fuldaer-nachrichten.de\/wp-content\/uploads\/2013\/04\/22-265x187.jpg\" width=\"265\" height=\"187\" srcset=\"https:\/\/www.fuldaernachrichten.de\/wp-content\/uploads\/2013\/04\/22-265x187.jpg 265w, https:\/\/www.fuldaernachrichten.de\/wp-content\/uploads\/2013\/04\/22.jpg 592w\" sizes=\"(max-width: 265px) 100vw, 265px\" \/><p id=\"caption-attachment-108538\" class=\"wp-caption-text\">Visualisierung: Bauatelier24<\/p><\/div>\n<p>\u201eWir bauen nat\u00fcrlich nach den neuesten Standards und mit einem ressourcenschonenden Energiekonzept und in Anlehnung an KfW70-Standards\u201c, erl\u00e4utert Architekt Hohmann. So soll beispielsweise ein Blockheizkraftwerk mit einer Gas-Pellet-Kombiheizung sowie Solartechnik zum Einsatz kommen. Parallel zu den Bauarbeiten beginnen hinter den Kulissen auch schon die Planungen f\u00fcr die Er\u00f6ffnung, die f\u00fcr das kommende Jahr anvisiert ist.<\/p>\n<p>\u201eHier muss man bereits fr\u00fchzeitig mit der Vermarktung und Personalbeschaffung beginnen\u201c, wei\u00df Hohmann aus seiner mehrj\u00e4hrigen Erfahrung als Hotelier. B\u00fcrgermeister Dieter Kolb freut sich derweil, das Hohmann erneut am Standort Eichenzell investiert: \u201eDas Hotel Rh\u00f6nhof komplettiert das Angebot am Autobahnkreuz Fulda-S\u00fcd und schafft weitere Arbeitspl\u00e4tze in unserer Gemeinde. Der Standort in unmittelbarer Autobahnn\u00e4he ist einzigartig f\u00fcr unsere Region \u2013 und das Hotel eine echte Visitenkarte am Eingang zu unserem Industriegebiet.\u201c<\/p>\n","protected":false},"excerpt":{"rendered":"<div class=\"tmnf_excerpt\"><p>Eichenzell. Rund sieben Millionen Euro investieren die K\u00fcnzeller Architekt und Projektentwickler Otmar und Jochen Hohmann am Autobahnkreuz Fulda-S\u00fcd. In unmittelbarer N\u00e4he zum Einkaufszentrum \u201eRh\u00f6nhof\u201c, das sich ebenfalls in Hohmanns Besitz befindet, soll in den n\u00e4chsten Monaten das Hotel \u201eRh\u00f6nhof\u201c mit 80 Zimmern sowie mehreren Seminarr\u00e4umen entstehen.<\/p>\n<\/div>","protected":false},"author":1,"featured_media":0,"comment_status":"closed","ping_status":"closed","sticky":false,"template":"","format":"standard","meta":{"footnotes":""},"categories":[1,29],"tags":[],"class_list":["post-108536","post","type-post","status-publish","format-standard","hentry","category-startseite","category-politik"],"_links":{"self":[{"href":"https:\/\/www.fuldaernachrichten.de\/index.php?rest_route=\/wp\/v2\/posts\/108536","targetHints":{"allow":["GET"]}}],"collection":[{"href":"https:\/\/www.fuldaernachrichten.de\/index.php?rest_route=\/wp\/v2\/posts"}],"about":[{"href":"https:\/\/www.fuldaernachrichten.de\/index.php?rest_route=\/wp\/v2\/types\/post"}],"author":[{"embeddable":true,"href":"https:\/\/www.fuldaernachrichten.de\/index.php?rest_route=\/wp\/v2\/users\/1"}],"replies":[{"embeddable":true,"href":"https:\/\/www.fuldaernachrichten.de\/index.php?rest_route=%2Fwp%2Fv2%2Fcomments&post=108536"}],"version-history":[{"count":1,"href":"https:\/\/www.fuldaernachrichten.de\/index.php?rest_route=\/wp\/v2\/posts\/108536\/revisions"}],"predecessor-version":[{"id":108539,"href":"https:\/\/www.fuldaernachrichten.de\/index.php?rest_route=\/wp\/v2\/posts\/108536\/revisions\/108539"}],"wp:attachment":[{"href":"https:\/\/www.fuldaernachrichten.de\/index.php?rest_route=%2Fwp%2Fv2%2Fmedia&parent=108536"}],"wp:term":[{"taxonomy":"category","embeddable":true,"href":"https:\/\/www.fuldaernachrichten.de\/index.php?rest_route=%2Fwp%2Fv2%2Fcategories&post=108536"},{"taxonomy":"post_tag","embeddable":true,"href":"https:\/\/www.fuldaernachrichten.de\/index.php?rest_route=%2Fwp%2Fv2%2Ftags&post=108536"}],"curies":[{"name":"wp","href":"https:\/\/api.w.org\/{rel}","templated":true}]}}