{"id":108217,"date":"2013-04-23T06:56:54","date_gmt":"2013-04-23T06:56:54","guid":{"rendered":"http:\/\/www.fuldaer-nachrichten.de\/?p=108217"},"modified":"2013-04-23T06:56:54","modified_gmt":"2013-04-23T06:56:54","slug":"wohngruppe-lucia-zu-gast-bei-der-jugendfeuerwehr-welkers","status":"publish","type":"post","link":"https:\/\/www.fuldaernachrichten.de\/?p=108217","title":{"rendered":"Wohngruppe \u201cLucia\u201c zu Gast bei der Jugendfeuerwehr Welkers"},"content":{"rendered":"<p><img fetchpriority=\"high\" decoding=\"async\" class=\"alignleft size-thumbnail wp-image-108223\" alt=\"130415 Aktion Inklusion JF Welkers (127)\" src=\"http:\/\/www.fuldaer-nachrichten.de\/wp-content\/uploads\/2013\/04\/130415-Aktion-Inklusion-JF-Welkers-127-265x397.jpg\" width=\"265\" height=\"397\" srcset=\"https:\/\/www.fuldaernachrichten.de\/wp-content\/uploads\/2013\/04\/130415-Aktion-Inklusion-JF-Welkers-127-265x397.jpg 265w, https:\/\/www.fuldaernachrichten.de\/wp-content\/uploads\/2013\/04\/130415-Aktion-Inklusion-JF-Welkers-127-176x265.jpg 176w, https:\/\/www.fuldaernachrichten.de\/wp-content\/uploads\/2013\/04\/130415-Aktion-Inklusion-JF-Welkers-127-400x600.jpg 400w, https:\/\/www.fuldaernachrichten.de\/wp-content\/uploads\/2013\/04\/130415-Aktion-Inklusion-JF-Welkers-127.jpg 600w\" sizes=\"(max-width: 265px) 100vw, 265px\" \/>Welkers. Durch die \u201cAktion Inklusion\u201c der Deutschen Jugendfeuerwehr (DJF) kamen die Mitglieder der Jugendfeuerwehr Welkers auf die Idee, behinderte Kinder einzuladen um ihnen ihr Hobby und die Arbeit der Feuerwehren vorzustellen. Jennifer M\u00f6ller, Mitglied der Feuerwehr Welkers und derzeit Praktikantin im Antoniusheim Fulda, stellte den Kontakt zwischen Feuerwehr und der Wohngruppe \u201cLucia\u201c her und war ma\u00dfgeblich an der Organisation des Besuchs beteiligt.<\/p>\n<p>Gemeinsam mit vier Betreuern machten sich nun acht Kinder und Jugendliche im Alter zwischen sieben und 16 Jahren auf den Weg nach Welkers, um die Welt rund um die Feuerwehr zu erkunden. Nach einer kurzen Vorstellung konnten sich die M\u00e4dchen und Jungen die Technik der Feuerwehr, darunter auch das neuste Fahrzeug der Eichenzeller Feuerwehren, anschauen.<!--more--><\/p>\n<p>Auch Eichenzells B\u00fcrgermeister Dieter Kolb lie\u00df es sich nicht nehmen, die Jugendlichen pers\u00f6nlich zu begr\u00fc\u00dfen. Nach seinen Worten ist der Begriff Inklusion gro\u00dfes Thema in Eichenzell. Nachdem bereits vor zweieinhalb Jahren der Verein \u201eLeben und Arbeiten in Eichenzell\u201c die Arbeit aufgenommen hat, befinde man sich nun, in Zusammenarbeit mit dem Antoniusheim, in den Planungen, ein Wohnheim f\u00fcr Menschen mit Behinderung in der Eichenzeller Ortsmitte aufzubauen. Ziel hierbei ist, betroffenen Menschen aus dem n\u00e4heren Umkreis von Eichenzell, ein heimatnahes Wohnen zu erm\u00f6glichen. Weiterhin soll versucht werden, diesen Personenkreis in das Arbeitsleben, aber auch in die Eichenzeller Vereine zu integrieren. Aus diesem Grund begr\u00fc\u00dfte Kolb diese Aktion der Welkerser Jugendfeuerwehr sehr.Wie er, so folgten auch Gemeindejugendfeuerwehrwart Jan Diegelmann und Ortsvorsteher Winfried Schmelz der Einladung der Jugendfeuerwehr Welkers.<\/p>\n<p>Auf besonderes Interesse bei den Kindern und Jugendliche stie\u00dfen die Rundfahrten mit dem gro\u00dfen Feuerwehrauto. Auch die kleine L\u00f6sch\u00fcbungen mit einem Feuerwehrschlauch sorgte f\u00fcr strahlende Augen. Dieser Besuch hinterlie\u00df wohl auf beiden Seiten bleibende Eindr\u00fccke von den Erlebnissen und den dadurch gemachten Erfahrungen. (Fotos: Florian Martin)<\/p>\n<p><img decoding=\"async\" class=\"alignleft size-thumbnail wp-image-108222\" alt=\"130415 Aktion Inklusion JF Welkers (114)\" src=\"http:\/\/www.fuldaer-nachrichten.de\/wp-content\/uploads\/2013\/04\/130415-Aktion-Inklusion-JF-Welkers-114-265x212.jpg\" width=\"265\" height=\"212\" srcset=\"https:\/\/www.fuldaernachrichten.de\/wp-content\/uploads\/2013\/04\/130415-Aktion-Inklusion-JF-Welkers-114-265x212.jpg 265w, https:\/\/www.fuldaernachrichten.de\/wp-content\/uploads\/2013\/04\/130415-Aktion-Inklusion-JF-Welkers-114.jpg 600w\" sizes=\"(max-width: 265px) 100vw, 265px\" \/> <img decoding=\"async\" class=\"alignleft size-thumbnail wp-image-108221\" alt=\"130415 Aktion Inklusion JF Welkers (50)\" src=\"http:\/\/www.fuldaer-nachrichten.de\/wp-content\/uploads\/2013\/04\/130415-Aktion-Inklusion-JF-Welkers-50-265x212.jpg\" width=\"265\" height=\"212\" srcset=\"https:\/\/www.fuldaernachrichten.de\/wp-content\/uploads\/2013\/04\/130415-Aktion-Inklusion-JF-Welkers-50-265x212.jpg 265w, https:\/\/www.fuldaernachrichten.de\/wp-content\/uploads\/2013\/04\/130415-Aktion-Inklusion-JF-Welkers-50.jpg 600w\" sizes=\"(max-width: 265px) 100vw, 265px\" \/> <img loading=\"lazy\" decoding=\"async\" class=\"alignleft size-thumbnail wp-image-108220\" alt=\"130415 Aktion Inklusion JF Welkers (33)\" src=\"http:\/\/www.fuldaer-nachrichten.de\/wp-content\/uploads\/2013\/04\/130415-Aktion-Inklusion-JF-Welkers-33-265x212.jpg\" width=\"265\" height=\"212\" srcset=\"https:\/\/www.fuldaernachrichten.de\/wp-content\/uploads\/2013\/04\/130415-Aktion-Inklusion-JF-Welkers-33-265x212.jpg 265w, https:\/\/www.fuldaernachrichten.de\/wp-content\/uploads\/2013\/04\/130415-Aktion-Inklusion-JF-Welkers-33.jpg 600w\" sizes=\"(max-width: 265px) 100vw, 265px\" \/> <img loading=\"lazy\" decoding=\"async\" class=\"alignleft size-thumbnail wp-image-108219\" alt=\"130415 Aktion Inklusion JF Welkers (31)\" src=\"http:\/\/www.fuldaer-nachrichten.de\/wp-content\/uploads\/2013\/04\/130415-Aktion-Inklusion-JF-Welkers-31-265x212.jpg\" width=\"265\" height=\"212\" srcset=\"https:\/\/www.fuldaernachrichten.de\/wp-content\/uploads\/2013\/04\/130415-Aktion-Inklusion-JF-Welkers-31-265x212.jpg 265w, https:\/\/www.fuldaernachrichten.de\/wp-content\/uploads\/2013\/04\/130415-Aktion-Inklusion-JF-Welkers-31.jpg 600w\" sizes=\"(max-width: 265px) 100vw, 265px\" \/> <img loading=\"lazy\" decoding=\"async\" class=\"alignleft size-thumbnail wp-image-108218\" alt=\"130415 Aktion Inklusion JF Welkers (27)\" src=\"http:\/\/www.fuldaer-nachrichten.de\/wp-content\/uploads\/2013\/04\/130415-Aktion-Inklusion-JF-Welkers-27-265x198.jpg\" width=\"265\" height=\"198\" srcset=\"https:\/\/www.fuldaernachrichten.de\/wp-content\/uploads\/2013\/04\/130415-Aktion-Inklusion-JF-Welkers-27-265x198.jpg 265w, https:\/\/www.fuldaernachrichten.de\/wp-content\/uploads\/2013\/04\/130415-Aktion-Inklusion-JF-Welkers-27.jpg 600w\" sizes=\"(max-width: 265px) 100vw, 265px\" \/><\/p>\n","protected":false},"excerpt":{"rendered":"<div class=\"tmnf_excerpt\"><p>Welkers. Durch die \u201cAktion Inklusion\u201c der Deutschen Jugendfeuerwehr (DJF) kamen die Mitglieder der Jugendfeuerwehr Welkers auf die Idee, behinderte Kinder einzuladen um ihnen ihr Hobby und die Arbeit der Feuerwehren vorzustellen. Jennifer M\u00f6ller, Mitglied der Feuerwehr Welkers und derzeit Praktikantin im Antoniusheim Fulda, stellte den Kontakt zwischen Feuerwehr und der Wohngruppe \u201cLucia\u201c her und war &hellip;<\/p>\n<\/div>","protected":false},"author":1,"featured_media":0,"comment_status":"closed","ping_status":"closed","sticky":false,"template":"","format":"standard","meta":{"footnotes":""},"categories":[1,71],"tags":[],"class_list":["post-108217","post","type-post","status-publish","format-standard","hentry","category-startseite","category-feuerwehr"],"_links":{"self":[{"href":"https:\/\/www.fuldaernachrichten.de\/index.php?rest_route=\/wp\/v2\/posts\/108217","targetHints":{"allow":["GET"]}}],"collection":[{"href":"https:\/\/www.fuldaernachrichten.de\/index.php?rest_route=\/wp\/v2\/posts"}],"about":[{"href":"https:\/\/www.fuldaernachrichten.de\/index.php?rest_route=\/wp\/v2\/types\/post"}],"author":[{"embeddable":true,"href":"https:\/\/www.fuldaernachrichten.de\/index.php?rest_route=\/wp\/v2\/users\/1"}],"replies":[{"embeddable":true,"href":"https:\/\/www.fuldaernachrichten.de\/index.php?rest_route=%2Fwp%2Fv2%2Fcomments&post=108217"}],"version-history":[{"count":0,"href":"https:\/\/www.fuldaernachrichten.de\/index.php?rest_route=\/wp\/v2\/posts\/108217\/revisions"}],"wp:attachment":[{"href":"https:\/\/www.fuldaernachrichten.de\/index.php?rest_route=%2Fwp%2Fv2%2Fmedia&parent=108217"}],"wp:term":[{"taxonomy":"category","embeddable":true,"href":"https:\/\/www.fuldaernachrichten.de\/index.php?rest_route=%2Fwp%2Fv2%2Fcategories&post=108217"},{"taxonomy":"post_tag","embeddable":true,"href":"https:\/\/www.fuldaernachrichten.de\/index.php?rest_route=%2Fwp%2Fv2%2Ftags&post=108217"}],"curies":[{"name":"wp","href":"https:\/\/api.w.org\/{rel}","templated":true}]}}