{"id":108147,"date":"2013-04-20T00:14:10","date_gmt":"2013-04-20T00:14:10","guid":{"rendered":"http:\/\/www.fuldaer-nachrichten.de\/?p=108147"},"modified":"2013-04-19T07:24:34","modified_gmt":"2013-04-19T07:24:34","slug":"neue-arbeitsstattenregel-masnahmen-gegen-brande-wirft-fragen-auf-eckart-feuerschutz-unterstutzt-bei-praktischer-umsetzung","status":"publish","type":"post","link":"https:\/\/www.fuldaernachrichten.de\/?p=108147","title":{"rendered":"Neue Arbeitsst\u00e4ttenregel \u201eMa\u00dfnahmen gegen Br\u00e4nde\u201c wirft Fragen auf &#8211; Eckart Feuerschutz unterst\u00fctzt bei praktischer Umsetzung"},"content":{"rendered":"<p><img decoding=\"async\" class=\"alignleft size-thumbnail wp-image-108148\" alt=\"130418_EckartFeuerschutz\" src=\"http:\/\/www.fuldaer-nachrichten.de\/wp-content\/uploads\/2013\/04\/130418_EckartFeuerschutz-265x152.jpg\" width=\"265\" height=\"152\" srcset=\"https:\/\/www.fuldaernachrichten.de\/wp-content\/uploads\/2013\/04\/130418_EckartFeuerschutz-265x152.jpg 265w, https:\/\/www.fuldaernachrichten.de\/wp-content\/uploads\/2013\/04\/130418_EckartFeuerschutz.jpg 600w\" sizes=\"(max-width: 265px) 100vw, 265px\" \/>Hilders. Ende letzten Jahres ist die neue Arbeitsst\u00e4ttenregel, ASR 2.2 \u201eMa\u00dfnahmen gegen Br\u00e4nde\u201c, in Kraft getreten. Die neue ASR konkretisiert die Ausstattung mit und das Betreiben von Brandmelde- und Feuerl\u00f6scheinrichtungen in Unternehmen und Institutionen. Darauf weist das Unternehmen Eckart Feuerschutz in einer Pressenotiz hin.<\/p>\n<p>\u201eDie Fachkr\u00e4fte f\u00fcr Arbeitssicherheit und Brandschutzbeauftragten sind \u00fcber die neue ASR informiert. Doch wir haben festgestellt, dass es noch zahlreiche Detailfragen zur konkreten Umsetzung gibt\u201c, erl\u00e4utert Brandschutzexperte Stefan Eckart, Gesch\u00e4ftsf\u00fchrer des Hilderser Familienbetriebes. Unsicherheiten gebe es beispielsweise bei der vorgeschriebenen Anzahl der Feuerl\u00f6scher und deren korrekter Bereitstellung oder bei den technischen Alarmierungsanlagen.<!--more--><\/p>\n<p>\u201eFakt ist, dass die ASR viele materielle Anforderungen enth\u00e4lt, die in den Arbeitsst\u00e4tten umgesetzt werden m\u00fcssen. Mit unserem langj\u00e4hrigen Knowhow bei Gef\u00e4hrdungsbeurteilungen und in der Brandschutztechnik\u00c2\u00a0 unterst\u00fctzen wir die Einrichtungen gerne bei der Umsetzung der ASR\u201c, so Stefan Eckart abschlie\u00dfend.<\/p>\n<p>Weitere Informationen unter <a href=\"http:\/\/www.eckart-feuerschutz.de\/\">http:\/\/www.eckart-feuerschutz.de\/<\/a><\/p>\n<p>Foto: Gesch\u00e4ftsf\u00fchrer Stefan Eckart (sitzend) und das Team des Hilderser Familienunternehmens \/ Foto: privat<\/p>\n","protected":false},"excerpt":{"rendered":"<div class=\"tmnf_excerpt\"><p>Hilders. Ende letzten Jahres ist die neue Arbeitsst\u00e4ttenregel, ASR 2.2 \u201eMa\u00dfnahmen gegen Br\u00e4nde\u201c, in Kraft getreten. Die neue ASR konkretisiert die Ausstattung mit und das Betreiben von Brandmelde- und Feuerl\u00f6scheinrichtungen in Unternehmen und Institutionen. Darauf weist das Unternehmen Eckart Feuerschutz in einer Pressenotiz hin. \u201eDie Fachkr\u00e4fte f\u00fcr Arbeitssicherheit und Brandschutzbeauftragten sind \u00fcber die neue ASR &hellip;<\/p>\n<\/div>","protected":false},"author":1,"featured_media":0,"comment_status":"closed","ping_status":"closed","sticky":false,"template":"","format":"standard","meta":{"footnotes":""},"categories":[1,71],"tags":[],"class_list":["post-108147","post","type-post","status-publish","format-standard","hentry","category-startseite","category-feuerwehr"],"_links":{"self":[{"href":"https:\/\/www.fuldaernachrichten.de\/index.php?rest_route=\/wp\/v2\/posts\/108147","targetHints":{"allow":["GET"]}}],"collection":[{"href":"https:\/\/www.fuldaernachrichten.de\/index.php?rest_route=\/wp\/v2\/posts"}],"about":[{"href":"https:\/\/www.fuldaernachrichten.de\/index.php?rest_route=\/wp\/v2\/types\/post"}],"author":[{"embeddable":true,"href":"https:\/\/www.fuldaernachrichten.de\/index.php?rest_route=\/wp\/v2\/users\/1"}],"replies":[{"embeddable":true,"href":"https:\/\/www.fuldaernachrichten.de\/index.php?rest_route=%2Fwp%2Fv2%2Fcomments&post=108147"}],"version-history":[{"count":0,"href":"https:\/\/www.fuldaernachrichten.de\/index.php?rest_route=\/wp\/v2\/posts\/108147\/revisions"}],"wp:attachment":[{"href":"https:\/\/www.fuldaernachrichten.de\/index.php?rest_route=%2Fwp%2Fv2%2Fmedia&parent=108147"}],"wp:term":[{"taxonomy":"category","embeddable":true,"href":"https:\/\/www.fuldaernachrichten.de\/index.php?rest_route=%2Fwp%2Fv2%2Fcategories&post=108147"},{"taxonomy":"post_tag","embeddable":true,"href":"https:\/\/www.fuldaernachrichten.de\/index.php?rest_route=%2Fwp%2Fv2%2Ftags&post=108147"}],"curies":[{"name":"wp","href":"https:\/\/api.w.org\/{rel}","templated":true}]}}