{"id":108075,"date":"2013-04-17T00:13:35","date_gmt":"2013-04-17T00:13:35","guid":{"rendered":"http:\/\/www.fuldaer-nachrichten.de\/?p=108075"},"modified":"2013-04-16T15:22:17","modified_gmt":"2013-04-16T15:22:17","slug":"jahreshauptversammlung-der-freiwilligen-feuerwehr-kammerzell-ehrungen-von-aktiven-mitgliedern","status":"publish","type":"post","link":"https:\/\/www.fuldaernachrichten.de\/?p=108075","title":{"rendered":"Jahreshauptversammlung der Freiwilligen Feuerwehr K\u00e4mmerzell: Ehrungen von aktiven Mitgliedern"},"content":{"rendered":"<p><img fetchpriority=\"high\" decoding=\"async\" class=\"alignleft size-thumbnail wp-image-108076\" alt=\"JHV FFW K\u00e4mmerzell\" src=\"http:\/\/www.fuldaer-nachrichten.de\/wp-content\/uploads\/2013\/04\/JHV-FFW-K\u00e4mmerzell-265x197.jpg\" width=\"265\" height=\"197\" \/>Fulda (cp). Bei der Jahreshauptversammlung der Freiwilligen Feuerwehr K\u00e4mmerzell lie\u00df Wehrf\u00fchrer Thomas G\u00f6tz das vergangene Jahr Revue passieren und erl\u00e4uterte, dass die Einsatzkr\u00e4fte insgesamt zweimal zu Eins\u00e4tzen gerufen worden sind. Zun\u00e4chst wurde ein junger Mann als vermisst gemeldet und im laubbedeckten Herbstwald mittels gro\u00df angelegter Suchaktion aufgefunden. Ein weiterer Einsatz war ein Brand in einer Gartenh\u00fctte im Ortsteil K\u00e4mmerzell. Um auch f\u00fcr alle auftretenden Eins\u00e4tze gewappnet zu sein, werden regelm\u00e4\u00dfig Lehrg\u00e4nge zur Fort- und Weiterbildung besucht. Neben den \u00f6rtlichen \u00dcbungen wurden wieder eine Vielzahl von Ausbildungsdiensten \u00fcber die Ortsgrenzen hinaus durchgef\u00fchrt. Brandsicherheitsdienste von verschiedenen Veranstaltungen des Fuldaer Kulturlebens sowie die \u00dcberpr\u00fcfung von Hydranten im Bereich Aschenberg und Horas rundeten das Dienstjahr ab. Insgesamt konnte eine Gesamtstundenzahl von 927 Stunden dem Brandschutzamt nachgewiesen werden.<!--more--><\/p>\n<p><strong>142 Mitglieder<\/strong><\/p>\n<p>In seinem Jahresbericht ging der 1. Vorsitzende Uwe D\u00f6ll auf die Aktivit\u00e4ten des Vereins f\u00fcr das Jahr 2012 ein. Neben einer Vereinsfahrt nach Erfurt fand ein Tag der offenen T\u00fcr im und am Feuerwehrhaus statt. Der Verein besteht aus 142 Mitgliedern, wobei davon 18 Kameraden in der Einsatzabteilung und neun Kameraden in der Jugendfeuerwehr t\u00e4tig sind. Als Vertreter der Feuerwehr Fulda \u00fcberbrachte Rolf Hillenbrand zun\u00e4chst die Gr\u00fc\u00dfe und den Dank des Leiters der Feuerwehr Fulda, Thomas Hinz, und wies darauf hin, dass eine ehrenamtliche Feuerwehrarbeit attraktiv gestaltet und auf lange Sicht auch erhalten bleiben m\u00fcsse. Au\u00dferdem sei eine gut funktionierende Jugendfeuerwehr, die sp\u00e4ter in die Einsatzabteilung wechseln k\u00f6nnte, sehr wichtig. Schlie\u00dflich \u00fcberbrachten die Vertreter der CDU- und SPD-Fraktionen die Gr\u00fc\u00dfe von deren Fraktionen. Anschlie\u00dfend wurde J\u00f6rg Fladung f\u00fcr 25 Jahre aktive, Martin Fladung f\u00fcr 40 Jahre aktive und Gotthard Wehner f\u00fcr 40 Jahre passive Mitgliedschaft geehrt und mit je einer Ehrennadel sowie je einer Urkunde ausgezeichnet. Stefan Hohmann dankte der Freiwilligen Feuerwehr K\u00e4mmerzell im Namen des Ortsbeirates f\u00fcr das Engagement und f\u00fcr die gute Zusammenarbeit.<\/p>\n","protected":false},"excerpt":{"rendered":"<div class=\"tmnf_excerpt\"><p>Fulda (cp). Bei der Jahreshauptversammlung der Freiwilligen Feuerwehr K\u00e4mmerzell lie\u00df Wehrf\u00fchrer Thomas G\u00f6tz das vergangene Jahr Revue passieren und erl\u00e4uterte, dass die Einsatzkr\u00e4fte insgesamt zweimal zu Eins\u00e4tzen gerufen worden sind. Zun\u00e4chst wurde ein junger Mann als vermisst gemeldet und im laubbedeckten Herbstwald mittels gro\u00df angelegter Suchaktion aufgefunden. Ein weiterer Einsatz war ein Brand in einer &hellip;<\/p>\n<\/div>","protected":false},"author":1,"featured_media":0,"comment_status":"closed","ping_status":"closed","sticky":false,"template":"","format":"standard","meta":{"footnotes":""},"categories":[1,71],"tags":[],"class_list":["post-108075","post","type-post","status-publish","format-standard","hentry","category-startseite","category-feuerwehr"],"_links":{"self":[{"href":"https:\/\/www.fuldaernachrichten.de\/index.php?rest_route=\/wp\/v2\/posts\/108075","targetHints":{"allow":["GET"]}}],"collection":[{"href":"https:\/\/www.fuldaernachrichten.de\/index.php?rest_route=\/wp\/v2\/posts"}],"about":[{"href":"https:\/\/www.fuldaernachrichten.de\/index.php?rest_route=\/wp\/v2\/types\/post"}],"author":[{"embeddable":true,"href":"https:\/\/www.fuldaernachrichten.de\/index.php?rest_route=\/wp\/v2\/users\/1"}],"replies":[{"embeddable":true,"href":"https:\/\/www.fuldaernachrichten.de\/index.php?rest_route=%2Fwp%2Fv2%2Fcomments&post=108075"}],"version-history":[{"count":0,"href":"https:\/\/www.fuldaernachrichten.de\/index.php?rest_route=\/wp\/v2\/posts\/108075\/revisions"}],"wp:attachment":[{"href":"https:\/\/www.fuldaernachrichten.de\/index.php?rest_route=%2Fwp%2Fv2%2Fmedia&parent=108075"}],"wp:term":[{"taxonomy":"category","embeddable":true,"href":"https:\/\/www.fuldaernachrichten.de\/index.php?rest_route=%2Fwp%2Fv2%2Fcategories&post=108075"},{"taxonomy":"post_tag","embeddable":true,"href":"https:\/\/www.fuldaernachrichten.de\/index.php?rest_route=%2Fwp%2Fv2%2Ftags&post=108075"}],"curies":[{"name":"wp","href":"https:\/\/api.w.org\/{rel}","templated":true}]}}