{"id":107801,"date":"2013-04-07T00:11:55","date_gmt":"2013-04-07T00:11:55","guid":{"rendered":"http:\/\/www.fuldaer-nachrichten.de\/?p=107801"},"modified":"2013-04-06T17:23:44","modified_gmt":"2013-04-06T17:23:44","slug":"feuerwehr-bronnzell-blickt-auf-ein-erfolgreiches-jahr-zuruck","status":"publish","type":"post","link":"https:\/\/www.fuldaernachrichten.de\/?p=107801","title":{"rendered":"Feuerwehr Bronnzell blickt auf ein erfolgreiches Jahr zur\u00fcck"},"content":{"rendered":"<p>Fulda. Wehrf\u00fchrer Ralph Friedrich begr\u00fc\u00dfte die aktiven und passiven Mitglieder zur Jahreshauptversammlung. Das abgelaufen Jahr war durch vielf\u00e4ltige Herausforderungen gekennzeichnet, denen sich die 21 Aktiven der Einsatzabteilung erfolgreich gestellt haben. Hierbei waren besonders die Einf\u00fchrung der neuen Digitalfunktechnik und die Umstellung der Atemschutzger\u00e4te von Bedeutung.\u00c2\u00a0 Neben den Eins\u00e4tzen und den Brandsicherheits-wachen, haben sich die Aktiven durch verschiedene Lehrg\u00e4nge fortgebildet. Petra De Vlaeminck wurde zur Feuerwehrfrau bef\u00f6rdert.<br \/>\nDer Leiter der Feuerwehr Fulda Thomas Hinz erkl\u00e4rte in seiner Ansprache, dass die Freiwilligen Feuerwehren in Fulda gut f\u00fcr die Zukunft ger\u00fcstet seien. Es wurden erhebliche Investitionen in Funk und Atemschutztechnik get\u00e4tigt. Nie waren die Feuerwehren leistungsf\u00e4higer als heute. Einziger Wermutstropfen sei die Tatsache, dass die Arbeit auf immer weniger Schultern verteilt werden m\u00fcsse. Aber auch dieses Problem werde man gemeinsam l\u00f6sen.<!--more--><br \/>\nDer Jugendfeuerwehr Bronnzell geh\u00f6ren 10 Mitgliedern an. Die Jugendlichen waren mit sehr viel Elan und Einsatz dabei. Neben der feuerwehrtechnischen Ausbildung kamen Spiel und Spa\u00df nicht zu kurz. Ein besonderes Highlight im Jahr 2012 war die Teilnahme an dem Kreisjugendfeuerwehr-zeltlager in Dalherda. Hierbei konnten die Jugendlichen viele positive Eindr\u00fccke und Erinnerungen mit nach Hause nehmen. In seiner Ansprache\u00c2\u00a0 ging Kamerad Kai Lengsfeld\u00c2\u00a0 der\u00c2\u00a0 die Teamleitung\u00c2\u00a0 der Jugendfeuerwehr der Stadt Fulda vertrat auf die gute Zusammenarbeit mit der Jugendfeuerwehr\u00c2\u00a0 Bronnzell ein und verband dies mit der Hoffnung auf Teilnahme am Stadtpokal der Jugendfeuerwehren der Stadt Fulda. Ferner erw\u00e4hnte er die\u00c2\u00a0 Verleihung der Floriansmediale\u00c2\u00a0 der Jugendfeuerwehr\u00c2\u00a0 in Gold an Gerald Hohmann f\u00fcr seine \u00fcber 20 j\u00e4hrige T\u00e4tigkeit als Jugendfeuerwehrwart.<\/p>\n<p>Der Vorsitzende Bernhard W\u00e4chtersbach berichtete vom Vereinsleben der Feuerwehr Bronnzell, Veranstaltungen wie das Erbsensuppenfest und der Floriansgottesdienst wurden ausgerichtet. Unvergesslich war die Auff\u00fchrung des St\u00fccks \u201e Aber aber Herr Pfarrer\u201c durch die Theatergruppe der Freiwilligen Feuerwehr. Im vollbesetzten B\u00fcrgerhaus wurden die Lachmuskeln strapaziert. F\u00fcr 25 j\u00e4hrige Mitgliedschaft wurden Sabina Auth und Paul Schneider geehrt sowie f\u00fcr 50 j\u00e4hrige Mitgliedschaft Herr Dieter Jansen .<\/p>\n<p>Der Ortsvorsteher Stefan Ihrig bedankte sich f\u00fcr die gute Zusammenarbeit. Er hob besonders die Mithilfe der Feuerwehr beim Aufbau des Hutzelfeuers und der Osterputzaktion hervor.<\/p>\n","protected":false},"excerpt":{"rendered":"<div class=\"tmnf_excerpt\"><p>Fulda. Wehrf\u00fchrer Ralph Friedrich begr\u00fc\u00dfte die aktiven und passiven Mitglieder zur Jahreshauptversammlung. Das abgelaufen Jahr war durch vielf\u00e4ltige Herausforderungen gekennzeichnet, denen sich die 21 Aktiven der Einsatzabteilung erfolgreich gestellt haben. Hierbei waren besonders die Einf\u00fchrung der neuen Digitalfunktechnik und die Umstellung der Atemschutzger\u00e4te von Bedeutung.\u00c2\u00a0 Neben den Eins\u00e4tzen und den Brandsicherheits-wachen, haben sich die Aktiven &hellip;<\/p>\n<\/div>","protected":false},"author":1,"featured_media":0,"comment_status":"closed","ping_status":"closed","sticky":false,"template":"","format":"standard","meta":{"footnotes":""},"categories":[1,71],"tags":[],"class_list":["post-107801","post","type-post","status-publish","format-standard","hentry","category-startseite","category-feuerwehr"],"_links":{"self":[{"href":"https:\/\/www.fuldaernachrichten.de\/index.php?rest_route=\/wp\/v2\/posts\/107801","targetHints":{"allow":["GET"]}}],"collection":[{"href":"https:\/\/www.fuldaernachrichten.de\/index.php?rest_route=\/wp\/v2\/posts"}],"about":[{"href":"https:\/\/www.fuldaernachrichten.de\/index.php?rest_route=\/wp\/v2\/types\/post"}],"author":[{"embeddable":true,"href":"https:\/\/www.fuldaernachrichten.de\/index.php?rest_route=\/wp\/v2\/users\/1"}],"replies":[{"embeddable":true,"href":"https:\/\/www.fuldaernachrichten.de\/index.php?rest_route=%2Fwp%2Fv2%2Fcomments&post=107801"}],"version-history":[{"count":0,"href":"https:\/\/www.fuldaernachrichten.de\/index.php?rest_route=\/wp\/v2\/posts\/107801\/revisions"}],"wp:attachment":[{"href":"https:\/\/www.fuldaernachrichten.de\/index.php?rest_route=%2Fwp%2Fv2%2Fmedia&parent=107801"}],"wp:term":[{"taxonomy":"category","embeddable":true,"href":"https:\/\/www.fuldaernachrichten.de\/index.php?rest_route=%2Fwp%2Fv2%2Fcategories&post=107801"},{"taxonomy":"post_tag","embeddable":true,"href":"https:\/\/www.fuldaernachrichten.de\/index.php?rest_route=%2Fwp%2Fv2%2Ftags&post=107801"}],"curies":[{"name":"wp","href":"https:\/\/api.w.org\/{rel}","templated":true}]}}