{"id":107637,"date":"2013-04-02T00:10:07","date_gmt":"2013-04-02T00:10:07","guid":{"rendered":"http:\/\/www.fuldaer-nachrichten.de\/?p=107637"},"modified":"2013-04-02T13:03:50","modified_gmt":"2013-04-02T13:03:50","slug":"jahreshauptversammlung-der-freiwilligen-feuerwehr-fulda-edelzell-nachwuchs-gesucht","status":"publish","type":"post","link":"https:\/\/www.fuldaernachrichten.de\/?p=107637","title":{"rendered":"Jahreshauptversammlung der Freiwilligen Feuerwehr Fulda-Edelzell: Nachwuchs gesucht"},"content":{"rendered":"<p>Fulda (cp). Bei der diesj\u00e4hrigen Jahreshauptversammlung der Freiwilligen Feuerwehr Fulda-Edelzell begr\u00fc\u00dfte Wehrf\u00fchrer Ingo Alt neben den Mitgliedern auch Ortsvorsteherin Kerstin Hirsch, Helmut H\u00fcgel von der CDU-Fraktion und Rose Finkler von der SPD. Ferner waren der Leiter der Feuerwehr Thomas Hinz und der Stadtjugendfeuerwehrwart Marco Taschner der Einladung gefolgt. Alle G\u00e4ste fanden lobende Worte f\u00fcr den Einsatz der Feuerwehrm\u00e4nner und -frauen, brachten aber gleichzeitig ihr Bedauern zum Ausdruck, dass es Nachwuchsschwierigkeiten in der Jugendfeuerwehr gibt.<!--more--><br \/>\n<strong>Viel Engagement<\/strong><\/p>\n<p>Alle Mitglieder wurden dazu aufgerufen, Werbung f\u00fcr die Feuerwehr zu machen. Denn wenn kein Nachwuchs mehr vorhanden sei, werde es in absehbarer Zeit auch keine Einsatzabteilung mehr geben. So k\u00f6nne ohne Freiwillige Feuerwehr die schnelle Hilfe am Einsatzort nicht gew\u00e4hrleistet werden. Jugendwart Nicolai Hirsch leitete die Versammlung der Jugendfeuerwehr und teilte mit, dass auch im letzten Jahr wieder viele Stunden Freizeit f\u00fcr \u00dcbungen, Ausbildungen und allgemeine Jugendarbeit geopfert worden seien. Hierbei seien besonders der Ausflug in den Europapark Rust, der Ausflug mit der Einsatzabteilung in den Kletterpark in Schlitz und den Jugendfeuerwehrtag in Oberrode zu erw\u00e4hnen. Der Stadtjugendfeuerwehrwart Marco Taschner stellte schlie\u00dflich die Situation der Jugendfeuerwehr der Stadt Fulda dar.<\/p>\n<p><strong>Lehrg\u00e4nge, Eins\u00e4tze und Feste<\/strong><\/p>\n<p>Wehrf\u00fchrer Ingo Alt leitete die Jahreshauptversammlung der Einsatzabteilung und f\u00fchrte in seinem Jahresbericht die zahlreichen theoretischen und praktischen Ausbildungen an. 2012 besuchten zwei Feuerwehrm\u00e4nner die Landesfeuerwehrschule und absolvierten den Gruppenf\u00fchrer bzw. Zugf\u00fchrerlehrgang erfolgreich. Die Feuerwehrm\u00e4nner der Einsatzabteilung bew\u00e4ltigten drei Brand- und Hilfeleistungseins\u00e4tze \u2013 darunter einen Dachstuhlbrand nach einem Blitzeinschlag sowie neun Brandsicherheitsdienste. Der 1. Vorsitzende Alexander Vogel gab schlie\u00dflich einen \u00dcberblick \u00fcber die Veranstaltungen des Vereins \u2013 neben den traditionellen Festen ging er besonders auf einen Kameradschaftsabend mit der Patenwehr von Oberwei\u00dfenbrunn sowie auf den Ausflug der Einsatzabteilung und Jugendfeuerwehr in den Hochseilgarten in Schlitz ein. Im Rahmen der Versammlung wurde J\u00f6rg Hirsch zum Hauptl\u00f6schmeister bef\u00f6rdert und Alexander Vogel f\u00fcr seine 25-j\u00e4hrige aktive Mitgliedschaft geehrt.<\/p>\n<p><strong>Vorstand:<\/strong><\/p>\n<p>Wehrf\u00fchrer: Ingo Alt<br \/>\nStellv. Wehrf\u00fchrer:\u00c2\u00a0 J\u00f6rg Hirsch<br \/>\nJugendwart: Nicolai Hirsch<br \/>\nStellv. Jugendwartin:<br \/>\nKatja Alt<br \/>\n1. Vorsitzender:\u00c2\u00a0 Alexander Vogel<br \/>\n2. Vorsitzender:\u00c2\u00a0 Andreas Ehm<br \/>\nSchriftf\u00fchrerin:\u00c2\u00a0 Stephanie Vogel<br \/>\nKassierer: Mathias Brandt<\/p>\n","protected":false},"excerpt":{"rendered":"<div class=\"tmnf_excerpt\"><p>Fulda (cp). Bei der diesj\u00e4hrigen Jahreshauptversammlung der Freiwilligen Feuerwehr Fulda-Edelzell begr\u00fc\u00dfte Wehrf\u00fchrer Ingo Alt neben den Mitgliedern auch Ortsvorsteherin Kerstin Hirsch, Helmut H\u00fcgel von der CDU-Fraktion und Rose Finkler von der SPD. Ferner waren der Leiter der Feuerwehr Thomas Hinz und der Stadtjugendfeuerwehrwart Marco Taschner der Einladung gefolgt. Alle G\u00e4ste fanden lobende Worte f\u00fcr den &hellip;<\/p>\n<\/div>","protected":false},"author":1,"featured_media":0,"comment_status":"closed","ping_status":"closed","sticky":false,"template":"","format":"standard","meta":{"footnotes":""},"categories":[1,71],"tags":[],"class_list":["post-107637","post","type-post","status-publish","format-standard","hentry","category-startseite","category-feuerwehr"],"_links":{"self":[{"href":"https:\/\/www.fuldaernachrichten.de\/index.php?rest_route=\/wp\/v2\/posts\/107637","targetHints":{"allow":["GET"]}}],"collection":[{"href":"https:\/\/www.fuldaernachrichten.de\/index.php?rest_route=\/wp\/v2\/posts"}],"about":[{"href":"https:\/\/www.fuldaernachrichten.de\/index.php?rest_route=\/wp\/v2\/types\/post"}],"author":[{"embeddable":true,"href":"https:\/\/www.fuldaernachrichten.de\/index.php?rest_route=\/wp\/v2\/users\/1"}],"replies":[{"embeddable":true,"href":"https:\/\/www.fuldaernachrichten.de\/index.php?rest_route=%2Fwp%2Fv2%2Fcomments&post=107637"}],"version-history":[{"count":0,"href":"https:\/\/www.fuldaernachrichten.de\/index.php?rest_route=\/wp\/v2\/posts\/107637\/revisions"}],"wp:attachment":[{"href":"https:\/\/www.fuldaernachrichten.de\/index.php?rest_route=%2Fwp%2Fv2%2Fmedia&parent=107637"}],"wp:term":[{"taxonomy":"category","embeddable":true,"href":"https:\/\/www.fuldaernachrichten.de\/index.php?rest_route=%2Fwp%2Fv2%2Fcategories&post=107637"},{"taxonomy":"post_tag","embeddable":true,"href":"https:\/\/www.fuldaernachrichten.de\/index.php?rest_route=%2Fwp%2Fv2%2Ftags&post=107637"}],"curies":[{"name":"wp","href":"https:\/\/api.w.org\/{rel}","templated":true}]}}