{"id":10698,"date":"2008-07-29T01:01:25","date_gmt":"2008-07-28T23:01:25","guid":{"rendered":"http:\/\/www.schoene-nachrichten.de\/?p=10698"},"modified":"2008-07-29T11:40:55","modified_gmt":"2008-07-29T09:40:55","slug":"schuhej-auch-bei-der-3-dmv-kumho-main-kinzig-rallye-in-waechtersbach-erfolgreich","status":"publish","type":"post","link":"https:\/\/www.fuldaernachrichten.de\/?p=10698","title":{"rendered":"Schuhej auch bei der 3. DMV Kumho Main Kinzig Rallye in W\u00e4chtersbach erfolgreich"},"content":{"rendered":"<p><strong>Motorsport.<\/strong>\u00c2\u00a0Die drei Favoritenteams J\u00f6rg Schuhej\/Tanja Timmer (Mitsubishi Lancer Evo VI), Michael Rausch\/Steffen Reith (Opel Ascona B 16V) und Marco Koch\/Stefan Assmann (Opel Kadett C Coupe) fuhren von Anfang an eine eigene Rallye mit einem F\u00fchrungswechsel nach dem anderen bei jeder Wertungspr\u00fcfung. Am Ende konnten sich Schuhej\/Timmer vor Koch\/Assmann und Rausch\/Reith durchsetzen und gewannen die 3. DMV Kumho Main Kinzig Rallye.<\/p>\n<p><strong>Fotos (30):<\/strong> Denny Rausch<\/p>\n<p><a title=\"Foto: Denny Rausch\" rel=\"lightbox[roadtrip]\" href=\"http:\/\/www.schoene-nachrichten.de\/wp-content\/uploads\/2008\/Marco\/080726_rallye-waechtersbach_030.jpg\" target=\"_blank\"><img decoding=\"async\" src=\"http:\/\/www.schoene-nachrichten.de\/wp-content\/uploads\/2008\/Marco\/080726_rallye-waechtersbach_030.thumbnail.jpg\" alt=\"080726_rallye-waechtersbach_030.jpg\" width=\"128\" \/><\/a>\u00c2\u00a0<a title=\"Foto: Denny Rausch\" rel=\"lightbox[roadtrip]\" href=\"http:\/\/www.schoene-nachrichten.de\/wp-content\/uploads\/2008\/Marco\/080726_rallye-waechtersbach_001.jpg\" target=\"_blank\"><img decoding=\"async\" src=\"http:\/\/www.schoene-nachrichten.de\/wp-content\/uploads\/2008\/Marco\/080726_rallye-waechtersbach_001.thumbnail.jpg\" alt=\"080726_rallye-waechtersbach_001.jpg\" width=\"128\" \/><\/a>\u00c2\u00a0<a title=\"Foto: Denny Rausch\" rel=\"lightbox[roadtrip]\" href=\"http:\/\/www.schoene-nachrichten.de\/wp-content\/uploads\/2008\/Marco\/080726_rallye-waechtersbach_013.jpg\" target=\"_blank\"><img decoding=\"async\" src=\"http:\/\/www.schoene-nachrichten.de\/wp-content\/uploads\/2008\/Marco\/080726_rallye-waechtersbach_013.thumbnail.jpg\" alt=\"080726_rallye-waechtersbach_013.jpg\" width=\"128\" \/><\/a><a title=\"Foto: Denny Rausch\" rel=\"lightbox[roadtrip]\" href=\"http:\/\/www.schoene-nachrichten.de\/wp-content\/uploads\/2008\/Marco\/080726_rallye-waechtersbach_003.jpg\" target=\"_blank\"><\/a><\/p>\n<p><a title=\"Foto: Denny Rausch\" rel=\"lightbox[roadtrip]\" href=\"http:\/\/www.schoene-nachrichten.de\/wp-content\/uploads\/2008\/Marco\/080726_rallye-waechtersbach_029.jpg\" target=\"_blank\"><img decoding=\"async\" src=\"http:\/\/www.schoene-nachrichten.de\/wp-content\/uploads\/2008\/Marco\/080726_rallye-waechtersbach_029.thumbnail.jpg\" alt=\"080726_rallye-waechtersbach_029.jpg\" width=\"128\" \/><\/a>\u00c2\u00a0<a title=\"Foto: Denny Rausch\" rel=\"lightbox[roadtrip]\" href=\"http:\/\/www.schoene-nachrichten.de\/wp-content\/uploads\/2008\/Marco\/080726_rallye-waechtersbach_006.jpg\" target=\"_blank\"><img decoding=\"async\" src=\"http:\/\/www.schoene-nachrichten.de\/wp-content\/uploads\/2008\/Marco\/080726_rallye-waechtersbach_006.thumbnail.jpg\" alt=\"080726_rallye-waechtersbach_006.jpg\" width=\"128\" \/><\/a> <a title=\"Foto: Denny Rausch\" rel=\"lightbox[roadtrip]\" href=\"http:\/\/www.schoene-nachrichten.de\/wp-content\/uploads\/2008\/Marco\/080726_rallye-waechtersbach_011.jpg\" target=\"_blank\"><img decoding=\"async\" src=\"http:\/\/www.schoene-nachrichten.de\/wp-content\/uploads\/2008\/Marco\/080726_rallye-waechtersbach_011.thumbnail.jpg\" alt=\"080726_rallye-waechtersbach_011.jpg\" width=\"128\" \/><\/a><!--more--><\/p>\n<p>Die Veranstaltung begann am vergangenen Samstag, den 26. Juli 2008, um 13:00 Uhr am Messegel\u00e4nde in W\u00e4chtersbach. Durch den mittlerweile hohen Stellenwert der Rallye reisten 110 Rallyeteams nicht nur aus Hessen, sondern aus der kompletten Bundesrepublik an, um sich mit Bestzeiten auf den Wertungspr\u00fcfungen zu duellieren. Nach dem gem\u00fctlichen Abend im Festzelt am Freitag und dem reichhaltig gedeckten Fr\u00fchst\u00fcckstisch, der am Samstagmorgen keine W\u00fcnsche offen lie\u00df, startete die Rallye traditionell von der Rampe aus vor dem Festzelt.<\/p>\n<p><a title=\"Foto: Denny Rausch\" rel=\"lightbox[roadtrip]\" href=\"http:\/\/www.schoene-nachrichten.de\/wp-content\/uploads\/2008\/Marco\/080726_rallye-waechtersbach_007.jpg\" target=\"_blank\"><img decoding=\"async\" src=\"http:\/\/www.schoene-nachrichten.de\/wp-content\/uploads\/2008\/Marco\/080726_rallye-waechtersbach_007.thumbnail.jpg\" alt=\"080726_rallye-waechtersbach_007.jpg\" width=\"128\" \/><\/a> <a title=\"Foto: Denny Rausch\" rel=\"lightbox[roadtrip]\" href=\"http:\/\/www.schoene-nachrichten.de\/wp-content\/uploads\/2008\/Marco\/080726_rallye-waechtersbach_008.jpg\" target=\"_blank\"><img decoding=\"async\" src=\"http:\/\/www.schoene-nachrichten.de\/wp-content\/uploads\/2008\/Marco\/080726_rallye-waechtersbach_008.thumbnail.jpg\" alt=\"080726_rallye-waechtersbach_008.jpg\" width=\"128\" \/><\/a> <a title=\"Foto: Denny Rausch\" rel=\"lightbox[roadtrip]\" href=\"http:\/\/www.schoene-nachrichten.de\/wp-content\/uploads\/2008\/Marco\/080726_rallye-waechtersbach_009.jpg\" target=\"_blank\"><img decoding=\"async\" src=\"http:\/\/www.schoene-nachrichten.de\/wp-content\/uploads\/2008\/Marco\/080726_rallye-waechtersbach_009.thumbnail.jpg\" alt=\"080726_rallye-waechtersbach_009.jpg\" width=\"128\" \/><\/a><\/p>\n<p><a title=\"Foto: Denny Rausch\" rel=\"lightbox[roadtrip]\" href=\"http:\/\/www.schoene-nachrichten.de\/wp-content\/uploads\/2008\/Marco\/080726_rallye-waechtersbach_010.jpg\" target=\"_blank\"><img decoding=\"async\" src=\"http:\/\/www.schoene-nachrichten.de\/wp-content\/uploads\/2008\/Marco\/080726_rallye-waechtersbach_010.thumbnail.jpg\" alt=\"080726_rallye-waechtersbach_010.jpg\" width=\"128\" \/><\/a>\u00c2\u00a0<a title=\"Foto: Denny Rausch\" rel=\"lightbox[roadtrip]\" href=\"http:\/\/www.schoene-nachrichten.de\/wp-content\/uploads\/2008\/Marco\/080726_rallye-waechtersbach_005.jpg\" target=\"_blank\"><img decoding=\"async\" src=\"http:\/\/www.schoene-nachrichten.de\/wp-content\/uploads\/2008\/Marco\/080726_rallye-waechtersbach_005.thumbnail.jpg\" alt=\"080726_rallye-waechtersbach_005.jpg\" width=\"128\" \/><\/a>\u00c2\u00a0<a title=\"Foto: Denny Rausch\" rel=\"lightbox[roadtrip]\" href=\"http:\/\/www.schoene-nachrichten.de\/wp-content\/uploads\/2008\/Marco\/080726_rallye-waechtersbach_012.jpg\" target=\"_blank\"><img decoding=\"async\" src=\"http:\/\/www.schoene-nachrichten.de\/wp-content\/uploads\/2008\/Marco\/080726_rallye-waechtersbach_012.thumbnail.jpg\" alt=\"080726_rallye-waechtersbach_012.jpg\" width=\"128\" \/><\/a><\/p>\n<p>Auf den Strecken folgten nicht nur Spitzengeschwindigkeiten, actionreiche Drifts und hohe Spr\u00fcnge, sondern auch wilde Verbremser, Ausritte in angrenzende Stra\u00dfengr\u00e4ben und Ausfl\u00fcge ins Stoppelfeld. Dazu kamen\u00c2\u00a0bei dem ein oder anderen Team technische Probleme. So hatten Schuhej\/Timmer zuerst mit einer ausgefallenen Gegensprechanlage, sp\u00e4ter mit einem &#8220;schleichenden Plattfu\u00df&#8221;, der auf der dritten WP das Fahrverhalten negativ beeinflusste, zu k\u00e4mpfen. Team Koch\/Assmann wurde auf WP 5 ebenfalls durch einen Plattfu\u00df kurzzeitig zur\u00fcckgeworfen, Uwe Kiehm\/Thomas Weidl (Opel Kadett C Coupe) mussten auf der letzten WP durch einen Defekt an der Hinterachse aufgeben &#8211; mit gro\u00dfer Entt\u00e4uschung! Denn: Auf nahezu jeder WP fuhren sie\u00c2\u00a0in die Top 5 Platzierung. Auch die Starter des MSC W\u00e4chtersbach wurden vom &#8220;Defektteufel&#8221; heimgesucht. Sven Hochwimmer\/Christina Kaiser (Vauxhall Astra GTE 16V) mussten auf WP 5 aufgeben.<\/p>\n<p><a title=\"Foto: Denny Rausch\" rel=\"lightbox[roadtrip]\" href=\"http:\/\/www.schoene-nachrichten.de\/wp-content\/uploads\/2008\/Marco\/080726_rallye-waechtersbach_013.jpg\" target=\"_blank\"><\/a><a title=\"Foto: Denny Rausch\" rel=\"lightbox[roadtrip]\" href=\"http:\/\/www.schoene-nachrichten.de\/wp-content\/uploads\/2008\/Marco\/080726_rallye-waechtersbach_003.jpg\" target=\"_blank\"><img decoding=\"async\" src=\"http:\/\/www.schoene-nachrichten.de\/wp-content\/uploads\/2008\/Marco\/080726_rallye-waechtersbach_003.thumbnail.jpg\" alt=\"080726_rallye-waechtersbach_003.jpg\" width=\"128\" \/><\/a>\u00c2\u00a0<a title=\"Foto: Denny Rausch\" rel=\"lightbox[roadtrip]\" href=\"http:\/\/www.schoene-nachrichten.de\/wp-content\/uploads\/2008\/Marco\/080726_rallye-waechtersbach_014.jpg\" target=\"_blank\"><img decoding=\"async\" src=\"http:\/\/www.schoene-nachrichten.de\/wp-content\/uploads\/2008\/Marco\/080726_rallye-waechtersbach_014.thumbnail.jpg\" alt=\"080726_rallye-waechtersbach_014.jpg\" width=\"128\" \/><\/a> <a title=\"Foto: Denny Rausch\" rel=\"lightbox[roadtrip]\" href=\"http:\/\/www.schoene-nachrichten.de\/wp-content\/uploads\/2008\/Marco\/080726_rallye-waechtersbach_015.jpg\" target=\"_blank\"><img decoding=\"async\" src=\"http:\/\/www.schoene-nachrichten.de\/wp-content\/uploads\/2008\/Marco\/080726_rallye-waechtersbach_015.thumbnail.jpg\" alt=\"080726_rallye-waechtersbach_015.jpg\" width=\"128\" \/><\/a><\/p>\n<p><a title=\"Foto: Denny Rausch\" rel=\"lightbox[roadtrip]\" href=\"http:\/\/www.schoene-nachrichten.de\/wp-content\/uploads\/2008\/Marco\/080726_rallye-waechtersbach_016.jpg\" target=\"_blank\"><img decoding=\"async\" src=\"http:\/\/www.schoene-nachrichten.de\/wp-content\/uploads\/2008\/Marco\/080726_rallye-waechtersbach_016.thumbnail.jpg\" alt=\"080726_rallye-waechtersbach_016.jpg\" width=\"128\" \/><\/a> <a title=\"Foto: Denny Rausch\" rel=\"lightbox[roadtrip]\" href=\"http:\/\/www.schoene-nachrichten.de\/wp-content\/uploads\/2008\/Marco\/080726_rallye-waechtersbach_017.jpg\" target=\"_blank\"><img decoding=\"async\" src=\"http:\/\/www.schoene-nachrichten.de\/wp-content\/uploads\/2008\/Marco\/080726_rallye-waechtersbach_017.thumbnail.jpg\" alt=\"080726_rallye-waechtersbach_017.jpg\" width=\"128\" \/><\/a> <a title=\"Foto: Denny Rausch\" rel=\"lightbox[roadtrip]\" href=\"http:\/\/www.schoene-nachrichten.de\/wp-content\/uploads\/2008\/Marco\/080726_rallye-waechtersbach_018.jpg\" target=\"_blank\"><img decoding=\"async\" src=\"http:\/\/www.schoene-nachrichten.de\/wp-content\/uploads\/2008\/Marco\/080726_rallye-waechtersbach_018.thumbnail.jpg\" alt=\"080726_rallye-waechtersbach_018.jpg\" width=\"128\" \/><\/a><\/p>\n<p>Team Bj\u00f6rn Mohr\/Oliver Becker (Opel Astra H Diesel) konnten einen hervorragenden 13. Gesamtrang und den zweiten Platz in ihrer Klasse N4 einfahren. Sie mussten sich lediglich Fritz K\u00f6hler\/Vanessa Vogt (BMW M3) geschlagen geben, die auf dem siebten Gesamtrang landeten. Thomas Leipold\/Lena-Linda Kaufmann (Suzuki Swift) gewannen die Klasse N2 und belegten einen beachtlichen 12. Platz im Gesamtergebnis. Heiko Fischer\/Tatjana Fischer (VW Polo 86c) wurden ebenfalls erste in ihrer Klasse H12 und fanden sich auf dem 34. Gesamtrang wieder. Zweites Team in der Klasse H12 wurden Uwe Hausner\/Andreas Neun (VW Polo 86c).<\/p>\n<p><a title=\"Foto: Denny Rausch\" rel=\"lightbox[roadtrip]\" href=\"http:\/\/www.schoene-nachrichten.de\/wp-content\/uploads\/2008\/Marco\/080726_rallye-waechtersbach_019.jpg\" target=\"_blank\"><img decoding=\"async\" src=\"http:\/\/www.schoene-nachrichten.de\/wp-content\/uploads\/2008\/Marco\/080726_rallye-waechtersbach_019.thumbnail.jpg\" alt=\"080726_rallye-waechtersbach_019.jpg\" width=\"128\" \/><\/a> <a title=\"Foto: Denny Rausch\" rel=\"lightbox[roadtrip]\" href=\"http:\/\/www.schoene-nachrichten.de\/wp-content\/uploads\/2008\/Marco\/080726_rallye-waechtersbach_020.jpg\" target=\"_blank\"><img decoding=\"async\" src=\"http:\/\/www.schoene-nachrichten.de\/wp-content\/uploads\/2008\/Marco\/080726_rallye-waechtersbach_020.thumbnail.jpg\" alt=\"080726_rallye-waechtersbach_020.jpg\" width=\"128\" \/><\/a> <a title=\"Foto: Denny Rausch\" rel=\"lightbox[roadtrip]\" href=\"http:\/\/www.schoene-nachrichten.de\/wp-content\/uploads\/2008\/Marco\/080726_rallye-waechtersbach_021.jpg\" target=\"_blank\"><img decoding=\"async\" src=\"http:\/\/www.schoene-nachrichten.de\/wp-content\/uploads\/2008\/Marco\/080726_rallye-waechtersbach_021.thumbnail.jpg\" alt=\"080726_rallye-waechtersbach_021.jpg\" width=\"128\" \/><\/a><\/p>\n<p><a title=\"Foto: Denny Rausch\" rel=\"lightbox[roadtrip]\" href=\"http:\/\/www.schoene-nachrichten.de\/wp-content\/uploads\/2008\/Marco\/080726_rallye-waechtersbach_022.jpg\" target=\"_blank\"><img decoding=\"async\" src=\"http:\/\/www.schoene-nachrichten.de\/wp-content\/uploads\/2008\/Marco\/080726_rallye-waechtersbach_022.thumbnail.jpg\" alt=\"080726_rallye-waechtersbach_022.jpg\" width=\"128\" \/><\/a> <a title=\"Foto: Denny Rausch\" rel=\"lightbox[roadtrip]\" href=\"http:\/\/www.schoene-nachrichten.de\/wp-content\/uploads\/2008\/Marco\/080726_rallye-waechtersbach_023.jpg\" target=\"_blank\"><img decoding=\"async\" src=\"http:\/\/www.schoene-nachrichten.de\/wp-content\/uploads\/2008\/Marco\/080726_rallye-waechtersbach_023.thumbnail.jpg\" alt=\"080726_rallye-waechtersbach_023.jpg\" width=\"128\" \/><\/a> <a title=\"Foto: Denny Rausch\" rel=\"lightbox[roadtrip]\" href=\"http:\/\/www.schoene-nachrichten.de\/wp-content\/uploads\/2008\/Marco\/080726_rallye-waechtersbach_024.jpg\" target=\"_blank\"><img decoding=\"async\" src=\"http:\/\/www.schoene-nachrichten.de\/wp-content\/uploads\/2008\/Marco\/080726_rallye-waechtersbach_024.thumbnail.jpg\" alt=\"080726_rallye-waechtersbach_024.jpg\" width=\"128\" \/><\/a><\/p>\n<p>Der MSC W\u00e4chtersbach konnte zusammen mit seinen zahlreichen Helfern erneut eine perfekt organisierte\u00c2\u00a0Veranstaltung\u00c2\u00a0zur Freude der Fans und Fahrer abliefern. Somit wird es auch im kommenden Jahr wieder hei\u00dfen: &#8220;Wir geben Gas!&#8221; Informationen zum Veranstalter sowie das komplette Endergebnis finden Sie auf der Club eigenen Homepage unter <a href=\"http:\/\/www.msc-waechtersbach.de\" target=\"_blank\">www.msc-waechtersbach.de<\/a>.<\/p>\n<p><a title=\"Foto: Denny Rausch\" rel=\"lightbox[roadtrip]\" href=\"http:\/\/www.schoene-nachrichten.de\/wp-content\/uploads\/2008\/Marco\/080726_rallye-waechtersbach_025.jpg\" target=\"_blank\"><img decoding=\"async\" src=\"http:\/\/www.schoene-nachrichten.de\/wp-content\/uploads\/2008\/Marco\/080726_rallye-waechtersbach_025.thumbnail.jpg\" alt=\"080726_rallye-waechtersbach_025.jpg\" width=\"128\" \/><\/a> <a title=\"Foto: Denny Rausch\" rel=\"lightbox[roadtrip]\" href=\"http:\/\/www.schoene-nachrichten.de\/wp-content\/uploads\/2008\/Marco\/080726_rallye-waechtersbach_026.jpg\" target=\"_blank\"><img decoding=\"async\" src=\"http:\/\/www.schoene-nachrichten.de\/wp-content\/uploads\/2008\/Marco\/080726_rallye-waechtersbach_026.thumbnail.jpg\" alt=\"080726_rallye-waechtersbach_026.jpg\" width=\"128\" \/><\/a> <a title=\"Foto: Denny Rausch\" rel=\"lightbox[roadtrip]\" href=\"http:\/\/www.schoene-nachrichten.de\/wp-content\/uploads\/2008\/Marco\/080726_rallye-waechtersbach_027.jpg\" target=\"_blank\"><img decoding=\"async\" src=\"http:\/\/www.schoene-nachrichten.de\/wp-content\/uploads\/2008\/Marco\/080726_rallye-waechtersbach_027.thumbnail.jpg\" alt=\"080726_rallye-waechtersbach_027.jpg\" width=\"128\" \/><\/a><\/p>\n<p><a title=\"Foto: Denny Rausch\" rel=\"lightbox[roadtrip]\" href=\"http:\/\/www.schoene-nachrichten.de\/wp-content\/uploads\/2008\/Marco\/080726_rallye-waechtersbach_028.jpg\" target=\"_blank\"><img decoding=\"async\" src=\"http:\/\/www.schoene-nachrichten.de\/wp-content\/uploads\/2008\/Marco\/080726_rallye-waechtersbach_028.thumbnail.jpg\" alt=\"080726_rallye-waechtersbach_028.jpg\" width=\"128\" \/><\/a>\u00c2\u00a0<a title=\"Foto: Denny Rausch\" rel=\"lightbox[roadtrip]\" href=\"http:\/\/www.schoene-nachrichten.de\/wp-content\/uploads\/2008\/Marco\/080726_rallye-waechtersbach_029.jpg\" target=\"_blank\"><\/a><a title=\"Foto: Denny Rausch\" rel=\"lightbox[roadtrip]\" href=\"http:\/\/www.schoene-nachrichten.de\/wp-content\/uploads\/2008\/Marco\/080726_rallye-waechtersbach_004.jpg\" target=\"_blank\"><img decoding=\"async\" src=\"http:\/\/www.schoene-nachrichten.de\/wp-content\/uploads\/2008\/Marco\/080726_rallye-waechtersbach_004.thumbnail.jpg\" alt=\"080726_rallye-waechtersbach_004.jpg\" width=\"128\" \/><\/a> <a title=\"Foto: Denny Rausch\" rel=\"lightbox[roadtrip]\" href=\"http:\/\/www.schoene-nachrichten.de\/wp-content\/uploads\/2008\/Marco\/080726_rallye-waechtersbach_002.jpg\" target=\"_blank\"><img decoding=\"async\" src=\"http:\/\/www.schoene-nachrichten.de\/wp-content\/uploads\/2008\/Marco\/080726_rallye-waechtersbach_002.thumbnail.jpg\" alt=\"080726_rallye-waechtersbach_002.jpg\" width=\"128\" \/><\/a><a title=\"Foto: Denny Rausch\" rel=\"lightbox[roadtrip]\" href=\"http:\/\/www.schoene-nachrichten.de\/wp-content\/uploads\/2008\/Marco\/080726_rallye-waechtersbach_030.jpg\" target=\"_blank\"><\/a><\/p>\n","protected":false},"excerpt":{"rendered":"<div class=\"tmnf_excerpt\"><p>Motorsport.\u00c2\u00a0Die drei Favoritenteams J\u00f6rg Schuhej\/Tanja Timmer (Mitsubishi Lancer Evo VI), Michael Rausch\/Steffen Reith (Opel Ascona B 16V) und Marco Koch\/Stefan Assmann (Opel Kadett C Coupe) fuhren von Anfang an eine eigene Rallye mit einem F\u00fchrungswechsel nach dem anderen bei jeder Wertungspr\u00fcfung. Am Ende konnten sich Schuhej\/Timmer vor Koch\/Assmann und Rausch\/Reith durchsetzen und gewannen die 3. &hellip;<\/p>\n<\/div>","protected":false},"author":1,"featured_media":0,"comment_status":"closed","ping_status":"closed","sticky":false,"template":"","format":"standard","meta":{"footnotes":""},"categories":[1,35,54,72,46],"tags":[],"class_list":["post-10698","post","type-post","status-publish","format-standard","hentry","category-startseite","category-auto","category-bildergalerien","category-jugend","category-sport"],"_links":{"self":[{"href":"https:\/\/www.fuldaernachrichten.de\/index.php?rest_route=\/wp\/v2\/posts\/10698","targetHints":{"allow":["GET"]}}],"collection":[{"href":"https:\/\/www.fuldaernachrichten.de\/index.php?rest_route=\/wp\/v2\/posts"}],"about":[{"href":"https:\/\/www.fuldaernachrichten.de\/index.php?rest_route=\/wp\/v2\/types\/post"}],"author":[{"embeddable":true,"href":"https:\/\/www.fuldaernachrichten.de\/index.php?rest_route=\/wp\/v2\/users\/1"}],"replies":[{"embeddable":true,"href":"https:\/\/www.fuldaernachrichten.de\/index.php?rest_route=%2Fwp%2Fv2%2Fcomments&post=10698"}],"version-history":[{"count":0,"href":"https:\/\/www.fuldaernachrichten.de\/index.php?rest_route=\/wp\/v2\/posts\/10698\/revisions"}],"wp:attachment":[{"href":"https:\/\/www.fuldaernachrichten.de\/index.php?rest_route=%2Fwp%2Fv2%2Fmedia&parent=10698"}],"wp:term":[{"taxonomy":"category","embeddable":true,"href":"https:\/\/www.fuldaernachrichten.de\/index.php?rest_route=%2Fwp%2Fv2%2Fcategories&post=10698"},{"taxonomy":"post_tag","embeddable":true,"href":"https:\/\/www.fuldaernachrichten.de\/index.php?rest_route=%2Fwp%2Fv2%2Ftags&post=10698"}],"curies":[{"name":"wp","href":"https:\/\/api.w.org\/{rel}","templated":true}]}}