{"id":106371,"date":"2013-02-14T00:14:50","date_gmt":"2013-02-14T00:14:50","guid":{"rendered":"http:\/\/www.fuldaer-nachrichten.de\/?p=106371"},"modified":"2013-02-13T16:07:59","modified_gmt":"2013-02-13T16:07:59","slug":"freiwillige-feuerwehr-poppenhausen-schulte-fahrzeugfuhrer-fahrberechtigungen-fur-feuerwehrloschfahrzeuge-ausgehandigt","status":"publish","type":"post","link":"https:\/\/www.fuldaernachrichten.de\/?p=106371","title":{"rendered":"Freiwillige Feuerwehr Poppenhausen schulte Fahrzeugf\u00fchrer &#8211; Fahrberechtigungen f\u00fcr Feuerwehrl\u00f6schfahrzeuge ausgeh\u00e4ndigt"},"content":{"rendered":"<div id=\"attachment_106372\" style=\"width: 275px\" class=\"wp-caption alignleft\"><img decoding=\"async\" aria-describedby=\"caption-attachment-106372\" class=\"size-thumbnail wp-image-106372\" title=\"FW-Fahrberechtigung-01\" src=\"http:\/\/www.fuldaer-nachrichten.de\/wp-content\/uploads\/2013\/02\/FW-Fahrberechtigung-01-265x156.jpg\" alt=\"\" width=\"265\" height=\"156\" srcset=\"https:\/\/www.fuldaernachrichten.de\/wp-content\/uploads\/2013\/02\/FW-Fahrberechtigung-01-265x156.jpg 265w, https:\/\/www.fuldaernachrichten.de\/wp-content\/uploads\/2013\/02\/FW-Fahrberechtigung-01.jpg 600w\" sizes=\"(max-width: 265px) 100vw, 265px\" \/><p id=\"caption-attachment-106372\" class=\"wp-caption-text\">v.li. Gemeindebrandinspektor Georg Wehner, Wehrf\u00fchrer Markus Heller (Poppenhausen), Dietmar Link (Fachbereich Fahrberechtigungs-VO), Christian Wiegand, Konstantin Hohmann, Jana Ganseforth, Fabian K\u00fcmmel, Marius Walter, Thomas Ruppert, Felix Kremer, Bj\u00f6rn Heller, Wehrf\u00fchrer Thomas Mehler u. Stv. Wehrf\u00fchrerin Inge Mehler (beide Rodholz), Wehrf\u00fchrer Thomas Mans (Steinwand) u. B\u00fcrgermeister Manfred Helfrich<\/p><\/div>\n<p><strong>Poppenhausen (Wasserkuppe).<\/strong> Vor wenigen Tagen konnte im Feuerwehrhaus Poppenhausen die Fahrberechtigung zum F\u00fchren eines Einsatzfahrzeuges bis zu einem zul\u00e4ssigen Gesamtgewicht von 7,5 Tonnen an 9 junge Einsatzkr\u00e4fte \u00fcberreicht werden. Seit im Jahr 1999 die fahrerlaubnisrechtlichen Vorschriften ge\u00e4ndert wurden, war f\u00fcr die Gewichtsklasse 3,5 bis 7,5 Tonnen die Fahrerlaubnisklasse C 1 erforderlich. F\u00fcr Feuerwehreinsatzkr\u00e4fte, die seit 1999 eine \u201enormale\u201c Pkw-Fahrberechtigung erworben hatten, war somit eine zus\u00e4tzliche Ausbildung notwendig. Obwohl die Gemeinde diese Ausbildung finanziell stark unterst\u00fctzte, hatten die Bewerber auch einen Eigenanteil zu leisten. Daher drohte die Gefahr, dass es in den Einsatzabteilungen der Feuerwehren wie auch bei den Rettungsdiensten, beim THW sowie beim Katastrophenschutz zunehmend an\u00c2\u00a0 Kr\u00e4ften mit einer Fahrberechtigung f\u00fcr die Einsatzfahrzeuge fehlt.<!--more--><\/p>\n<p>Nach langen Verhandlungen schuf die Hessische Landesregierung im vergangenen Jahr die rechtlichen Voraussetzungen f\u00fcr eine pragmatische, unb\u00fcrokratische und kosteng\u00fcnstige L\u00f6sung. Es wurde eine entsprechende Fahrberechtigungsverordnung erlassen, die es erfahrenen Einsatzkr\u00e4ften erm\u00f6glicht, die Fahrberechtigungsbewerber zu schulen.\u00c2\u00a0 \u201eWie bei vielen anderen Angelegenheiten haben die Verantwortlichen der Freiwilligen Feuerwehr Poppenhausen auch diese Thematik selbst in die Hand genommen\u201c, so die Information von Gemeindebrandinspektor Georg Wehner (Bild 1, 1. v. li.).\u00c2\u00a0 Ziel war es, auf kurzem Wege eine preiswerte effektive Ausbildung darzustellen. Voraussetzung f\u00fcr den Erwerb dieser Fahrberechtigung ist das 21. Lebensjahr und der Besitz des F\u00fchrerscheines der Klasse B.<\/p>\n<div id=\"attachment_106373\" style=\"width: 275px\" class=\"wp-caption alignleft\"><img decoding=\"async\" aria-describedby=\"caption-attachment-106373\" class=\"size-thumbnail wp-image-106373\" title=\"FW-Fahrberechtigung-04\" src=\"http:\/\/www.fuldaer-nachrichten.de\/wp-content\/uploads\/2013\/02\/FW-Fahrberechtigung-04-265x175.jpg\" alt=\"\" width=\"265\" height=\"175\" srcset=\"https:\/\/www.fuldaernachrichten.de\/wp-content\/uploads\/2013\/02\/FW-Fahrberechtigung-04-265x175.jpg 265w, https:\/\/www.fuldaernachrichten.de\/wp-content\/uploads\/2013\/02\/FW-Fahrberechtigung-04.jpg 600w\" sizes=\"(max-width: 265px) 100vw, 265px\" \/><p id=\"caption-attachment-106373\" class=\"wp-caption-text\">Gemeindebrandinspektor Georg Wehner bei der Aush\u00e4ndigung der Fahrberechtigungsbescheinigungen an die Einsatzkr\u00e4fte, hier an die Gemeindejugendfeuerwehr-Wartin Jana Ganseforth.<\/p><\/div>\n<p>Die theoretische Ausbildung wurde \u00fcber den Malteser Hilfsdienst, Ortsverband K\u00fcnzell dargestellt. Die praktische Ausbildung \u00fcbernahmen erfahrene Feuerwehreinsatzkr\u00e4fte. Allen voran organisierte und schulte Dietmar Link (Bild 1, 3. v. li.) in seiner Funktion als Fachbereichsleiter Fahrberechtigungsverordnung den gesamten Ausbildungsablauf. Die 9 jungen Einsatzkr\u00e4fte sind nun berechtigt, \u00c2\u00a0alle Einsatzfahrzeuge der Gemeindefeuerwehr in Poppenhausen zu f\u00fchren.<\/p>\n<p>B\u00fcrgermeister Herr Manfred Helfrich (Bild 1, 1. v. re.) lobte die pragmatische Vorgehensweise und die Eigeninitiative seiner Feuerwehr und zeigte sich erfreut \u00fcber die Bereitschaft der jungen Einsatzkr\u00e4fte, die Fahrberechtigung zu erwerben. Dies sei ein Beleg f\u00fcr die Motivation, sich langfristig f\u00fcr den breiten Aufgabenbereich der Freiwilligen Feuerwehr zu engagieren. Er dankte den Verantwortlichen, allen voran dem Gemeindebrandinspektor Georg Wehner, f\u00fcr die sehr kostenbewusste aber zugleich effektive Vorgehensweise.<\/p>\n<p>&nbsp;<\/p>\n","protected":false},"excerpt":{"rendered":"<div class=\"tmnf_excerpt\"><p>Poppenhausen (Wasserkuppe). Vor wenigen Tagen konnte im Feuerwehrhaus Poppenhausen die Fahrberechtigung zum F\u00fchren eines Einsatzfahrzeuges bis zu einem zul\u00e4ssigen Gesamtgewicht von 7,5 Tonnen an 9 junge Einsatzkr\u00e4fte \u00fcberreicht werden. Seit im Jahr 1999 die fahrerlaubnisrechtlichen Vorschriften ge\u00e4ndert wurden, war f\u00fcr die Gewichtsklasse 3,5 bis 7,5 Tonnen die Fahrerlaubnisklasse C 1 erforderlich. F\u00fcr Feuerwehreinsatzkr\u00e4fte, die seit &hellip;<\/p>\n<\/div>","protected":false},"author":1,"featured_media":0,"comment_status":"closed","ping_status":"closed","sticky":false,"template":"","format":"standard","meta":{"footnotes":""},"categories":[1,71],"tags":[],"class_list":["post-106371","post","type-post","status-publish","format-standard","hentry","category-startseite","category-feuerwehr"],"_links":{"self":[{"href":"https:\/\/www.fuldaernachrichten.de\/index.php?rest_route=\/wp\/v2\/posts\/106371","targetHints":{"allow":["GET"]}}],"collection":[{"href":"https:\/\/www.fuldaernachrichten.de\/index.php?rest_route=\/wp\/v2\/posts"}],"about":[{"href":"https:\/\/www.fuldaernachrichten.de\/index.php?rest_route=\/wp\/v2\/types\/post"}],"author":[{"embeddable":true,"href":"https:\/\/www.fuldaernachrichten.de\/index.php?rest_route=\/wp\/v2\/users\/1"}],"replies":[{"embeddable":true,"href":"https:\/\/www.fuldaernachrichten.de\/index.php?rest_route=%2Fwp%2Fv2%2Fcomments&post=106371"}],"version-history":[{"count":0,"href":"https:\/\/www.fuldaernachrichten.de\/index.php?rest_route=\/wp\/v2\/posts\/106371\/revisions"}],"wp:attachment":[{"href":"https:\/\/www.fuldaernachrichten.de\/index.php?rest_route=%2Fwp%2Fv2%2Fmedia&parent=106371"}],"wp:term":[{"taxonomy":"category","embeddable":true,"href":"https:\/\/www.fuldaernachrichten.de\/index.php?rest_route=%2Fwp%2Fv2%2Fcategories&post=106371"},{"taxonomy":"post_tag","embeddable":true,"href":"https:\/\/www.fuldaernachrichten.de\/index.php?rest_route=%2Fwp%2Fv2%2Ftags&post=106371"}],"curies":[{"name":"wp","href":"https:\/\/api.w.org\/{rel}","templated":true}]}}