{"id":106298,"date":"2013-02-11T00:11:37","date_gmt":"2013-02-11T00:11:37","guid":{"rendered":"http:\/\/www.fuldaer-nachrichten.de\/?p=106298"},"modified":"2013-02-11T10:13:56","modified_gmt":"2013-02-11T10:13:56","slug":"wertungsrichterlehrgang-geplant","status":"publish","type":"post","link":"https:\/\/www.fuldaernachrichten.de\/?p=106298","title":{"rendered":"Wertungsrichterlehrgang geplant"},"content":{"rendered":"<p>Vogelsbergkreis. Die Kreisjugendfeuerwehr Vogelsbergkreis plant im Fr\u00fchjahr einen Lehrgang f\u00fcr Wertungsrichter anzubieten. F\u00fcr die Planung ben\u00f6tigen die zust\u00e4ndigen Fachbereichsleiter der Kreisjugendfeuerwehr R\u00fcckmeldungen aus den einzelnen Jugendfeuerwehren, ob ein Bedarf besteht. Diese Bedarfsmeldungen k\u00f6nnen bis zum 10. M\u00e4rz \u00fcber die 19 Stadt- und Gemeindejugendfeuerwehrwarte des Vogelsbergkreises vorgenommen werden.<\/p>\n","protected":false},"excerpt":{"rendered":"<div class=\"tmnf_excerpt\"><p>Vogelsbergkreis. Die Kreisjugendfeuerwehr Vogelsbergkreis plant im Fr\u00fchjahr einen Lehrgang f\u00fcr Wertungsrichter anzubieten. F\u00fcr die Planung ben\u00f6tigen die zust\u00e4ndigen Fachbereichsleiter der Kreisjugendfeuerwehr R\u00fcckmeldungen aus den einzelnen Jugendfeuerwehren, ob ein Bedarf besteht. Diese Bedarfsmeldungen k\u00f6nnen bis zum 10. M\u00e4rz \u00fcber die 19 Stadt- und Gemeindejugendfeuerwehrwarte des Vogelsbergkreises vorgenommen werden.<\/p>\n<\/div>","protected":false},"author":1,"featured_media":0,"comment_status":"closed","ping_status":"closed","sticky":false,"template":"","format":"standard","meta":{"footnotes":""},"categories":[1,71],"tags":[],"class_list":["post-106298","post","type-post","status-publish","format-standard","hentry","category-startseite","category-feuerwehr"],"_links":{"self":[{"href":"https:\/\/www.fuldaernachrichten.de\/index.php?rest_route=\/wp\/v2\/posts\/106298","targetHints":{"allow":["GET"]}}],"collection":[{"href":"https:\/\/www.fuldaernachrichten.de\/index.php?rest_route=\/wp\/v2\/posts"}],"about":[{"href":"https:\/\/www.fuldaernachrichten.de\/index.php?rest_route=\/wp\/v2\/types\/post"}],"author":[{"embeddable":true,"href":"https:\/\/www.fuldaernachrichten.de\/index.php?rest_route=\/wp\/v2\/users\/1"}],"replies":[{"embeddable":true,"href":"https:\/\/www.fuldaernachrichten.de\/index.php?rest_route=%2Fwp%2Fv2%2Fcomments&post=106298"}],"version-history":[{"count":0,"href":"https:\/\/www.fuldaernachrichten.de\/index.php?rest_route=\/wp\/v2\/posts\/106298\/revisions"}],"wp:attachment":[{"href":"https:\/\/www.fuldaernachrichten.de\/index.php?rest_route=%2Fwp%2Fv2%2Fmedia&parent=106298"}],"wp:term":[{"taxonomy":"category","embeddable":true,"href":"https:\/\/www.fuldaernachrichten.de\/index.php?rest_route=%2Fwp%2Fv2%2Fcategories&post=106298"},{"taxonomy":"post_tag","embeddable":true,"href":"https:\/\/www.fuldaernachrichten.de\/index.php?rest_route=%2Fwp%2Fv2%2Ftags&post=106298"}],"curies":[{"name":"wp","href":"https:\/\/api.w.org\/{rel}","templated":true}]}}