{"id":106268,"date":"2013-02-11T09:56:48","date_gmt":"2013-02-11T09:56:48","guid":{"rendered":"http:\/\/www.fuldaer-nachrichten.de\/?p=106268"},"modified":"2013-02-11T09:56:48","modified_gmt":"2013-02-11T09:56:48","slug":"kreisjugendfeuerwehr-fulda-tagte-in-grosenluder-positive-bilanz-und-neues-fuhrungsteam","status":"publish","type":"post","link":"https:\/\/www.fuldaernachrichten.de\/?p=106268","title":{"rendered":"Kreisjugendfeuerwehr Fulda tagte in Gro\u00dfenl\u00fcder &#8211; Positive Bilanz und neues F\u00fchrungsteam"},"content":{"rendered":"<p><img decoding=\"async\" class=\"alignleft size-thumbnail wp-image-106269\" title=\"DSC_0069\" src=\"http:\/\/www.fuldaer-nachrichten.de\/wp-content\/uploads\/2013\/02\/DSC_0069-265x176.jpg\" alt=\"\" width=\"265\" height=\"176\" srcset=\"https:\/\/www.fuldaernachrichten.de\/wp-content\/uploads\/2013\/02\/DSC_0069-265x176.jpg 265w, https:\/\/www.fuldaernachrichten.de\/wp-content\/uploads\/2013\/02\/DSC_0069.jpg 592w\" sizes=\"(max-width: 265px) 100vw, 265px\" \/>Gro\u00dfenl\u00fcder. Die Vollversammlung aller 138 Jugendfeuerwehren im Landkreis Fulda wurde am 02. Februar 2013 im L\u00fcderhaus in Gro\u00dfenl\u00fcder veranstaltet. Auf der Tagesordnung standen neben dem R\u00fcckblick des abgelaufenen Jahres, eine \u00c4nderung der Jugendordnung, sowie Erg\u00e4nzungswahlen des Kreisjugendfeuerwehrausschuss. Ferner konnte Kreisjugendfeuerwehrwart Michael Knoth \u00fcber 280 Delegierte und G\u00e4ste willkommen hei\u00dfen. <!--more--><br \/>\nDie Entwicklung der Jugendfeuerwehren im Landkreis Fulda l\u00e4sst sich als gut bezeichnen, obwohl die Mitgliederzahlen sich um 12 Jugendliche verringert haben, so konnte die Kreisjugendfeuerwehr Fulda drei Neugr\u00fcndungen bei den Jugendfeuerwehren verzeichnen. Dies ergibt einen neunen Mitgliederstand von 1914 Jugendlichen. Als Gr\u00fcnde f\u00fcr den Mitgliederstand nannte Michael Knoth in seinem Jahresbericht vor allem den steigenden Stress in der Schule und das breite Freizeitangebot, welches den Jugendlichen geboten wird.<\/p>\n<p><img decoding=\"async\" class=\"alignnone size-thumbnail wp-image-106278\" title=\"IMG_8302\" src=\"http:\/\/www.fuldaer-nachrichten.de\/wp-content\/uploads\/2013\/02\/IMG_83021-265x176.jpg\" alt=\"\" width=\"265\" height=\"176\" srcset=\"https:\/\/www.fuldaernachrichten.de\/wp-content\/uploads\/2013\/02\/IMG_83021-265x176.jpg 265w, https:\/\/www.fuldaernachrichten.de\/wp-content\/uploads\/2013\/02\/IMG_83021.jpg 592w\" sizes=\"(max-width: 265px) 100vw, 265px\" \/> <img decoding=\"async\" class=\"alignnone size-thumbnail wp-image-106277\" title=\"DSC_0491\" src=\"http:\/\/www.fuldaer-nachrichten.de\/wp-content\/uploads\/2013\/02\/DSC_0491-265x176.jpg\" alt=\"\" width=\"265\" height=\"176\" srcset=\"https:\/\/www.fuldaernachrichten.de\/wp-content\/uploads\/2013\/02\/DSC_0491-265x176.jpg 265w, https:\/\/www.fuldaernachrichten.de\/wp-content\/uploads\/2013\/02\/DSC_0491.jpg 592w\" sizes=\"(max-width: 265px) 100vw, 265px\" \/><\/p>\n<p>Erfreulich allerdings ist, dass 26% der Mitglieder M\u00e4dchen sind und insgesamt 90 M\u00e4dchen als Neuaufnahmen zu verzeichnen sind. Die Zahl der Jugendfeuerwehren mit Nachwuchssorgen konnte \u00c2\u00a0im Vergleich zu 2011 um 10 Jugendfeuerwehren gesenkt werden. Diese Zahlen kann man auf eine gute \u00d6ffentlichkeitsarbeit und Mitgliederwerbung zur\u00fcckf\u00fchren, die kontinuierlich durch die Kreisjugendfeuerwehr Fulda betrieben wird. Trotz der doch recht stabilen und im Vergleich guten Anzahl der Mitglieder sollte man aber bestrebt sein, den Stand beizubehalten, denn tendenziell ist es, auch bedingt durch die sinkenden Geburtenraten, so das\u00c2\u00a0 immer weniger Kinder auf ein vielf\u00e4ltig wachsendes Freizeitangebot treffen. Zur Unterst\u00fctzung der ehrenamtlichen Jugendarbeit wurde durch den Landkreis Fulda seit dem Jahr 2010 eine Stelle zum Freiwilligen Sozialen Jahr bei der Feuerwehr geschaffen. Diese Position konnte ab September, nun schon zum dritten Mal besetzt werden und entlastete seither den Kreisjugendfeuerwehrausschuss in allen Bereichen.<\/p>\n<p><img loading=\"lazy\" decoding=\"async\" class=\"alignnone size-thumbnail wp-image-106276\" title=\"DSC_0406\" src=\"http:\/\/www.fuldaer-nachrichten.de\/wp-content\/uploads\/2013\/02\/DSC_0406-265x176.jpg\" alt=\"\" width=\"265\" height=\"176\" srcset=\"https:\/\/www.fuldaernachrichten.de\/wp-content\/uploads\/2013\/02\/DSC_0406-265x176.jpg 265w, https:\/\/www.fuldaernachrichten.de\/wp-content\/uploads\/2013\/02\/DSC_0406.jpg 592w\" sizes=\"(max-width: 265px) 100vw, 265px\" \/> <img loading=\"lazy\" decoding=\"async\" class=\"alignnone size-thumbnail wp-image-106273\" title=\"DSC_0310\" src=\"http:\/\/www.fuldaer-nachrichten.de\/wp-content\/uploads\/2013\/02\/DSC_0310-265x176.jpg\" alt=\"\" width=\"265\" height=\"176\" srcset=\"https:\/\/www.fuldaernachrichten.de\/wp-content\/uploads\/2013\/02\/DSC_0310-265x176.jpg 265w, https:\/\/www.fuldaernachrichten.de\/wp-content\/uploads\/2013\/02\/DSC_0310.jpg 592w\" sizes=\"(max-width: 265px) 100vw, 265px\" \/><\/p>\n<p>Die Kreisjugendfeuerwehr konnte im Jahr 2012 wieder 8 Aus- und Weiterbildungsveranstaltungen f\u00fcr die Jugendfeuerwehrwarte, Jugendgruppenleiter, Betreuer, Jugendliche und Interessierte durchf\u00fchren. Neu ins Programm wurde ein Seminar zur Gewaltpr\u00e4vention, in Kooperation mit dem Polizeipr\u00e4sidium Osthessen, mit der Bezeichnung \u201eCool sein \u2013 cool bleiben\u201c aufgenommen. Leider mussten auch 4 Bildungsveranstaltungen, aufgrund der geringen Teilnehmerzahl abgesagt werden. Aus dem Fachbereich Wettbewerbe berichtet Annika Maul von der Jugendflammenabnahme der Stufen 2 und 3. Hierzu wurde erstmals ein neuer Termin, au\u00dferhalb des Zeltlagers veranstaltet. Dies wurde von allen gut angenommen und wird auch in diesem Jahr so weitergef\u00fchrt. \u00dcber zahlreiche Gro\u00dfveranstaltungen wie den Aktionstag der Hessischen Jugendfeuerwehr in Idstein, das Tischtennisturnier und das Kreisjugendfeuerwehrzeltlager in Gersfeld\u2013Dalherda konnten Nico Blum und Daniel Heil zur\u00fcckblicken.<\/p>\n<p><img loading=\"lazy\" decoding=\"async\" class=\"alignnone size-thumbnail wp-image-106275\" title=\"DSC_0368\" src=\"http:\/\/www.fuldaer-nachrichten.de\/wp-content\/uploads\/2013\/02\/DSC_0368-265x176.jpg\" alt=\"\" width=\"265\" height=\"176\" srcset=\"https:\/\/www.fuldaernachrichten.de\/wp-content\/uploads\/2013\/02\/DSC_0368-265x176.jpg 265w, https:\/\/www.fuldaernachrichten.de\/wp-content\/uploads\/2013\/02\/DSC_0368.jpg 592w\" sizes=\"(max-width: 265px) 100vw, 265px\" \/> <img loading=\"lazy\" decoding=\"async\" class=\"alignnone size-thumbnail wp-image-106272\" title=\"DSC_0263\" src=\"http:\/\/www.fuldaer-nachrichten.de\/wp-content\/uploads\/2013\/02\/DSC_0263-265x176.jpg\" alt=\"\" width=\"265\" height=\"176\" srcset=\"https:\/\/www.fuldaernachrichten.de\/wp-content\/uploads\/2013\/02\/DSC_0263-265x176.jpg 265w, https:\/\/www.fuldaernachrichten.de\/wp-content\/uploads\/2013\/02\/DSC_0263.jpg 592w\" sizes=\"(max-width: 265px) 100vw, 265px\" \/><\/p>\n<p>Der Fachbereich \u00d6ffentlichkeitsarbeit konnte \u00fcber eine erfolgreiche Berichterstattung aller Veranstaltungen erz\u00e4hlen und auch die Verbandszeitung \u201eFl\u00fcstert\u00fcte\u201c wurde in 2 Ausgaben aufgelegt. Das sogenannte Jugendforum, wo sich alle Sprecher der St\u00e4dte und Gemeinden trafen wurde durch Juliane Braun, Julian H\u00fcfner und Kevin Kimpel organisiert und durchgef\u00fchrt. Die Haushaltslage, sowie der Haushaltsplan f\u00fcr 2013 wurden von Julian Mauchel den Anwesenden dargelegt. Als n\u00e4chstes Stand die \u00c4nderung der Jugendordnung auf dem Programm, diese wurde von der Versammlung einstimmig angenommen. Durch die Anpassung ist der Jugendverband wieder auf dem neuesten Stand und kann entsprechend zukunftsorientiert f\u00fcr die Jugendfeuerwehren im Landkreis Fulda weiterarbeiten. Folgend fanden die Nachwahlen f\u00fcr den Kreisjugendfeuerwehrausschuss statt. Aus zeitlichen und beruflichen Gr\u00fcnden stellte Kreisjugendfeuerwehrwart Michael Knoth sein Amt zur Verf\u00fcgung, sodass dies neu besetzt werden musste. Au\u00dferdem standen die Fachbereiche \u00d6ffentlichkeitsarbeit und Aus-, Fort- und Weiterbildung zur Wahl.<\/p>\n<p><img loading=\"lazy\" decoding=\"async\" class=\"alignnone size-thumbnail wp-image-106271\" title=\"DSC_0117\" src=\"http:\/\/www.fuldaer-nachrichten.de\/wp-content\/uploads\/2013\/02\/DSC_0117-265x176.jpg\" alt=\"\" width=\"265\" height=\"176\" srcset=\"https:\/\/www.fuldaernachrichten.de\/wp-content\/uploads\/2013\/02\/DSC_0117-265x176.jpg 265w, https:\/\/www.fuldaernachrichten.de\/wp-content\/uploads\/2013\/02\/DSC_0117.jpg 592w\" sizes=\"(max-width: 265px) 100vw, 265px\" \/> <img loading=\"lazy\" decoding=\"async\" class=\"alignnone size-thumbnail wp-image-106270\" title=\"DSC_0086\" src=\"http:\/\/www.fuldaer-nachrichten.de\/wp-content\/uploads\/2013\/02\/DSC_0086-265x176.jpg\" alt=\"\" width=\"265\" height=\"176\" srcset=\"https:\/\/www.fuldaernachrichten.de\/wp-content\/uploads\/2013\/02\/DSC_0086-265x176.jpg 265w, https:\/\/www.fuldaernachrichten.de\/wp-content\/uploads\/2013\/02\/DSC_0086.jpg 592w\" sizes=\"(max-width: 265px) 100vw, 265px\" \/><\/p>\n<p><strong>Die Versammlung w\u00e4hlte\u00c2\u00a0 folgende Personen in das neue F\u00fchrungsteam der Kreisjugendfeuerwehr Fulda:<\/strong><\/p>\n<p>Kreisjugendfeuerwehrwart: Steffen Hohmann (Burghaun)<\/p>\n<p>stellvertretender Kreisjugendfeuerwehrwart: Nico Blum (Petersberg-Margretenhaun)<\/p>\n<p>Fachbereichsleiter \u00d6ffentlichkeitsarbeit: Kevin Kimpel (H\u00fcnfeld-Mackenzell)<\/p>\n<p>Fachbereichsleiter Gro\u00dfveranstaltungen: Julian H\u00fcfner (H\u00fcnfeld-Mackenzell)<\/p>\n<p>Fachbereichsleiter: Aus-, Fort- und Weiterbildung &#8211; Frank Lattermann (Ebersburg-Thalau) und<\/p>\n<p>Kreisjugendsprecherin: Sabrina Happ (Ebersburg-Schmalnau)<\/p>\n<p>Alle anderen Mitglieder des Kreisjugendfeuerwehrausschuss sind im Rahmen der Wahlperiode 2012 \u2013 2014 gew\u00e4hlt und weiterhin in ihrem Amt. Erg\u00e4nzt wird der Kreisjugendfeuerwehrausschuss durch einen Beisitzer des Kreisfeuerwehrverbandsvorstands in beratender Funktion durch Manfred Schnell aus der Stadt Fulda. Unter dem Punkt Ehrungen bekam der ehemalige Kreisjugendfeuerwehrwart Michael Knoth die Florian Medaille der Hessischen Jugendfeuerwehr in Silber verliehen, als weitere Anerkennung bekam er f\u00fcr seinen Einsatz und sein Engagement f\u00fcr die Jugendarbeit im Ausschuss der Kreisjugendfeuerwehr Fulda ein Geschenk \u00fcberreicht.\u00c2\u00a0 Weiterhin bekam Bernward M\u00fcnker-Breidung aus Gro\u00dfenl\u00fcder-Bimbach, der seit 1998 f\u00fcr den Jugendverband\u00c2\u00a0 in verschiedenen Funktionen t\u00e4tig war, die Ehrennadel der Kreisjugendfeuerwehr \u00c2\u00a0Fulda in Gold verliehen.<\/p>\n<p>Hans Wehner aus\u00c2\u00a0 Ehrenberg-W\u00fcstensachsen erhielt die Eherennadel der Kreisjugendfeuerwehr Fulda in Silber und Heiko Hahl aus Ehrenberg-Seiferts wurde mit der Ehrennadel in Bronze ausgezeichnet. Alle \u00c2\u00a0zeichnen sich durch ihr stetiges Engagement und ihre T\u00e4tigkeiten bei der Jugendfeuerwehr aus. Der vorletzte Punkt aus der Tagesordnung war die Siegerehrung f\u00fcr den Motivationswettbewerb \u201eJugendfeuerwehr des Jahres\u201c. Als erster Preis wurde, gesponsert durch den Landkreis Fulda, ein Kletterwochenende auf der Wasserkuppe vergeben. \u00dcber diesen Preis durfte sich in diesem Jahr die Jugendfeuerwehr aus Gersfeld\u2013Hettenhausen freuen. Ein besonderer Dank geht an R\u00fcdiger Sch\u00e4fer der als zweiten Preis einen Tagesausflug in das Werk des Feuerwehrfahrzeugherstellers Ziegler sponserte. Die Jugendfeuerwehr Flieden \u2013 Stork kann sich auf eine Werksf\u00fchrung mit Mittagessen und eine anschlie\u00dfende Bergwerksf\u00fchrung freuen. Der dritte Platz und ein Kletterseminar, organisiert durch die Kreisjugendfeuerwehr Fulda, ging \u00c2\u00a0an die Jugendfeuerwehr Burghaun. Die restlichen Platzierungen setzen sich wie folgt zusammen:<\/p>\n<p>Platz 04 (Punkte 2000) H\u00fcnfeld-Michelsrombach<\/p>\n<p>Platz 05 (Punkte 1965) Flieden-Buchenrod<\/p>\n<p>Platz 06 (Punkte 1950) Flieden-R\u00fcckers<\/p>\n<p>Platz 07 (Punkte\u00c2\u00a01890) Burghaun-Steinbach<\/p>\n<p>Platz 08 (Punkte 1770) Burghaun-Schlotzau<\/p>\n<p>Platz 09 (Punkte 1745) Eichenzell-Rothemann<\/p>\n<p>Platz 10 (Punkte 1605) Burghaun-Rothenkirchen<\/p>\n<p>In den Gru\u00dfworten lobten Erster Kreisbeigeordnete Dr. Heiko Wingenfeld, Kreisbrandinspektor Dr. Bj\u00f6rn Steisel, sowie der Verbandsvorsitzende des Kreisfeuerwehrverbandes Fulda Lothar Mihm die gute Zusammenarbeit mit Michael Knoth, sowie dem gesamten Kreisjugendfeuerwehrausschuss und w\u00fcnschten der Kreisjugendfeuerwehr auch weiterhin viele Erfolge in ihrer Arbeit f\u00fcr die Jugendfeuerwehren. Des Weiteren sprach der B\u00fcrgermeister der Gemeinde Gro\u00dfenl\u00fcder Werner Dietrich und Gemeindebrandinspektor J\u00fcrgen Reinhard die Wichtigkeit der Jugendfeuerwehr f\u00fcr die Feuerwehr an.<\/p>\n<p>Werner Dietrich dankte au\u00dferdem seiner \u00c2\u00a0Gemeindejugendfeuerwehr f\u00fcr die Ausrichtung der Vollversammlung und legte sehr gro\u00dfen Wert darauf zu sagen, dass Feuerwehr eine Lebenseinstellung sei. Der anwesende Stellvertretende Landesjugendwart Michael Kittel, \u00e4u\u00dferte sich positiv zu den Mitgliederzahlen im Landkreis Fulda. Zum Abschluss der Vollversammlung wurden verschiedene Termine und Veranstaltungen bekannt gegeben. So finden das Kreisjugendfeuerwehrzeltlager in Ebersburg-Thalau und der Kreisjugendfeuerwehrtag in Tann statt.<\/p>\n<p>Nach dem Beschluss der Versammlung zeigte sich der Kreisjugendfeuerwehrausschuss \u00fcber den Verlauf der Vollversammlung zufrieden und w\u00fcnschte sich eine erfolgreiche und harmonische Jugendfeuerwehrarbeit mit allen Jugendfeuerwehren im Kreisgebiet.<\/p>\n","protected":false},"excerpt":{"rendered":"<div class=\"tmnf_excerpt\"><p>Gro\u00dfenl\u00fcder. Die Vollversammlung aller 138 Jugendfeuerwehren im Landkreis Fulda wurde am 02. Februar 2013 im L\u00fcderhaus in Gro\u00dfenl\u00fcder veranstaltet. Auf der Tagesordnung standen neben dem R\u00fcckblick des abgelaufenen Jahres, eine \u00c4nderung der Jugendordnung, sowie Erg\u00e4nzungswahlen des Kreisjugendfeuerwehrausschuss. Ferner konnte Kreisjugendfeuerwehrwart Michael Knoth \u00fcber 280 Delegierte und G\u00e4ste willkommen hei\u00dfen.<\/p>\n<\/div>","protected":false},"author":1,"featured_media":0,"comment_status":"closed","ping_status":"closed","sticky":false,"template":"","format":"standard","meta":{"footnotes":""},"categories":[1,71],"tags":[],"class_list":["post-106268","post","type-post","status-publish","format-standard","hentry","category-startseite","category-feuerwehr"],"_links":{"self":[{"href":"https:\/\/www.fuldaernachrichten.de\/index.php?rest_route=\/wp\/v2\/posts\/106268","targetHints":{"allow":["GET"]}}],"collection":[{"href":"https:\/\/www.fuldaernachrichten.de\/index.php?rest_route=\/wp\/v2\/posts"}],"about":[{"href":"https:\/\/www.fuldaernachrichten.de\/index.php?rest_route=\/wp\/v2\/types\/post"}],"author":[{"embeddable":true,"href":"https:\/\/www.fuldaernachrichten.de\/index.php?rest_route=\/wp\/v2\/users\/1"}],"replies":[{"embeddable":true,"href":"https:\/\/www.fuldaernachrichten.de\/index.php?rest_route=%2Fwp%2Fv2%2Fcomments&post=106268"}],"version-history":[{"count":0,"href":"https:\/\/www.fuldaernachrichten.de\/index.php?rest_route=\/wp\/v2\/posts\/106268\/revisions"}],"wp:attachment":[{"href":"https:\/\/www.fuldaernachrichten.de\/index.php?rest_route=%2Fwp%2Fv2%2Fmedia&parent=106268"}],"wp:term":[{"taxonomy":"category","embeddable":true,"href":"https:\/\/www.fuldaernachrichten.de\/index.php?rest_route=%2Fwp%2Fv2%2Fcategories&post=106268"},{"taxonomy":"post_tag","embeddable":true,"href":"https:\/\/www.fuldaernachrichten.de\/index.php?rest_route=%2Fwp%2Fv2%2Ftags&post=106268"}],"curies":[{"name":"wp","href":"https:\/\/api.w.org\/{rel}","templated":true}]}}