{"id":1058,"date":"2007-01-23T02:23:58","date_gmt":"2007-01-23T01:23:58","guid":{"rendered":"http:\/\/www.schoene-nachrichten.de\/?p=1058"},"modified":"2007-01-22T14:26:59","modified_gmt":"2007-01-22T13:26:59","slug":"online-zum-bachelor-1-absolventenfeier-an-der-hochschule","status":"publish","type":"post","link":"https:\/\/www.fuldaernachrichten.de\/?p=1058","title":{"rendered":"Online zum Bachelor &#8211; 1. Absolventenfeier an der Hochschule"},"content":{"rendered":"<p><strong>Sch\u00f6nes aus Fulda.<\/strong> Am Freitag, 2. Februar, feiert der Fachbereich Sozialwesen den erfolgreichen Bachelor- Abschluss der ersten Studiengruppe des Online-Studiengangs BASA-online. 25 von 28 Studierenden haben das Studium in der Regelstudienzeit abgeschlossen, drei weitere werden im n\u00e4chsten Semester abschlie\u00dfen. Das teilte die Hochschule Fulda mit.<\/p>\n<p>\u00c2\u00a0<\/p>\n<p><!--more-->Die f\u00fcr Fernstudien ungew\u00f6hnlich hohe Absolventenquote zeuge von der hohen Motivation der Studierenden. Die Studiengangsleiterin, Prof. Dr. Petra Gromann weist zus\u00e4tzlich auf die Notwendigkeit von verbindlicher und regelm\u00e4\u00dfiger Betreuung der Studierenden durch die Lehrenden hin, die in hohem Ma\u00dfe die au\u00dferordentlich gute Abschlussquote begr\u00fcndet.<\/p>\n<p>\u00c2\u00a0<\/p>\n<p>Am Freitag, 2. Februar findet die Abschlussfeier im H\u00f6rsaal E 009 von 19:00 bis 20:00 statt. Interessierte, Freunde, Studierende und Lehrende der Hochschule sind herzlich eingeladen, den Festvortrag h\u00e4lt Prof. Dr. Jan Milde vom Fachbereich Angewandte Informatik.<\/p>\n<p>\u00c2\u00a0<\/p>\n<p>BASA-Online ist ein Verbundprojekt der Hochschulen Fulda, Potsdam, M\u00fcnster, Koblenz sowie der Hochschuldienstleister Zentralstelle f\u00fcr Fernstudien an Fachhochschulen ( ZFH Koblenz) und der Agentur f\u00fcr wissenschaftliche Weiterbildung (aww Brandenburg). In vier Jahren werden berufsbegleitend im webbasierten Fernstudium 17 Online-Module abgeleistet und an monatlichen Pr\u00e4senzterminen an den jeweiligen Hochschulen sieben Pr\u00e4senzmodule vor Ort gelehrt. Zielgruppe des Studiengangs sind Berufst\u00e4tige im Sozialbereich die sich weiterqualifizieren wollen. Aktuell sind im BASA-Online-Projektverbund ca. 500 Studierende immatrikuliert. Weitere Informationen unter <a href=\"http:\/\/www.basa-online.de\/\" target=\"_blank\">http:\/\/www.basa-online.de\/<\/a><\/p>\n","protected":false},"excerpt":{"rendered":"<div class=\"tmnf_excerpt\"><p>Sch\u00f6nes aus Fulda. Am Freitag, 2. Februar, feiert der Fachbereich Sozialwesen den erfolgreichen Bachelor- Abschluss der ersten Studiengruppe des Online-Studiengangs BASA-online. 25 von 28 Studierenden haben das Studium in der Regelstudienzeit abgeschlossen, drei weitere werden im n\u00e4chsten Semester abschlie\u00dfen. Das teilte die Hochschule Fulda mit. \u00c2\u00a0<\/p>\n<\/div>","protected":false},"author":1,"featured_media":0,"comment_status":"closed","ping_status":"closed","sticky":false,"template":"","format":"standard","meta":{"footnotes":""},"categories":[1,53,48],"tags":[],"class_list":["post-1058","post","type-post","status-publish","format-standard","hentry","category-startseite","category-bildung","category-forschung"],"_links":{"self":[{"href":"https:\/\/www.fuldaernachrichten.de\/index.php?rest_route=\/wp\/v2\/posts\/1058","targetHints":{"allow":["GET"]}}],"collection":[{"href":"https:\/\/www.fuldaernachrichten.de\/index.php?rest_route=\/wp\/v2\/posts"}],"about":[{"href":"https:\/\/www.fuldaernachrichten.de\/index.php?rest_route=\/wp\/v2\/types\/post"}],"author":[{"embeddable":true,"href":"https:\/\/www.fuldaernachrichten.de\/index.php?rest_route=\/wp\/v2\/users\/1"}],"replies":[{"embeddable":true,"href":"https:\/\/www.fuldaernachrichten.de\/index.php?rest_route=%2Fwp%2Fv2%2Fcomments&post=1058"}],"version-history":[{"count":0,"href":"https:\/\/www.fuldaernachrichten.de\/index.php?rest_route=\/wp\/v2\/posts\/1058\/revisions"}],"wp:attachment":[{"href":"https:\/\/www.fuldaernachrichten.de\/index.php?rest_route=%2Fwp%2Fv2%2Fmedia&parent=1058"}],"wp:term":[{"taxonomy":"category","embeddable":true,"href":"https:\/\/www.fuldaernachrichten.de\/index.php?rest_route=%2Fwp%2Fv2%2Fcategories&post=1058"},{"taxonomy":"post_tag","embeddable":true,"href":"https:\/\/www.fuldaernachrichten.de\/index.php?rest_route=%2Fwp%2Fv2%2Ftags&post=1058"}],"curies":[{"name":"wp","href":"https:\/\/api.w.org\/{rel}","templated":true}]}}