{"id":105362,"date":"2012-12-29T00:35:50","date_gmt":"2012-12-29T00:35:50","guid":{"rendered":"http:\/\/www.fuldaer-nachrichten.de\/?p=105362"},"modified":"2012-12-29T17:37:10","modified_gmt":"2012-12-29T17:37:10","slug":"forderzusagen-fur-kreisstrasenbau-2013-landrat-woide-erwartet-weitere-mittel","status":"publish","type":"post","link":"https:\/\/www.fuldaernachrichten.de\/?p=105362","title":{"rendered":"F\u00f6rderzusagen f\u00fcr Kreisstra\u00dfenbau 2013 &#8211; Landrat Woide erwartet weitere Mittel"},"content":{"rendered":"<p>Tann\/Flieden\/Fulda. Die F\u00f6rderzusage des hessischen Wirtschafts- und Verkehrsministeriums f\u00fcr den Ausbau der K 32 von der B 278 bis Schlitzenhausen sowie weiter bis Theobaldshof liegt vor. Landrat Bernd Woide rechnet mit zus\u00e4tzlichen F\u00f6rderzusagen f\u00fcr dringend notwendige Kreisstra\u00dfenbauvorhaben, wenn in der zweiten Jahresh\u00e4lfte 2013 von anderen Kommunen nicht abgerufene GVFG-Mittel freigegeben w\u00fcrden. Beispiele seien die Bauklassenerh\u00f6hung der K 82 zwischen Schweben und R\u00fccker sowie der K 90 von der Autobahnabfahrt bis zur K 82 und der Ausbau der K 120 von der B 27 bis Dietershan.<\/p>\n","protected":false},"excerpt":{"rendered":"<div class=\"tmnf_excerpt\"><p>Tann\/Flieden\/Fulda. Die F\u00f6rderzusage des hessischen Wirtschafts- und Verkehrsministeriums f\u00fcr den Ausbau der K 32 von der B 278 bis Schlitzenhausen sowie weiter bis Theobaldshof liegt vor. Landrat Bernd Woide rechnet mit zus\u00e4tzlichen F\u00f6rderzusagen f\u00fcr dringend notwendige Kreisstra\u00dfenbauvorhaben, wenn in der zweiten Jahresh\u00e4lfte 2013 von anderen Kommunen nicht abgerufene GVFG-Mittel freigegeben w\u00fcrden. Beispiele seien die Bauklassenerh\u00f6hung &hellip;<\/p>\n<\/div>","protected":false},"author":1,"featured_media":0,"comment_status":"closed","ping_status":"closed","sticky":false,"template":"","format":"standard","meta":{"footnotes":""},"categories":[1,35],"tags":[],"class_list":["post-105362","post","type-post","status-publish","format-standard","hentry","category-startseite","category-auto"],"_links":{"self":[{"href":"https:\/\/www.fuldaernachrichten.de\/index.php?rest_route=\/wp\/v2\/posts\/105362","targetHints":{"allow":["GET"]}}],"collection":[{"href":"https:\/\/www.fuldaernachrichten.de\/index.php?rest_route=\/wp\/v2\/posts"}],"about":[{"href":"https:\/\/www.fuldaernachrichten.de\/index.php?rest_route=\/wp\/v2\/types\/post"}],"author":[{"embeddable":true,"href":"https:\/\/www.fuldaernachrichten.de\/index.php?rest_route=\/wp\/v2\/users\/1"}],"replies":[{"embeddable":true,"href":"https:\/\/www.fuldaernachrichten.de\/index.php?rest_route=%2Fwp%2Fv2%2Fcomments&post=105362"}],"version-history":[{"count":0,"href":"https:\/\/www.fuldaernachrichten.de\/index.php?rest_route=\/wp\/v2\/posts\/105362\/revisions"}],"wp:attachment":[{"href":"https:\/\/www.fuldaernachrichten.de\/index.php?rest_route=%2Fwp%2Fv2%2Fmedia&parent=105362"}],"wp:term":[{"taxonomy":"category","embeddable":true,"href":"https:\/\/www.fuldaernachrichten.de\/index.php?rest_route=%2Fwp%2Fv2%2Fcategories&post=105362"},{"taxonomy":"post_tag","embeddable":true,"href":"https:\/\/www.fuldaernachrichten.de\/index.php?rest_route=%2Fwp%2Fv2%2Ftags&post=105362"}],"curies":[{"name":"wp","href":"https:\/\/api.w.org\/{rel}","templated":true}]}}