{"id":105352,"date":"2012-12-27T00:11:24","date_gmt":"2012-12-27T00:11:24","guid":{"rendered":"http:\/\/www.fuldaer-nachrichten.de\/?p=105352"},"modified":"2012-12-27T18:12:14","modified_gmt":"2012-12-27T18:12:14","slug":"cornelia-zuschke-bestatigt-bau-und-planungsausschuss-konstituiert-sich-in-der-landeshauptstadt-wiesbaden-mit-vielen-neuen-gesichtern","status":"publish","type":"post","link":"https:\/\/www.fuldaernachrichten.de\/?p=105352","title":{"rendered":"Cornelia Zuschke best\u00e4tigt &#8211; Bau- und Planungsausschuss konstituiert sich in der Landeshauptstadt Wiesbaden mit vielen neuen Gesichtern"},"content":{"rendered":"<p><img fetchpriority=\"high\" decoding=\"async\" class=\"alignleft size-thumbnail wp-image-105353\" title=\"DSC_1525_Zuschnitt\" src=\"http:\/\/www.fuldaer-nachrichten.de\/wp-content\/uploads\/2012\/12\/DSC_1525_Zuschnitt-265x286.jpg\" alt=\"\" width=\"265\" height=\"286\" srcset=\"https:\/\/www.fuldaernachrichten.de\/wp-content\/uploads\/2012\/12\/DSC_1525_Zuschnitt-265x286.jpg 265w, https:\/\/www.fuldaernachrichten.de\/wp-content\/uploads\/2012\/12\/DSC_1525_Zuschnitt-554x600.jpg 554w, https:\/\/www.fuldaernachrichten.de\/wp-content\/uploads\/2012\/12\/DSC_1525_Zuschnitt.jpg 592w\" sizes=\"(max-width: 265px) 100vw, 265px\" \/>Wiesbaden\/Fulda (hm). Bei seiner ersten Zusammenkunft in der neuen Wahlperiode hat der Bau- und Planungsausschuss in stark ver\u00e4nderter Zusammensetzung die bisherige Vorsitzende, Fuldas Stadtbaur\u00e4tin Cornelia Zuschke, in ihrer bisherigen Funktion einstimmig best\u00e4tigt. Zuschke hat den Vorsitz seit nunmehr acht Jahren inne und gilt unter den Kolleginnen und Kollegen in Hessen und dar\u00fcber hinaus als \u00e4u\u00dferst fachkompetente Dezernentin, der es auch gelingt, die manchmal unterschiedlichen Interessen im Sinne der St\u00e4dte zu integrieren.<!--more--><br \/>\nDer Hessische St\u00e4dtetag\u00c2\u00a0 hat die Aufgabe, die Belange seiner Mitglieder auf allen Gebieten des \u00f6ffentlichen Lebens wahrzunehmen. Dazu geh\u00f6ren insbesondere die Interessenvertretung gegen\u00fcber gesetzgebenden K\u00f6rperschaften und Verwaltungsbeh\u00f6rden sowie die Vermittlung des Erfahrungsaustausches. Derzeitiger Pr\u00e4sident des Verbandes der kreisfreien und kreisangeh\u00f6riger St\u00e4dte, einschlie\u00dflich aller Sonderstatusst\u00e4dte (\u00fcber 50.000 Einwohner) mit insgesamt 74 hessischen Kommunen, ist der Fuldaer Oberb\u00fcrgermeister Gerhard M\u00f6ller. In den Mitgliedst\u00e4dten wohnen mehr als 3 Millionen Einwohner, also etwa die H\u00e4lfte der hessischen Bev\u00f6lkerung.<\/p>\n<p>Der Bau- und Planungsausschuss ist einer von zehn fachlichen Aussch\u00fcssen des Hessischen St\u00e4dtetags, die die politische Meinungsbildung des Verbandes begleiten und formulieren. Die Zusammensetzung des Gremiums hat sich in Folge des letzten\u00c2\u00a0 Kommunalwahlergebnisses stark ge\u00e4ndert, da die f\u00fcr Bauen und Planung zust\u00e4ndigen Dezernenten in den meisten Mitgliedsst\u00e4dten des Ausschusses ausgetauscht wurden. Schwerpunkt der Beratungen war die anstehende Novelle des Baugesetzbuches hinsichtlich einer Unterst\u00fctzung der weiteren Innenentwicklung in den St\u00e4dten sowie der Folgen des R\u00fcckgangs der St\u00e4dtebauf\u00f6rderungsmittel, insbesondere des Programms der \u201esozialen Stadt\u201c.<\/p>\n","protected":false},"excerpt":{"rendered":"<div class=\"tmnf_excerpt\"><p>Wiesbaden\/Fulda (hm). Bei seiner ersten Zusammenkunft in der neuen Wahlperiode hat der Bau- und Planungsausschuss in stark ver\u00e4nderter Zusammensetzung die bisherige Vorsitzende, Fuldas Stadtbaur\u00e4tin Cornelia Zuschke, in ihrer bisherigen Funktion einstimmig best\u00e4tigt. Zuschke hat den Vorsitz seit nunmehr acht Jahren inne und gilt unter den Kolleginnen und Kollegen in Hessen und dar\u00fcber hinaus als \u00e4u\u00dferst &hellip;<\/p>\n<\/div>","protected":false},"author":1,"featured_media":0,"comment_status":"closed","ping_status":"closed","sticky":false,"template":"","format":"standard","meta":{"footnotes":""},"categories":[1,29],"tags":[],"class_list":["post-105352","post","type-post","status-publish","format-standard","hentry","category-startseite","category-politik"],"_links":{"self":[{"href":"https:\/\/www.fuldaernachrichten.de\/index.php?rest_route=\/wp\/v2\/posts\/105352","targetHints":{"allow":["GET"]}}],"collection":[{"href":"https:\/\/www.fuldaernachrichten.de\/index.php?rest_route=\/wp\/v2\/posts"}],"about":[{"href":"https:\/\/www.fuldaernachrichten.de\/index.php?rest_route=\/wp\/v2\/types\/post"}],"author":[{"embeddable":true,"href":"https:\/\/www.fuldaernachrichten.de\/index.php?rest_route=\/wp\/v2\/users\/1"}],"replies":[{"embeddable":true,"href":"https:\/\/www.fuldaernachrichten.de\/index.php?rest_route=%2Fwp%2Fv2%2Fcomments&post=105352"}],"version-history":[{"count":0,"href":"https:\/\/www.fuldaernachrichten.de\/index.php?rest_route=\/wp\/v2\/posts\/105352\/revisions"}],"wp:attachment":[{"href":"https:\/\/www.fuldaernachrichten.de\/index.php?rest_route=%2Fwp%2Fv2%2Fmedia&parent=105352"}],"wp:term":[{"taxonomy":"category","embeddable":true,"href":"https:\/\/www.fuldaernachrichten.de\/index.php?rest_route=%2Fwp%2Fv2%2Fcategories&post=105352"},{"taxonomy":"post_tag","embeddable":true,"href":"https:\/\/www.fuldaernachrichten.de\/index.php?rest_route=%2Fwp%2Fv2%2Ftags&post=105352"}],"curies":[{"name":"wp","href":"https:\/\/api.w.org\/{rel}","templated":true}]}}