{"id":105347,"date":"2012-12-27T00:13:27","date_gmt":"2012-12-27T00:13:27","guid":{"rendered":"http:\/\/www.fuldaer-nachrichten.de\/?p=105347"},"modified":"2012-12-27T18:07:50","modified_gmt":"2012-12-27T18:07:50","slug":"fortbildungsveranstaltung-des-treffpunkt-aktiv-gemeinsam-mit-amtsgericht-fulda","status":"publish","type":"post","link":"https:\/\/www.fuldaernachrichten.de\/?p=105347","title":{"rendered":"Fortbildungsveranstaltung des Treffpunkt Aktiv gemeinsam mit Amtsgericht Fulda"},"content":{"rendered":"<p>Fulda. Der Fachdienst Jugend, Familie, Sport, Ehrenamt des Landkreises Fulda veranstaltet am Mittwoch, 23. Januar 2013, von 19.00 bis 21.00 Uhr gemeinsam mit dem Amtsgericht Fulda eine Fortbildungsveranstaltung zum Thema \u201eVereinsrecht leicht gemacht\u201c. Die Veranstaltung im gro\u00dfen Sitzungssaal des Kreishauses richtet sich an alle ehrenamtlich t\u00e4tige Personen und ist auch f\u00fcr Jugendgruppenleiter interessant. Die Stunden werden anteilig zur Erlangung der Jugendleitercard \u201eJuleica\u201c angerechnet. Info und Anmeldungen unter Telefon (0661)6060-499 oder E-Mail <a href=\"mailto:treffpunkt-aktiv@landkreis-fulda.de\">treffpunkt-aktiv@landkreis-fulda.de<\/a>.<\/p>\n<p>&nbsp;<\/p>\n","protected":false},"excerpt":{"rendered":"<div class=\"tmnf_excerpt\"><p>Fulda. Der Fachdienst Jugend, Familie, Sport, Ehrenamt des Landkreises Fulda veranstaltet am Mittwoch, 23. Januar 2013, von 19.00 bis 21.00 Uhr gemeinsam mit dem Amtsgericht Fulda eine Fortbildungsveranstaltung zum Thema \u201eVereinsrecht leicht gemacht\u201c. Die Veranstaltung im gro\u00dfen Sitzungssaal des Kreishauses richtet sich an alle ehrenamtlich t\u00e4tige Personen und ist auch f\u00fcr Jugendgruppenleiter interessant. Die Stunden &hellip;<\/p>\n<\/div>","protected":false},"author":1,"featured_media":0,"comment_status":"closed","ping_status":"closed","sticky":false,"template":"","format":"standard","meta":{"footnotes":""},"categories":[1,53],"tags":[],"class_list":["post-105347","post","type-post","status-publish","format-standard","hentry","category-startseite","category-bildung"],"_links":{"self":[{"href":"https:\/\/www.fuldaernachrichten.de\/index.php?rest_route=\/wp\/v2\/posts\/105347","targetHints":{"allow":["GET"]}}],"collection":[{"href":"https:\/\/www.fuldaernachrichten.de\/index.php?rest_route=\/wp\/v2\/posts"}],"about":[{"href":"https:\/\/www.fuldaernachrichten.de\/index.php?rest_route=\/wp\/v2\/types\/post"}],"author":[{"embeddable":true,"href":"https:\/\/www.fuldaernachrichten.de\/index.php?rest_route=\/wp\/v2\/users\/1"}],"replies":[{"embeddable":true,"href":"https:\/\/www.fuldaernachrichten.de\/index.php?rest_route=%2Fwp%2Fv2%2Fcomments&post=105347"}],"version-history":[{"count":0,"href":"https:\/\/www.fuldaernachrichten.de\/index.php?rest_route=\/wp\/v2\/posts\/105347\/revisions"}],"wp:attachment":[{"href":"https:\/\/www.fuldaernachrichten.de\/index.php?rest_route=%2Fwp%2Fv2%2Fmedia&parent=105347"}],"wp:term":[{"taxonomy":"category","embeddable":true,"href":"https:\/\/www.fuldaernachrichten.de\/index.php?rest_route=%2Fwp%2Fv2%2Fcategories&post=105347"},{"taxonomy":"post_tag","embeddable":true,"href":"https:\/\/www.fuldaernachrichten.de\/index.php?rest_route=%2Fwp%2Fv2%2Ftags&post=105347"}],"curies":[{"name":"wp","href":"https:\/\/api.w.org\/{rel}","templated":true}]}}