{"id":105337,"date":"2012-12-26T09:11:05","date_gmt":"2012-12-26T09:11:05","guid":{"rendered":"http:\/\/www.fuldaer-nachrichten.de\/?p=105337"},"modified":"2012-12-26T09:11:05","modified_gmt":"2012-12-26T09:11:05","slug":"fulda-zum-schonsten-fluss-hessens-gekurt-hr-zuschauer-haben-gewahlt-silber-fur-die-lahn-bronze-fur-die-eder","status":"publish","type":"post","link":"https:\/\/www.fuldaernachrichten.de\/?p=105337","title":{"rendered":"Fulda zum sch\u00f6nsten Fluss Hessens gek\u00fcrt &#8211; hr-Zuschauer haben gew\u00e4hlt: Silber f\u00fcr die Lahn, Bronze f\u00fcr die Eder"},"content":{"rendered":"<p><img fetchpriority=\"high\" decoding=\"async\" class=\"alignleft size-thumbnail wp-image-105338\" title=\"121226_Fluss\" src=\"http:\/\/www.fuldaer-nachrichten.de\/wp-content\/uploads\/2012\/12\/121226_Fluss-265x198.jpg\" alt=\"\" width=\"265\" height=\"198\" srcset=\"https:\/\/www.fuldaernachrichten.de\/wp-content\/uploads\/2012\/12\/121226_Fluss-265x198.jpg 265w, https:\/\/www.fuldaernachrichten.de\/wp-content\/uploads\/2012\/12\/121226_Fluss.jpg 600w\" sizes=\"(max-width: 265px) 100vw, 265px\" \/>Fulda. Die Zuschauer des hr-fernsehens haben entschieden: Die Fulda ist der sch\u00f6nste Fluss Hessens. Sie entspringt auf dem h\u00f6chsten Berg Hessens, der Wasserkuppe. Doch f\u00fcr die Segelflieger, die von hier aus starten, ist das kleine Fl\u00fcsschen von der Luft aus kaum zu erkennen. Erst bei Eichenzell am Fu\u00df der Rh\u00f6n ist die Fulda zu einem erkennbaren Fluss angewachsen. Von hier aus ist es nicht weit bis zu einem der pr\u00e4chtigsten Bauten der Region, dem Schloss Fasanerie nahe der Barockstadt Fulda. Bis zur M\u00fcndung in die Weser hat die Fulda noch einen stolzen Weg vor sich, denn sie ist von allen Fl\u00fcssen derjenige, der die l\u00e4ngste Strecke durch unser Bundesland flie\u00dft: insgesamt fast 220 Kilometer. <!--more--><br \/>\nIn Kassel f\u00fchrt sie vorbei an einem der Hauptausstellungsorte der documenta-Stadt: dem Auepark. Auf seiner letzten Strecke wird der Fluss zur Landesgrenze: Hier ist ein Ufer hessisch, das andere geh\u00f6rt zu Niedersachsen. Bei Hannoversch M\u00fcnden vereinigt sich die Fulda mit der Werra und wird zur Weser.<\/p>\n<p>Auf Platz 2 der hr-Aktion folgt die Lahn. 242 Kilometer schl\u00e4ngelt sich der Fluss vom Rothaargebirge ins Marburger Land und durch das Limburger Becken, bis er in Lahnstein bei Koblenz in den Rhein m\u00fcndet. Drei Bundesl\u00e4nder passiert die Lahn, doch zu Hause ist sie vor allem in Hessen. An ihren Ufern liegen viele markante Sehensw\u00fcrdigkeiten: die alte Universit\u00e4tsstadt Marburg etwa, Schloss Weilburg oder der weithin sichtbare Limburger Dom.<\/p>\n<p>Den dritten Rang belegt die Eder, bekannt als einer der saubersten Fl\u00fcsse Hessens. Die Eder entspringt im Rothaargebirge in Nordrhein-Westfalen, bei Beddenhausen \u00fcberquert sie die hessische Landesgrenze. An Frankenberg vorbei wird sie am Rand des Kellerwaldes zum Edersee. Kanufahrer und Goldw\u00e4scher lieben den naturnahen Fluss, der nach rund 180 Kilometern bei Ederm\u00fcnde-Grifte in die Fulda m\u00fcndet.<\/p>\n<p>Platz 4 belegt der Main, dessen hessischer Teil von Seligenstadt \u00fcber Offenbach und Frankfurt bis nach Mainz reicht, auf Rang 5 folgt die Werra, an deren Ufern malerische Fachwerkorte wie Perlen aufgereiht liegen.<\/p>\n<p>Die 90-min\u00fctige Sendung \u201eHessens sch\u00f6nste Fl\u00fcsse\u201c pr\u00e4sentierte am ersten Weihnachtsfeiertag im hr-fernsehen die 20 beliebtesten Fl\u00fcsse der Hessen vor und k\u00fcrte die mit Spannung erwarteten vorderen Pl\u00e4tze. Zuvor hatten die Zuschauer im Internet die Qual der Wahl: Von der Weser im hohen Norden \u00fcber Rhein und Main bis hin zum Neckar ganz im S\u00fcden konnte man hier seine Favoriten w\u00e4hlen.<\/p>\n<p>F\u00fcr alle, die die Sendung am ersten Weihnachtsfeiertag verpasst haben, zeigt das hr-fernsehen \u201eHessens sch\u00f6nste Fl\u00fcsse\u201c noch einmal am Samstag, 29. Dezember, um 17.45 Uhr.<\/p>\n<p><strong>Die Platzierungen der sch\u00f6nsten Fl\u00fcsse im \u00dcberblick:<\/strong><\/p>\n<p>1. Fulda<br \/>\n2. Lahn<br \/>\n3. Eder<br \/>\n4. Main<br \/>\n5. Werra<br \/>\n6. Haune<br \/>\n7. Rhein<br \/>\n8. Holzape<br \/>\n9. Nidda<br \/>\n10. Kinzig<br \/>\n11. Diemel<br \/>\n12. Weser<br \/>\n13. Neckar<br \/>\n14. Gersprenz<br \/>\n15. Schwalm<br \/>\n16. Dill<br \/>\n17. Elbe<br \/>\n18. Wetter<br \/>\n19. Ohm<br \/>\n20. Twiste<\/p>\n","protected":false},"excerpt":{"rendered":"<div class=\"tmnf_excerpt\"><p>Fulda. Die Zuschauer des hr-fernsehens haben entschieden: Die Fulda ist der sch\u00f6nste Fluss Hessens. Sie entspringt auf dem h\u00f6chsten Berg Hessens, der Wasserkuppe. Doch f\u00fcr die Segelflieger, die von hier aus starten, ist das kleine Fl\u00fcsschen von der Luft aus kaum zu erkennen. Erst bei Eichenzell am Fu\u00df der Rh\u00f6n ist die Fulda zu einem &hellip;<\/p>\n<\/div>","protected":false},"author":1,"featured_media":0,"comment_status":"closed","ping_status":"closed","sticky":false,"template":"","format":"standard","meta":{"footnotes":""},"categories":[1,44],"tags":[],"class_list":["post-105337","post","type-post","status-publish","format-standard","hentry","category-startseite","category-kultur"],"_links":{"self":[{"href":"https:\/\/www.fuldaernachrichten.de\/index.php?rest_route=\/wp\/v2\/posts\/105337","targetHints":{"allow":["GET"]}}],"collection":[{"href":"https:\/\/www.fuldaernachrichten.de\/index.php?rest_route=\/wp\/v2\/posts"}],"about":[{"href":"https:\/\/www.fuldaernachrichten.de\/index.php?rest_route=\/wp\/v2\/types\/post"}],"author":[{"embeddable":true,"href":"https:\/\/www.fuldaernachrichten.de\/index.php?rest_route=\/wp\/v2\/users\/1"}],"replies":[{"embeddable":true,"href":"https:\/\/www.fuldaernachrichten.de\/index.php?rest_route=%2Fwp%2Fv2%2Fcomments&post=105337"}],"version-history":[{"count":0,"href":"https:\/\/www.fuldaernachrichten.de\/index.php?rest_route=\/wp\/v2\/posts\/105337\/revisions"}],"wp:attachment":[{"href":"https:\/\/www.fuldaernachrichten.de\/index.php?rest_route=%2Fwp%2Fv2%2Fmedia&parent=105337"}],"wp:term":[{"taxonomy":"category","embeddable":true,"href":"https:\/\/www.fuldaernachrichten.de\/index.php?rest_route=%2Fwp%2Fv2%2Fcategories&post=105337"},{"taxonomy":"post_tag","embeddable":true,"href":"https:\/\/www.fuldaernachrichten.de\/index.php?rest_route=%2Fwp%2Fv2%2Ftags&post=105337"}],"curies":[{"name":"wp","href":"https:\/\/api.w.org\/{rel}","templated":true}]}}