{"id":105326,"date":"2012-12-26T09:06:04","date_gmt":"2012-12-26T09:06:04","guid":{"rendered":"http:\/\/www.fuldaer-nachrichten.de\/?p=105326"},"modified":"2012-12-26T09:06:04","modified_gmt":"2012-12-26T09:06:04","slug":"alleinstehende-obdachlose-und-nichtsesshafte-feierten-gemeinsam-den-heiligen-abend","status":"publish","type":"post","link":"https:\/\/www.fuldaernachrichten.de\/?p=105326","title":{"rendered":"Alleinstehende, Obdachlose und Nichtsesshafte feierten gemeinsam den Heiligen Abend"},"content":{"rendered":"<p><img decoding=\"async\" class=\"alignleft size-thumbnail wp-image-105333\" title=\"057-RCV-Hl-Abend-Obdachlos-241212-wim\" src=\"http:\/\/www.fuldaer-nachrichten.de\/wp-content\/uploads\/2012\/12\/057-RCV-Hl-Abend-Obdachlos-241212-wim-265x137.jpg\" alt=\"\" width=\"265\" height=\"137\" srcset=\"https:\/\/www.fuldaernachrichten.de\/wp-content\/uploads\/2012\/12\/057-RCV-Hl-Abend-Obdachlos-241212-wim-265x137.jpg 265w, https:\/\/www.fuldaernachrichten.de\/wp-content\/uploads\/2012\/12\/057-RCV-Hl-Abend-Obdachlos-241212-wim.jpg 592w\" sizes=\"(max-width: 265px) 100vw, 265px\" \/>Fulda. Zum 10. Mal war Bischof Heinz Josef Algermissen bei der Weihnachtsfeier am Heiligen Abend f\u00fcr Alleinstehende, Obdachlose und Nichtsesshafte des Caritasverbandes f\u00fcr die Regionen Fulda und Geisa in der Altentagesst\u00e4tte \u201eAm Hexenturm\u201c in Fulda zu Gast. Die Teilnehmer lohnten ihm dieses mit herzlichem Applaus. Mit der Legende vom \u201est\u00f6rrischen Hirten\u201c, die in seiner Kindheit von der Gro\u00dfmutter erz\u00e4hlt wurde, verdeutlichte der Bischof, dass die heutige Weihnachtskrippe ein Abdruck des g\u00f6ttlichen Kindes im Stall sei, das uns die Augen \u00f6ffne und uns beschenke. Gr\u00fc\u00dfe der st\u00e4dtischen Gremien \u00fcberbrachte Oberb\u00fcrgermeister Gerhard M\u00f6ller. Er sei froh, dass die Caritas das Angebot am Heiligen Abend mache und so das Wort zur Tat werde. Wichtig sei ihm auch mit seinem Besuch zu verdeutlichen, dass die Alleinstehenden, Obdachlosen und Nichtsesshaften ein Teil der Stadt und in diese wie jede B\u00fcrgerin und B\u00fcrger eingebettet seien.<!--more--><\/p>\n<p>Der neue Gesch\u00e4ftsf\u00fchrer des regionalen Caritasverbandes konnte neben dem Fuldaer Bischof und dem Oberb\u00fcrgermeister ebenfalls noch Generalvikar Professor Dr. Gerhard Stanke und den Stadtrat Waldemar Eckert, die beide ebenfalls schon lange G\u00e4ste am Heiligen Abend sind begr\u00fc\u00dfen. Nach dem gemeinsamen Kaffeetrinken, bei dem die \u00fcber 100 G\u00e4ste von ehrenamtlichen Mitarbeiterinnen und Mitarbeitern bedient wurden, begann der weihnachtliche Teil. Eine and\u00e4chtige Stille trat beim\u00c2\u00a0 Verlesen des Weihnachtsevangeliums durch den ehemaligen Gesch\u00e4ftsf\u00fchrer Winfried M\u00f6ller und dem anschlie\u00dfenden Lied \u201eStille Nacht, heilige Nacht\u201c ein. In seiner Weihnachtsansprache betonte Gesch\u00e4ftsf\u00fchrer Christian Reuter, dass Gott unerwartet in den Alltag komme. Mit Weihnachten werde den Menschen wie damals den Hirten auch heute Hoffnung und Freude zu Teil. Jeder k\u00f6nne seine Not zur Krippe bringen. Nach dem Lied \u201eZu Bethlehem geboren\u201c, das auf der Orgel von der 92 \u2013 j\u00e4hrigen Anni Kl\u00fch wie alle Lieder des Abends begleitet wurde, konnten die G\u00e4ste ihre Bitten, W\u00fcnsche und Ideen auf einem an einem Strohhalm befestigten Zettel zur Krippe bringen. Auch ein iranisches Ehepaar tat dieses in persischer Sprache.<\/p>\n<p><img decoding=\"async\" class=\"alignnone size-thumbnail wp-image-105328\" title=\"016-RCV-Hl-Abend-Obdachlos-241212-wim\" src=\"http:\/\/www.fuldaer-nachrichten.de\/wp-content\/uploads\/2012\/12\/016-RCV-Hl-Abend-Obdachlos-241212-wim-265x146.jpg\" alt=\"\" width=\"265\" height=\"146\" srcset=\"https:\/\/www.fuldaernachrichten.de\/wp-content\/uploads\/2012\/12\/016-RCV-Hl-Abend-Obdachlos-241212-wim-265x146.jpg 265w, https:\/\/www.fuldaernachrichten.de\/wp-content\/uploads\/2012\/12\/016-RCV-Hl-Abend-Obdachlos-241212-wim.jpg 592w\" sizes=\"(max-width: 265px) 100vw, 265px\" \/> <img decoding=\"async\" class=\"alignnone size-thumbnail wp-image-105329\" title=\"029-RCV-Hl-Abend-Obdachlos-241212-wim\" src=\"http:\/\/www.fuldaer-nachrichten.de\/wp-content\/uploads\/2012\/12\/029-RCV-Hl-Abend-Obdachlos-241212-wim-265x175.jpg\" alt=\"\" width=\"265\" height=\"175\" srcset=\"https:\/\/www.fuldaernachrichten.de\/wp-content\/uploads\/2012\/12\/029-RCV-Hl-Abend-Obdachlos-241212-wim-265x175.jpg 265w, https:\/\/www.fuldaernachrichten.de\/wp-content\/uploads\/2012\/12\/029-RCV-Hl-Abend-Obdachlos-241212-wim.jpg 592w\" sizes=\"(max-width: 265px) 100vw, 265px\" \/><\/p>\n<p>Ein selbstverfasstes Weihnachtsgedicht trug Georg Reith vor. Er wirkte auch bei einer\u00c2\u00a0 Weihnachtsgeschichte, vorgelesen von Ursula Wnuck mit. Dr. Stefan Sevcik, Daniel Denninger und Tobias Wehner bereicherten die weihnachtliche Stimmung als Gitarrentrio\u00c2\u00a0 mit \u201eIch steh an deiner Krippe hier; Maria durch ein Dornwald ging; Es ist ein Ros entsprungen; Ich sah drei Schiffe; Weihnachtslieder der Schalmei \u2013 Bl\u00e4ser und Kommet ihr Hirten\u201c.<\/p>\n<p>Am Ende der Weihnachtsfeier erhielt jeder Gast ein Weihnachtsgeschenk, die teilweise bereits von den Spendern als P\u00e4ckchen gepackt waren, sowie eine Tragetasche mit Wurst, Obst, S\u00fc\u00dfigkeiten und Geb\u00e4ck. Auch diese Geschenke waren wie die Kuchen aus den Sach- und Geldspenden zusammengestellt worden waren. Die Hauptorganisation der Weihnachtsfeier hatte Torsten Hammer, Bereichsleiter in Haus Jakobsbrunnen.<\/p>\n<p><img loading=\"lazy\" decoding=\"async\" class=\"alignnone size-thumbnail wp-image-105331\" title=\"037-RCV-Hl-Abend-Obdachlos-241212-wim\" src=\"http:\/\/www.fuldaer-nachrichten.de\/wp-content\/uploads\/2012\/12\/037-RCV-Hl-Abend-Obdachlos-241212-wim-265x175.jpg\" alt=\"\" width=\"265\" height=\"175\" srcset=\"https:\/\/www.fuldaernachrichten.de\/wp-content\/uploads\/2012\/12\/037-RCV-Hl-Abend-Obdachlos-241212-wim-265x175.jpg 265w, https:\/\/www.fuldaernachrichten.de\/wp-content\/uploads\/2012\/12\/037-RCV-Hl-Abend-Obdachlos-241212-wim.jpg 592w\" sizes=\"(max-width: 265px) 100vw, 265px\" \/> <img loading=\"lazy\" decoding=\"async\" class=\"alignnone size-thumbnail wp-image-105327\" title=\"004-RCV-Hl-Abend-Obdachlos-241212-wim\" src=\"http:\/\/www.fuldaer-nachrichten.de\/wp-content\/uploads\/2012\/12\/004-RCV-Hl-Abend-Obdachlos-241212-wim-265x175.jpg\" alt=\"\" width=\"265\" height=\"175\" srcset=\"https:\/\/www.fuldaernachrichten.de\/wp-content\/uploads\/2012\/12\/004-RCV-Hl-Abend-Obdachlos-241212-wim-265x175.jpg 265w, https:\/\/www.fuldaernachrichten.de\/wp-content\/uploads\/2012\/12\/004-RCV-Hl-Abend-Obdachlos-241212-wim.jpg 592w\" sizes=\"(max-width: 265px) 100vw, 265px\" \/><\/p>\n<p>Zum 10. Mal war Bischof Heinz Josef Algermissen bei der Weihnachtsfeier am Heiligen Abend f\u00fcr Alleinstehende, Obdachlose und Nichtsesshafte des Caritasverbandes f\u00fcr die Regionen Fulda und Geisa in der Altentagesst\u00e4tte \u201eAm Hexenturm\u201c in Fulda zu Gast. Die Teilnehmer lohnten ihm dieses mit herzlichem Applaus. Mit der Legende vom \u201est\u00f6rrischen Hirten\u201c, die in seiner Kindheit von der Gro\u00dfmutter erz\u00e4hlt wurde, verdeutlichte der Bischof, dass die heutige Weihnachtskrippe ein Abdruck des g\u00f6ttlichen Kindes im Stall sei, das uns die Augen \u00f6ffne und uns beschenke. Gr\u00fc\u00dfe der st\u00e4dtischen Gremien \u00fcberbrachte Oberb\u00fcrgermeister Gerhard M\u00f6ller. Er sei froh, dass die Caritas das Angebot am Heiligen Abend mache und so das Wort zur Tat werde. Wichtig sei ihm auch mit seinem Besuch zu verdeutlichen, dass die Alleinstehenden, Obdachlosen und Nichtsesshaften ein Teil der Stadt und in diese wie jede B\u00fcrgerin und B\u00fcrger eingebettet seien.<\/p>\n<p><img loading=\"lazy\" decoding=\"async\" class=\"alignnone size-thumbnail wp-image-105332\" title=\"041-RCV-Hl-Abend-Obdachlos-241212-wim\" src=\"http:\/\/www.fuldaer-nachrichten.de\/wp-content\/uploads\/2012\/12\/041-RCV-Hl-Abend-Obdachlos-241212-wim-265x175.jpg\" alt=\"\" width=\"265\" height=\"175\" srcset=\"https:\/\/www.fuldaernachrichten.de\/wp-content\/uploads\/2012\/12\/041-RCV-Hl-Abend-Obdachlos-241212-wim-265x175.jpg 265w, https:\/\/www.fuldaernachrichten.de\/wp-content\/uploads\/2012\/12\/041-RCV-Hl-Abend-Obdachlos-241212-wim.jpg 592w\" sizes=\"(max-width: 265px) 100vw, 265px\" \/> <img loading=\"lazy\" decoding=\"async\" class=\"alignnone size-thumbnail wp-image-105330\" title=\"030-RCV-Hl-Abend-Obdachlos-241212-wim\" src=\"http:\/\/www.fuldaer-nachrichten.de\/wp-content\/uploads\/2012\/12\/030-RCV-Hl-Abend-Obdachlos-241212-wim-265x175.jpg\" alt=\"\" width=\"265\" height=\"175\" srcset=\"https:\/\/www.fuldaernachrichten.de\/wp-content\/uploads\/2012\/12\/030-RCV-Hl-Abend-Obdachlos-241212-wim-265x175.jpg 265w, https:\/\/www.fuldaernachrichten.de\/wp-content\/uploads\/2012\/12\/030-RCV-Hl-Abend-Obdachlos-241212-wim.jpg 592w\" sizes=\"(max-width: 265px) 100vw, 265px\" \/><\/p>\n<p>Der neue Gesch\u00e4ftsf\u00fchrer des regionalen Caritasverbandes konnte neben dem Fuldaer Bischof und dem Oberb\u00fcrgermeister ebenfalls noch Generalvikar Professor Dr. Gerhard Stanke und den Stadtrat Waldemar Eckert, die beide ebenfalls schon lange G\u00e4ste am Heiligen Abend sind begr\u00fc\u00dfen. Nach dem gemeinsamen Kaffeetrinken, bei dem die \u00fcber 100 G\u00e4ste von ehrenamtlichen Mitarbeiterinnen und Mitarbeitern bedient wurden, begann der weihnachtliche Teil. Eine and\u00e4chtige Stille trat beim\u00c2\u00a0 Verlesen des Weihnachtsevangeliums durch den ehemaligen Gesch\u00e4ftsf\u00fchrer Winfried M\u00f6ller und dem anschlie\u00dfenden Lied \u201eStille Nacht, heilige Nacht\u201c ein. In seiner Weihnachtsansprache betonte Gesch\u00e4ftsf\u00fchrer Christian Reuter, dass Gott unerwartet in den Alltag komme. Mit Weihnachten werde den Menschen wie damals den Hirten auch heute Hoffnung und Freude zu Teil. Jeder k\u00f6nne seine Not zur Krippe bringen. Nach dem Lied \u201eZu Bethlehem geboren\u201c, das auf der Orgel von der 92 \u2013 j\u00e4hrigen Anni Kl\u00fch wie alle Lieder des Abends begleitet wurde, konnten die G\u00e4ste ihre Bitten, W\u00fcnsche und Ideen auf einem an einem Strohhalm befestigten Zettel zur Krippe bringen. Auch ein iranisches Ehepaar tat dieses in persischer Sprache.<\/p>\n<p><img loading=\"lazy\" decoding=\"async\" class=\"alignleft size-thumbnail wp-image-105334\" title=\"070-RCV-Hl-Abend-Obdachlos-241212-wim\" src=\"http:\/\/www.fuldaer-nachrichten.de\/wp-content\/uploads\/2012\/12\/070-RCV-Hl-Abend-Obdachlos-241212-wim-265x175.jpg\" alt=\"\" width=\"265\" height=\"175\" srcset=\"https:\/\/www.fuldaernachrichten.de\/wp-content\/uploads\/2012\/12\/070-RCV-Hl-Abend-Obdachlos-241212-wim-265x175.jpg 265w, https:\/\/www.fuldaernachrichten.de\/wp-content\/uploads\/2012\/12\/070-RCV-Hl-Abend-Obdachlos-241212-wim.jpg 592w\" sizes=\"(max-width: 265px) 100vw, 265px\" \/>Ein selbstverfasstes Weihnachtsgedicht trug Georg Reith vor. Er wirkte auch bei einer\u00c2\u00a0 Weihnachtsgeschichte, vorgelesen von Ursula Wnuck mit. Dr. Stefan Sevcik, Daniel Denninger und Tobias Wehner bereicherten die weihnachtliche Stimmung als Gitarrentrio\u00c2\u00a0 mit \u201eIch steh an deiner Krippe hier; Maria durch ein Dornwald ging; Es ist ein Ros entsprungen; Ich sah drei Schiffe; Weihnachtslieder der Schalmei \u2013 Bl\u00e4ser und Kommet ihr Hirten\u201c.<\/p>\n<p>Am Ende der Weihnachtsfeier erhielt jeder Gast ein Weihnachtsgeschenk, die teilweise bereits von den Spendern als P\u00e4ckchen gepackt waren, sowie eine Tragetasche mit Wurst, Obst, S\u00fc\u00dfigkeiten und Geb\u00e4ck. Auch diese Geschenke waren wie die Kuchen aus den Sach- und Geldspenden zusammengestellt worden waren. Die Hauptorganisation der Weihnachtsfeier hatte Torsten Hammer, Bereichsleiter in Haus Jakobsbrunnen. (Fotos &amp; Text: Winfried M\u00f6ller)<\/p>\n<p>&nbsp;<\/p>\n","protected":false},"excerpt":{"rendered":"<div class=\"tmnf_excerpt\"><p>Fulda. Zum 10. Mal war Bischof Heinz Josef Algermissen bei der Weihnachtsfeier am Heiligen Abend f\u00fcr Alleinstehende, Obdachlose und Nichtsesshafte des Caritasverbandes f\u00fcr die Regionen Fulda und Geisa in der Altentagesst\u00e4tte \u201eAm Hexenturm\u201c in Fulda zu Gast. Die Teilnehmer lohnten ihm dieses mit herzlichem Applaus. Mit der Legende vom \u201est\u00f6rrischen Hirten\u201c, die in seiner Kindheit &hellip;<\/p>\n<\/div>","protected":false},"author":1,"featured_media":0,"comment_status":"closed","ping_status":"closed","sticky":false,"template":"","format":"standard","meta":{"footnotes":""},"categories":[1,50],"tags":[],"class_list":["post-105326","post","type-post","status-publish","format-standard","hentry","category-startseite","category-kirche"],"_links":{"self":[{"href":"https:\/\/www.fuldaernachrichten.de\/index.php?rest_route=\/wp\/v2\/posts\/105326","targetHints":{"allow":["GET"]}}],"collection":[{"href":"https:\/\/www.fuldaernachrichten.de\/index.php?rest_route=\/wp\/v2\/posts"}],"about":[{"href":"https:\/\/www.fuldaernachrichten.de\/index.php?rest_route=\/wp\/v2\/types\/post"}],"author":[{"embeddable":true,"href":"https:\/\/www.fuldaernachrichten.de\/index.php?rest_route=\/wp\/v2\/users\/1"}],"replies":[{"embeddable":true,"href":"https:\/\/www.fuldaernachrichten.de\/index.php?rest_route=%2Fwp%2Fv2%2Fcomments&post=105326"}],"version-history":[{"count":0,"href":"https:\/\/www.fuldaernachrichten.de\/index.php?rest_route=\/wp\/v2\/posts\/105326\/revisions"}],"wp:attachment":[{"href":"https:\/\/www.fuldaernachrichten.de\/index.php?rest_route=%2Fwp%2Fv2%2Fmedia&parent=105326"}],"wp:term":[{"taxonomy":"category","embeddable":true,"href":"https:\/\/www.fuldaernachrichten.de\/index.php?rest_route=%2Fwp%2Fv2%2Fcategories&post=105326"},{"taxonomy":"post_tag","embeddable":true,"href":"https:\/\/www.fuldaernachrichten.de\/index.php?rest_route=%2Fwp%2Fv2%2Ftags&post=105326"}],"curies":[{"name":"wp","href":"https:\/\/api.w.org\/{rel}","templated":true}]}}