{"id":105319,"date":"2012-12-25T00:20:17","date_gmt":"2012-12-25T00:20:17","guid":{"rendered":"http:\/\/www.fuldaer-nachrichten.de\/?p=105319"},"modified":"2012-12-26T08:20:56","modified_gmt":"2012-12-26T08:20:56","slug":"publikumssieger-des-fotowettbewerbs-klick-in-die-vielfalt-2012-gesucht","status":"publish","type":"post","link":"https:\/\/www.fuldaernachrichten.de\/?p=105319","title":{"rendered":"Publikumssieger des Fotowettbewerbs \u201eKlick in die Vielfalt 2012\u201c gesucht"},"content":{"rendered":"<p>Osnabr\u00fcck. Mehr als 1.800 Fotos wurden im Rahmen des Fotowettbewerbs \u201eKlick in die Vielfalt 2012\u201c eingereicht. Aus dieser Vielzahl beeindruckender Bilder w\u00e4hlten die Juroren die 40 besten Fotos. Bis zum 20. Januar 2013 wird in einer Online-Abstimmung aus diesen Bildern der Publikumssieger gew\u00e4hlt. Jeder kann sich beteiligen!\u00c2\u00a0 Auf der Webseite <a href=\"http:\/\/www.un-dekade-biologische-vielfalt.de \" target=\"_blank\">www.un-dekade-biologische-vielfalt.de <\/a>werden die 40 besten Bilder aus dem diesj\u00e4hrigen Fotowettbewerb pr\u00e4sentiert. Jetzt suchen wir den Publikumssieger! Jede Besucherin und jeder Besucher der UN-Dekade-Webseite hat eine Stimme, um ein Lieblingsfoto auszuw\u00e4hlen. Die Online-Abstimmung l\u00e4uft bis zum 20. Januar 2013. Ein weiteres Siegerfoto w\u00e4hlt die Fachjury des UN-Dekade-Projekt-Wettbewerbs aus. Die beiden Sieger(innen) des Publikums- und des Jurypreises erwartet ein besonderes Erlebnis: Sie werden zu einem Fotoausflug mit den Naturfotografen Norbert Rosing und Florian M\u00f6llers eingeladen.<!--more--><\/p>\n<p><strong>Fotowettbewerb \u201eKlick in die Vielfalt 2012\u201c<\/strong><\/p>\n<p>Vom 1. Mai bis 4. November 2012 waren Fotografinnen und Fotografen eingeladen, ihr sch\u00f6nstes Naturfoto auf der Webseite der UN-Dekade Biologische Vielfalt hochzuladen. Eingereicht werden konnten Bilder, die die Sch\u00f6nheit und Einzigartigkeit der heimischen biologischen Vielfalt zeigen. Nicht nur die Zahl der Bewerbungen war mit \u00fcber 1.800 Fotos beeindruckend, sondern auch die erstklassige Qualit\u00e4t der Bilder. Atmosph\u00e4rische Landschaftsaufnahmen, Makro-Bilder der Insekten- und Pflanzenwelt, Fotos aus der Vogelwelt, originelle Aufnahmen von Schnecken, Fr\u00f6schen &amp; Co. wurden eingereicht.<\/p>\n<p>Die Profifotografen und UN-Dekade-Botschafter Florian M\u00f6llers und Norbert Rosing hatten die Qual der Wahl und w\u00e4hlten aus allen Fotos die 40 besten Bilder. Die gl\u00fccklichen Gewinnerinnen und Gewinner erhalten nun 100,- Euro Preisgeld pro Bild. \u201eUns hat vor allem beeindruckt, dass viele Fotos die emotionale N\u00e4he der Fotografeninnen und Fotografen zu ihren Motiven widerspiegeln\u201c, so M\u00f6llers und Rosing.<\/p>\n","protected":false},"excerpt":{"rendered":"<div class=\"tmnf_excerpt\"><p>Osnabr\u00fcck. Mehr als 1.800 Fotos wurden im Rahmen des Fotowettbewerbs \u201eKlick in die Vielfalt 2012\u201c eingereicht. Aus dieser Vielzahl beeindruckender Bilder w\u00e4hlten die Juroren die 40 besten Fotos. Bis zum 20. Januar 2013 wird in einer Online-Abstimmung aus diesen Bildern der Publikumssieger gew\u00e4hlt. Jeder kann sich beteiligen!\u00c2\u00a0 Auf der Webseite www.un-dekade-biologische-vielfalt.de werden die 40 besten &hellip;<\/p>\n<\/div>","protected":false},"author":1,"featured_media":0,"comment_status":"closed","ping_status":"closed","sticky":false,"template":"","format":"standard","meta":{"footnotes":""},"categories":[1],"tags":[],"class_list":["post-105319","post","type-post","status-publish","format-standard","hentry","category-startseite"],"_links":{"self":[{"href":"https:\/\/www.fuldaernachrichten.de\/index.php?rest_route=\/wp\/v2\/posts\/105319","targetHints":{"allow":["GET"]}}],"collection":[{"href":"https:\/\/www.fuldaernachrichten.de\/index.php?rest_route=\/wp\/v2\/posts"}],"about":[{"href":"https:\/\/www.fuldaernachrichten.de\/index.php?rest_route=\/wp\/v2\/types\/post"}],"author":[{"embeddable":true,"href":"https:\/\/www.fuldaernachrichten.de\/index.php?rest_route=\/wp\/v2\/users\/1"}],"replies":[{"embeddable":true,"href":"https:\/\/www.fuldaernachrichten.de\/index.php?rest_route=%2Fwp%2Fv2%2Fcomments&post=105319"}],"version-history":[{"count":0,"href":"https:\/\/www.fuldaernachrichten.de\/index.php?rest_route=\/wp\/v2\/posts\/105319\/revisions"}],"wp:attachment":[{"href":"https:\/\/www.fuldaernachrichten.de\/index.php?rest_route=%2Fwp%2Fv2%2Fmedia&parent=105319"}],"wp:term":[{"taxonomy":"category","embeddable":true,"href":"https:\/\/www.fuldaernachrichten.de\/index.php?rest_route=%2Fwp%2Fv2%2Fcategories&post=105319"},{"taxonomy":"post_tag","embeddable":true,"href":"https:\/\/www.fuldaernachrichten.de\/index.php?rest_route=%2Fwp%2Fv2%2Ftags&post=105319"}],"curies":[{"name":"wp","href":"https:\/\/api.w.org\/{rel}","templated":true}]}}