{"id":105310,"date":"2012-12-25T00:13:01","date_gmt":"2012-12-25T00:13:01","guid":{"rendered":"http:\/\/www.fuldaer-nachrichten.de\/?p=105310"},"modified":"2012-12-26T08:15:57","modified_gmt":"2012-12-26T08:15:57","slug":"attraktive-ferienziele-und-spannende-bildungsveranstaltungen-fur-2013","status":"publish","type":"post","link":"https:\/\/www.fuldaernachrichten.de\/?p=105310","title":{"rendered":"Attraktive Ferienziele und spannende Bildungsveranstaltungen f\u00fcr 2013"},"content":{"rendered":"<p><img decoding=\"async\" class=\"alignleft size-thumbnail wp-image-105311\" title=\"DSC_0022\" src=\"http:\/\/www.fuldaer-nachrichten.de\/wp-content\/uploads\/2012\/12\/DSC_0022-265x175.jpg\" alt=\"\" width=\"265\" height=\"175\" srcset=\"https:\/\/www.fuldaernachrichten.de\/wp-content\/uploads\/2012\/12\/DSC_0022-265x175.jpg 265w, https:\/\/www.fuldaernachrichten.de\/wp-content\/uploads\/2012\/12\/DSC_0022.jpg 592w\" sizes=\"(max-width: 265px) 100vw, 265px\" \/>Fulda. Langeweile d\u00fcrfte bei jungen Leuten aus der Region Fulda nicht aufkommen, denn die Jahresprogramme der Jugend\u00e4mter von Stadt- und Landkreis Fulda sowie des Bisch\u00f6flichen Jugendamtes versprechen f\u00fcr das kommende Jahr ein bunte Palette an attraktiven Ferienma\u00dfnahmen und spannenden Bildungsveranstaltungen. Die unterschiedlichen Angebote wenden sich an Kinder ab sechs Jahre, Teenies, Jugendliche oder junge Erwachsene, die nach ihren Bed\u00fcrfnissen, W\u00fcnschen und Interessen entsprechende Angebote ausw\u00e4hlen k\u00f6nnen.<!--more--><br \/>\nFreudig pr\u00e4sentierten B\u00fcrgermeister Dr. Wolfgang Dippel, der Erste Kreisbeigeordnete Dr. Heiko Wingenfeld und Jugendpfarrer Thomas Renze die jeweiligen Freizeit- und Bildungsprogramme f\u00fcr das Jahr 2013. Bei den 308 Einzelveranstaltungen finden sich ein- oder mehrt\u00e4gige Exkursionen, Workshops, Aktiv-Wochenenden oder Schulungen sowie ein- und zweiw\u00f6chige Ferienspiele, Freizeiten, Bildungsurlaube und Projekte. Das Angebot der drei Einrichtungen umfasst im kommenden Jahr insgesamt \u00fcber 1.050 Veranstaltungstage.<\/p>\n<p><strong>Freizeit aktiv und kreativ gestalten<\/strong><br \/>\n\u201eWir m\u00f6chten Kindern und Jugendlichen M\u00f6glichkeiten bieten, ihre Freizeit aktiv und kreativ zu gestalten; dabei stehen Spa\u00df, Erholung, gemeinsames Lernen und Erleben in Gruppen von Gleichaltrigen im Vordergrund\u201c, betonen die drei Verantwortlichen.<\/p>\n<p><img fetchpriority=\"high\" decoding=\"async\" class=\"alignleft size-thumbnail wp-image-105312\" title=\"Frankreich2\" src=\"http:\/\/www.fuldaer-nachrichten.de\/wp-content\/uploads\/2012\/12\/Frankreich2-265x198.jpg\" alt=\"\" width=\"265\" height=\"198\" srcset=\"https:\/\/www.fuldaernachrichten.de\/wp-content\/uploads\/2012\/12\/Frankreich2-265x198.jpg 265w, https:\/\/www.fuldaernachrichten.de\/wp-content\/uploads\/2012\/12\/Frankreich2.jpg 592w\" sizes=\"(max-width: 265px) 100vw, 265px\" \/>F\u00fcr Kinder im Grundschulalter f\u00fchrt die Stadt Fulda beispielsweise in allen Schulferien mehrt\u00e4gige Ferienspiele, Trickfilmprojekte, H\u00f6rclubs oder die Spielstadt \u201eMini-Fulda\u201c durch. F\u00fcr berufst\u00e4tige Eltern ist damit eine ganzt\u00e4gige Betreuung ihrer Kinder gew\u00e4hrleistet. Jugendliche ab 13 Jahren genie\u00dfen in den Sommerferien zwei Wochen lang die Nordseeinsel Norderney, H\u00f6hepunkt dabei ist ein dreit\u00e4giger Surfkurs. In den Osterferien k\u00f6nnen Jugendliche ab 16 Jahren Berlin entdecken und erleben und begeben sich auf eine Zeitreise durch die deutsche Geschichte des vergangenen Jahrhunderts.<\/p>\n<p>Der Landkreis Fulda bietet Kindern ab 10 Jahren ein Wochenende lang eine Tour durch die Rh\u00f6n auf und mit Lamas an. F\u00fcr entdeckungsfreudige Jugendliche ab 15 Jahren ist in den Sommerferien Schottland mit seinen typischen St\u00e4dten und seinen wilden Landschaften Ziel einer Rundreise. Prag und die Fuldaer Partnerregion Leitmeritz k\u00f6nnen im Rahmen eines Bildungsurlaubs in den Herbstferien n\u00e4her kennen gelernt werden, dabei wird auch das mitunter schwierige nachbarschaftliche Verh\u00e4ltnis von Deutschen und Tschechen n\u00e4her betrachtet.<\/p>\n<p><img decoding=\"async\" class=\"alignleft size-thumbnail wp-image-105313\" title=\"On-Top5\" src=\"http:\/\/www.fuldaer-nachrichten.de\/wp-content\/uploads\/2012\/12\/On-Top5-265x353.jpg\" alt=\"\" width=\"265\" height=\"353\" srcset=\"https:\/\/www.fuldaernachrichten.de\/wp-content\/uploads\/2012\/12\/On-Top5-265x353.jpg 265w, https:\/\/www.fuldaernachrichten.de\/wp-content\/uploads\/2012\/12\/On-Top5-198x265.jpg 198w, https:\/\/www.fuldaernachrichten.de\/wp-content\/uploads\/2012\/12\/On-Top5.jpg 399w\" sizes=\"(max-width: 265px) 100vw, 265px\" \/>Das Bisch\u00f6fliche Jugendamt hat f\u00fcr Kinder und Jugendliche aller Altersgruppen neben spirituellen Angeboten auch mehrere Zeltlager und Ferienfreizeiten von der Nordsee bis zu den Alpen ausgeschrieben. Ehrenamtlich T\u00e4tige k\u00f6nnen an Gruppenleiterschulungen teilnehmen. Im Rahmen eines Bildungsurlaubs in London k\u00f6nnen sich junge Erwachsene von der Vielf\u00e4ltigkeit der Millionenstadt \u00fcberzeugen und mehr \u00fcber die kulturelle, wirtschaftliche und politische Bedeutung von Gro\u00dfbritannien in Europa und der Welt erfahren.<\/p>\n<p>Die Brosch\u00fcre \u201eBildung und Freizeit 2013\u201c ist ab sofort im B\u00fcrgerb\u00fcro der Stadt Fulda sowie im Zitronemannsg\u00e4sschen 2 erh\u00e4ltlich. Erste Anmeldungen werden am Samstag, den 26. Januar 2013 von 9.00 bis 12.00 Uhr im B\u00fcrgerb\u00fcro entgegen genommen.<br \/>\nTel.: 0661.102-1962<\/p>\n<p><strong>Programm des Landkreises Fulda<\/strong><br \/>\nDas Programm des Landkreises Fulda ist ab sofort bei der Kreisverwaltung und in allen Gemeindeverwaltungen erh\u00e4ltlich. Ge\u00e4ndertes Anmeldeverfahren des Landkreises Fulda ist die Online-Anmeldung. Online-Anmeldungen sind ab Samstag, 26.01.2013, 09.00 Uhr m\u00f6glich. Durch diese Erleichterung entf\u00e4llt das lange Anstehen f\u00fcr die Anmeldung. Anmeldungen, die schriftlich und per Fax eingehen, k\u00f6nnen erst ab Montag, 28.01.2013 bearbeitet werden. Tel.: 0661.6006-427 Fax: 0661.6006-412<\/p>\n<p><strong>Programm des Bisch\u00f6flichen Jugendamtes (BDKJ)<\/strong><br \/>\nDas Jahresprogramm des Bisch\u00f6flichen Jugendamtes kann ab sofort abgeholt oder kostenlos angefordert werden bei der BDKJ-Di\u00f6zesanstelle bzw. dem Bisch\u00f6flichen Jugendamt, Paulustor 5, 36037 Fulda. Tel. 0661.87-395 oder 87-367. Anmeldungen sind ab sofort m\u00f6glich.<\/p>\n<p>Alle Ferienaktionen und Bildungsma\u00dfnahmen gibt es auch zum Download auf den Homepages<\/p>\n<p>der Stadt Fulda unter:\u00c2\u00a0 <a href=\"http:\/\/www.fulda.de \" target=\"_blank\">www.fulda.de <\/a><br \/>\ndes Landkreises Fulda unter: <a href=\"http:\/\/www.landkreis-fulda.de\" target=\"_blank\">www.landkreis-fulda.de<\/a><br \/>\nund des Bisch\u00f6flichen Jugendamtes unter:\u00c2\u00a0 <a href=\"http:\/\/www.bdkj-fulda.de\" target=\"_blank\">www.bdkj-fulda.de<\/a><\/p>\n","protected":false},"excerpt":{"rendered":"<div class=\"tmnf_excerpt\"><p>Fulda. Langeweile d\u00fcrfte bei jungen Leuten aus der Region Fulda nicht aufkommen, denn die Jahresprogramme der Jugend\u00e4mter von Stadt- und Landkreis Fulda sowie des Bisch\u00f6flichen Jugendamtes versprechen f\u00fcr das kommende Jahr ein bunte Palette an attraktiven Ferienma\u00dfnahmen und spannenden Bildungsveranstaltungen. Die unterschiedlichen Angebote wenden sich an Kinder ab sechs Jahre, Teenies, Jugendliche oder junge Erwachsene, &hellip;<\/p>\n<\/div>","protected":false},"author":1,"featured_media":0,"comment_status":"closed","ping_status":"closed","sticky":false,"template":"","format":"standard","meta":{"footnotes":""},"categories":[1,53],"tags":[],"class_list":["post-105310","post","type-post","status-publish","format-standard","hentry","category-startseite","category-bildung"],"_links":{"self":[{"href":"https:\/\/www.fuldaernachrichten.de\/index.php?rest_route=\/wp\/v2\/posts\/105310","targetHints":{"allow":["GET"]}}],"collection":[{"href":"https:\/\/www.fuldaernachrichten.de\/index.php?rest_route=\/wp\/v2\/posts"}],"about":[{"href":"https:\/\/www.fuldaernachrichten.de\/index.php?rest_route=\/wp\/v2\/types\/post"}],"author":[{"embeddable":true,"href":"https:\/\/www.fuldaernachrichten.de\/index.php?rest_route=\/wp\/v2\/users\/1"}],"replies":[{"embeddable":true,"href":"https:\/\/www.fuldaernachrichten.de\/index.php?rest_route=%2Fwp%2Fv2%2Fcomments&post=105310"}],"version-history":[{"count":0,"href":"https:\/\/www.fuldaernachrichten.de\/index.php?rest_route=\/wp\/v2\/posts\/105310\/revisions"}],"wp:attachment":[{"href":"https:\/\/www.fuldaernachrichten.de\/index.php?rest_route=%2Fwp%2Fv2%2Fmedia&parent=105310"}],"wp:term":[{"taxonomy":"category","embeddable":true,"href":"https:\/\/www.fuldaernachrichten.de\/index.php?rest_route=%2Fwp%2Fv2%2Fcategories&post=105310"},{"taxonomy":"post_tag","embeddable":true,"href":"https:\/\/www.fuldaernachrichten.de\/index.php?rest_route=%2Fwp%2Fv2%2Ftags&post=105310"}],"curies":[{"name":"wp","href":"https:\/\/api.w.org\/{rel}","templated":true}]}}