{"id":105302,"date":"2012-12-24T00:12:03","date_gmt":"2012-12-24T00:12:03","guid":{"rendered":"http:\/\/www.fuldaer-nachrichten.de\/?p=105302"},"modified":"2012-12-24T08:48:47","modified_gmt":"2012-12-24T08:48:47","slug":"medler-stiftung-plant-fur-bruder-grimm-jahr-dinner-en-blanc-und-literarischer-rathausabend-im-juni-2013","status":"publish","type":"post","link":"https:\/\/www.fuldaernachrichten.de\/?p=105302","title":{"rendered":"Medler-Stiftung plant f\u00fcr Br\u00fcder Grimm-Jahr &#8211; \u201eDinner en blanc\u201c und literarischer Rathausabend im Juni 2013"},"content":{"rendered":"<p><strong>H\u00fcnfeld.<\/strong> Die Dr. Hans und Hildegard Medler-Stiftung will zwei Kulturveranstaltungen in H\u00fcnfeld als Beitr\u00e4ge zum Br\u00fcder-Grimm-Jahr 2013 finanzieren. Am 11. Juni soll es einen Rathausabend mit einer theatralischen Lesung zu \u201eGrimms grimmigen M\u00e4rchen\u201c geben, und am 23. Juni 2013 ist ein sogenanntes \u201eDinner en blanc\u201c mit kulturellen Beitr\u00e4gen H\u00fcnfelder Sch\u00fcler am Grimms M\u00e4rchenrundweg in der Freizeitanlage Seefl\u00e4che Haselgrund vorgesehen.<!--more--><\/p>\n<p>Den vorl\u00e4ufigen Planungen f\u00fcr diese Veranstaltungen hat die Dr. Hans und Hildegard Medler-Stiftung w\u00e4hrend ihrer j\u00fcngsten Kuratoriumssitzung im H\u00fcnfelder Rathaus zugestimmt. Dem Kuratorium geh\u00f6ren neben dem Mitbegr\u00fcnder der Stiftung, Dr. Hans Medler, als Gesch\u00e4ftsf\u00fchrer Bankdirektor Alfred Etzel, B\u00fcrgermeister Dr. Eberhard Fennel, die Nichte des Gr\u00fcnderehepaars, Evamaria Medler, und Hermann Hambach an. In Zusammenarbeit mit der Kulturkommission wurde ein Rahmenprogramm f\u00fcr eine Veranstaltung an der Freizeitanlage Seefl\u00e4che Haselgrund erarbeitet.<\/p>\n<p>Die G\u00e4ste treffen sich zu einem so genannten \u201eDinner en blanc\u201c mit Picknickk\u00f6rben in lockerer Atmosph\u00e4re. Sch\u00fcler verschiedener Altersklassen von den H\u00fcnfelder Schulen werden gemeinsam mit Lehrern ein abwechslungsreiches Programm entlang der verschiedenen Stationen des M\u00e4rchenrundwegs rund um den See auff\u00fchren. Vorschl\u00e4ge reichen von einem Vorlese- und Malwettbewerb \u00fcber einen Kost\u00fcmwettbewerb bis hin zu einer Neufassung von Grimms M\u00e4rchen in Jugendsprache und neuzeitlichen Umsetzungen der M\u00e4rchengeschichte als kleine schauspielerische Darstellungen. Weiterhin ist ein Workshop mit der K\u00fcnstlerin Randi Grunke von der Kunstwerkstatt Marburg geplant, die mit den Kindern k\u00fcnstlerische Arbeiten mit Bezug zu den M\u00e4rchen erstellen will. In den fr\u00fchen Abendstunden soll der M\u00e4rchenrundweg mit Kerzen und Fackeln illuminiert werden. F\u00fcr die sch\u00f6nsten und besten Beitr\u00e4ge wird die Dr. Hans und Hildegard Medler-Stiftung Preise zur Verf\u00fcgung stellen.<\/p>\n<p>F\u00fcr den Sonderrathausabend \u201eGrimms grimmige M\u00e4rchen\u201c konnten die Schauspieler Hans Schwab und Ronka Nickel gewonnen werden, die zu Musik von und mit Markus Wessel Grimms M\u00e4rchen auf aberwitzige Weise neu interpretieren und alte M\u00e4rchen als moderne, skurrile Geschichten entlarven. Dazu gibt es schr\u00e4ge Musik mit Alphorn, singender S\u00e4ge, Gesang und Minimoog.<\/p>\n","protected":false},"excerpt":{"rendered":"<div class=\"tmnf_excerpt\"><p>H\u00fcnfeld. Die Dr. Hans und Hildegard Medler-Stiftung will zwei Kulturveranstaltungen in H\u00fcnfeld als Beitr\u00e4ge zum Br\u00fcder-Grimm-Jahr 2013 finanzieren. Am 11. Juni soll es einen Rathausabend mit einer theatralischen Lesung zu \u201eGrimms grimmigen M\u00e4rchen\u201c geben, und am 23. Juni 2013 ist ein sogenanntes \u201eDinner en blanc\u201c mit kulturellen Beitr\u00e4gen H\u00fcnfelder Sch\u00fcler am Grimms M\u00e4rchenrundweg in der &hellip;<\/p>\n<\/div>","protected":false},"author":1,"featured_media":0,"comment_status":"closed","ping_status":"closed","sticky":false,"template":"","format":"standard","meta":{"footnotes":""},"categories":[1,44],"tags":[],"class_list":["post-105302","post","type-post","status-publish","format-standard","hentry","category-startseite","category-kultur"],"_links":{"self":[{"href":"https:\/\/www.fuldaernachrichten.de\/index.php?rest_route=\/wp\/v2\/posts\/105302","targetHints":{"allow":["GET"]}}],"collection":[{"href":"https:\/\/www.fuldaernachrichten.de\/index.php?rest_route=\/wp\/v2\/posts"}],"about":[{"href":"https:\/\/www.fuldaernachrichten.de\/index.php?rest_route=\/wp\/v2\/types\/post"}],"author":[{"embeddable":true,"href":"https:\/\/www.fuldaernachrichten.de\/index.php?rest_route=\/wp\/v2\/users\/1"}],"replies":[{"embeddable":true,"href":"https:\/\/www.fuldaernachrichten.de\/index.php?rest_route=%2Fwp%2Fv2%2Fcomments&post=105302"}],"version-history":[{"count":1,"href":"https:\/\/www.fuldaernachrichten.de\/index.php?rest_route=\/wp\/v2\/posts\/105302\/revisions"}],"predecessor-version":[{"id":105303,"href":"https:\/\/www.fuldaernachrichten.de\/index.php?rest_route=\/wp\/v2\/posts\/105302\/revisions\/105303"}],"wp:attachment":[{"href":"https:\/\/www.fuldaernachrichten.de\/index.php?rest_route=%2Fwp%2Fv2%2Fmedia&parent=105302"}],"wp:term":[{"taxonomy":"category","embeddable":true,"href":"https:\/\/www.fuldaernachrichten.de\/index.php?rest_route=%2Fwp%2Fv2%2Fcategories&post=105302"},{"taxonomy":"post_tag","embeddable":true,"href":"https:\/\/www.fuldaernachrichten.de\/index.php?rest_route=%2Fwp%2Fv2%2Ftags&post=105302"}],"curies":[{"name":"wp","href":"https:\/\/api.w.org\/{rel}","templated":true}]}}