{"id":105299,"date":"2012-12-24T00:12:03","date_gmt":"2012-12-24T00:12:03","guid":{"rendered":"http:\/\/www.fuldaer-nachrichten.de\/?p=105299"},"modified":"2012-12-24T08:44:48","modified_gmt":"2012-12-24T08:44:48","slug":"forderkreis-mariengrotte-hunhan-spendet-fur-erdbebenopfer-in-guatemala","status":"publish","type":"post","link":"https:\/\/www.fuldaernachrichten.de\/?p=105299","title":{"rendered":"F\u00f6rderkreis Mariengrotte H\u00fcnhan spendet f\u00fcr Erdbebenopfer in Guatemala"},"content":{"rendered":"<p><img fetchpriority=\"high\" decoding=\"async\" class=\"alignleft size-thumbnail wp-image-105300\" title=\"P1090017_aus\" src=\"http:\/\/www.fuldaer-nachrichten.de\/wp-content\/uploads\/2012\/12\/P1090017_aus-265x328.jpg\" alt=\"\" width=\"265\" height=\"328\" srcset=\"https:\/\/www.fuldaernachrichten.de\/wp-content\/uploads\/2012\/12\/P1090017_aus-265x328.jpg 265w, https:\/\/www.fuldaernachrichten.de\/wp-content\/uploads\/2012\/12\/P1090017_aus-213x265.jpg 213w, https:\/\/www.fuldaernachrichten.de\/wp-content\/uploads\/2012\/12\/P1090017_aus.jpg 399w\" sizes=\"(max-width: 265px) 100vw, 265px\" \/>Fulda. Mit gro\u00dfer Freude konnte der Vorsitzende des Solidarit\u00e4tswerks der Katholischen Arbeitnehmer-Bewegung Fulda e.V., Michael Schmitt eine Spende in H\u00f6he von 700 \u00e2\u201a\u00ac vom Vorsitzenden des F\u00f6rderkreises Mariengrotte H\u00fcnhan, G\u00fcnter Pilz entgegennehmen. Mit diesem Betrag soll Opfern des schweren Erdbebens vom 7. November 2012 in der Region San Marcos im Hochland von Guatemala geholfen werden.<\/p>\n<p>Aus dem Gesamterl\u00f6s des Rh\u00f6ner Adventssingens in der H\u00fcnhaner St. Andreas Kirche spendete der F\u00f6rderkreis 700 \u00e2\u201a\u00ac um den Opfern des Erdbebens vom 7. November 2012 in Guatemala zu helfen. Ein Erdbeben mit der St\u00e4rke von 7,2 auf der Richterskala hatte insbesondere die Region San Marcos getroffen. \u00dcber 50 Menschen verloren ihr Leben, viele wurden verletzt und Tausende wurden obdachlos. Die \u00f6rtliche MTC (Movimiento Trabajadores Campesinos San Marcos), Partnerverband der Fuldaer KAB, berichtete von ausf\u00fchrlich \u00fcber die Situation am Randes des Hochlands von Guatemala und organisierte mit anderen \u00f6rtlichen Organisationen, darunter auch die Caritas San Marcos umfassende Notfallhilfe f\u00fcr mittellose Menschen. Zwischenzeitlich wurde auch ein Projekt mit einem Umfang von ann\u00e4hernd 150.000 \u00e2\u201a\u00ac zum Wiederaufbau von Wohnh\u00e4usern konzipiert. Dabei greift die MTC auf Erfahrungen zur\u00fcck, die sie nach dem Hurrikan Stan in 2005 und nach dem Wirbelsturm Agatha 2010 gesammelt hatte. Aufgrund der guten Vernetzungsarbeit, die seitens KAB Fulda seit Jahren finanziell unterst\u00fctzt wird, kann die MTC in der aktuellen Situation auch auf die ecuadorianische Nichtregierungsorganisation FUNDASAL, die sich mit der Problematik Wohnraumbeschaffung befasst, zur\u00fcckgreifen. Unterst\u00fctzung erfahren die angelaufenen Ma\u00dfnahmen auch von MISEREOR.<\/p>\n<p>\u201eSeit Jahren stehe ich in regelm\u00e4\u00dfigem Austausch mit der KAB \u00fcber deren Projekte in Guatemala und so ist es f\u00fcr uns eine Selbstverst\u00e4ndlichkeit, gerade in der vorweihnachtlichen Zeit, Menschen zu helfen, die aufgrund einer schlimmen Naturkatastrophe Hab und Gut und insbesondere ihre Behausungen verloren haben, zu helfen\u201c \u00e4u\u00dferte sich der Vorsitzende des F\u00f6rdervereins Mariengrotte H\u00fcnhan, G\u00fcnter Pilz und ist \u00fcberzeugt, dass das Geld in diesem Projekt gut angelegt ist.<\/p>\n<p>\u201eF\u00fcr uns ist es eine Selbstverst\u00e4ndlichkeit, unsere Partner in San Marcos besonders in schweren Zeiten zu unterst\u00fctzen\u201c betonte Michael Schmitt, Vorsitzender des Solidarit\u00e4tswerks der KAB Fulda und KAB Di\u00f6zesansekret\u00e4r. In Zusammenarbeit mit anderen Gruppierungen und insbesondere auch mit dem internationalen Hilfswerk der KAB, dem Weltnotwerk, dessen stellvertretender Vorsitzender Schmitt auch ist, soll dieses Projekt geschultert werden. Er bedankte sich f\u00fcr die gro\u00dfz\u00fcgige Unterst\u00fctzung und ist der festen \u00dcberzeugung, dass durch weitere Spenden das Projekt auf ein festes Fundament gestellt werden kann.<\/p>\n<p>Spenden k\u00f6nnen weiterhin auf das Konto des Solidart\u00e4tswerks der KAB Fulda, Kontonummer 51001113 bei der Sparkasse Fulda, BLZ 530 501 80 mit dem Kennwort \u201eErdbeben Guatemala\u201c eingezahlt oder \u00fcberwiesen werden. Auf Wunsch wird eine Zuwendungsbescheinigung ausgestellt.\u00c2\u00a0 N\u00e4here Informationen \u00fcber den H\u00fcnhaner F\u00f6rderverein sind im Internet unter www.mariengrotte-huenhan.de, \u00fcber die Aktivit\u00e4ten der KAB unter www.kab-fulda.de zu erhalten. (Michael Schmitt)<\/p>\n","protected":false},"excerpt":{"rendered":"<div class=\"tmnf_excerpt\"><p>Fulda. Mit gro\u00dfer Freude konnte der Vorsitzende des Solidarit\u00e4tswerks der Katholischen Arbeitnehmer-Bewegung Fulda e.V., Michael Schmitt eine Spende in H\u00f6he von 700 \u00e2\u201a\u00ac vom Vorsitzenden des F\u00f6rderkreises Mariengrotte H\u00fcnhan, G\u00fcnter Pilz entgegennehmen. Mit diesem Betrag soll Opfern des schweren Erdbebens vom 7. November 2012 in der Region San Marcos im Hochland von Guatemala geholfen werden. &hellip;<\/p>\n<\/div>","protected":false},"author":1,"featured_media":0,"comment_status":"closed","ping_status":"closed","sticky":false,"template":"","format":"standard","meta":{"footnotes":""},"categories":[1,50],"tags":[],"class_list":["post-105299","post","type-post","status-publish","format-standard","hentry","category-startseite","category-kirche"],"_links":{"self":[{"href":"https:\/\/www.fuldaernachrichten.de\/index.php?rest_route=\/wp\/v2\/posts\/105299","targetHints":{"allow":["GET"]}}],"collection":[{"href":"https:\/\/www.fuldaernachrichten.de\/index.php?rest_route=\/wp\/v2\/posts"}],"about":[{"href":"https:\/\/www.fuldaernachrichten.de\/index.php?rest_route=\/wp\/v2\/types\/post"}],"author":[{"embeddable":true,"href":"https:\/\/www.fuldaernachrichten.de\/index.php?rest_route=\/wp\/v2\/users\/1"}],"replies":[{"embeddable":true,"href":"https:\/\/www.fuldaernachrichten.de\/index.php?rest_route=%2Fwp%2Fv2%2Fcomments&post=105299"}],"version-history":[{"count":1,"href":"https:\/\/www.fuldaernachrichten.de\/index.php?rest_route=\/wp\/v2\/posts\/105299\/revisions"}],"predecessor-version":[{"id":105301,"href":"https:\/\/www.fuldaernachrichten.de\/index.php?rest_route=\/wp\/v2\/posts\/105299\/revisions\/105301"}],"wp:attachment":[{"href":"https:\/\/www.fuldaernachrichten.de\/index.php?rest_route=%2Fwp%2Fv2%2Fmedia&parent=105299"}],"wp:term":[{"taxonomy":"category","embeddable":true,"href":"https:\/\/www.fuldaernachrichten.de\/index.php?rest_route=%2Fwp%2Fv2%2Fcategories&post=105299"},{"taxonomy":"post_tag","embeddable":true,"href":"https:\/\/www.fuldaernachrichten.de\/index.php?rest_route=%2Fwp%2Fv2%2Ftags&post=105299"}],"curies":[{"name":"wp","href":"https:\/\/api.w.org\/{rel}","templated":true}]}}