{"id":105297,"date":"2012-12-24T00:12:37","date_gmt":"2012-12-24T00:12:37","guid":{"rendered":"http:\/\/www.fuldaer-nachrichten.de\/?p=105297"},"modified":"2012-12-24T08:43:14","modified_gmt":"2012-12-24T08:43:14","slug":"gwv-mitarbeiter-sind-auch-zu-weihnachten-und-silvester-rund-um-die-uhr-im-einsatz","status":"publish","type":"post","link":"https:\/\/www.fuldaernachrichten.de\/?p=105297","title":{"rendered":"GWV-Mitarbeiter sind auch zu Weihnachten und Silvester rund um die Uhr im Einsatz"},"content":{"rendered":"<p><img fetchpriority=\"high\" decoding=\"async\" class=\"alignleft size-thumbnail wp-image-105298\" title=\"Bu\u00cc\u02c6lent-Selcuk-Akin-in-der-GWV-Leitwarte\" src=\"http:\/\/www.fuldaer-nachrichten.de\/wp-content\/uploads\/2012\/12\/Bu\u00cc\u02c6lent-Selcuk-Akin-in-der-GWV-Leitwarte-265x196.jpg\" alt=\"\" width=\"265\" height=\"196\" \/>Fulda. Bei St\u00f6rungen im Gas- und Wassernetz sind Gas- und Wasserversorgung Fulda sowie Gas- und Wasserversorgung Osthessen (GWV) auch \u00fcber die Feiertage \u00fcber die Telefonnummer 0661 299-0 zu erreichen. Denn nat\u00fcrlich ist die Leitwarte des Energie- und Wasserversorgers auch dann rund um die Uhr besetzt, wenn alle anderen feiern. Die Mitarbeiter \u00fcberwachen, dass die Versorgung mit Erdgas und Trinkwasser in den GWV-Netzen reibungslos l\u00e4uft. Im Fall der F\u00e4lle k\u00f6nnen sie auf ihre Bereitschafts-Kollegen zur\u00fcckgreifen; diese GWV Mitarbeiter sind bei Bedarf schnell vor Ort.<\/p>\n<p>B\u00fclent Selcuk Akin, Markus B\u00fcttner und Sebastian Klein \u00fcbernehmen an Heiligabend die Schichten in der Leitwarte im Fuldaer Wasserwerk an der Frankfurter Stra\u00dfe. An den beiden Weihnachtsfeiertagen sind Martin Farnung, Markus B\u00fcttner und Leo Harengel im Einsatz. Und zu Silvester behalten Sebastian Klein, B\u00fclent Selcuk Akin und Martin Farnung von der Leitwarte aus die Gas- und Wassernetze im Blick.<\/p>\n<p>Wenn eine St\u00f6rung gemeldet wird, nehmen die Mitarbeiter der GWV-Leitwarte Kontakt mit dem Bereitschaftsdienst auf. Diese Kollegen aus dem Technik-Bereich von GWV verbringen die Feiertage zwar mit ihren Familien, stehen aber umgehend bereit, wenn sie ben\u00f6tigt werden.<\/p>\n","protected":false},"excerpt":{"rendered":"<div class=\"tmnf_excerpt\"><p>Fulda. Bei St\u00f6rungen im Gas- und Wassernetz sind Gas- und Wasserversorgung Fulda sowie Gas- und Wasserversorgung Osthessen (GWV) auch \u00fcber die Feiertage \u00fcber die Telefonnummer 0661 299-0 zu erreichen. Denn nat\u00fcrlich ist die Leitwarte des Energie- und Wasserversorgers auch dann rund um die Uhr besetzt, wenn alle anderen feiern. Die Mitarbeiter \u00fcberwachen, dass die Versorgung &hellip;<\/p>\n<\/div>","protected":false},"author":1,"featured_media":0,"comment_status":"closed","ping_status":"closed","sticky":false,"template":"","format":"standard","meta":{"footnotes":""},"categories":[1,29],"tags":[],"class_list":["post-105297","post","type-post","status-publish","format-standard","hentry","category-startseite","category-politik"],"_links":{"self":[{"href":"https:\/\/www.fuldaernachrichten.de\/index.php?rest_route=\/wp\/v2\/posts\/105297","targetHints":{"allow":["GET"]}}],"collection":[{"href":"https:\/\/www.fuldaernachrichten.de\/index.php?rest_route=\/wp\/v2\/posts"}],"about":[{"href":"https:\/\/www.fuldaernachrichten.de\/index.php?rest_route=\/wp\/v2\/types\/post"}],"author":[{"embeddable":true,"href":"https:\/\/www.fuldaernachrichten.de\/index.php?rest_route=\/wp\/v2\/users\/1"}],"replies":[{"embeddable":true,"href":"https:\/\/www.fuldaernachrichten.de\/index.php?rest_route=%2Fwp%2Fv2%2Fcomments&post=105297"}],"version-history":[{"count":0,"href":"https:\/\/www.fuldaernachrichten.de\/index.php?rest_route=\/wp\/v2\/posts\/105297\/revisions"}],"wp:attachment":[{"href":"https:\/\/www.fuldaernachrichten.de\/index.php?rest_route=%2Fwp%2Fv2%2Fmedia&parent=105297"}],"wp:term":[{"taxonomy":"category","embeddable":true,"href":"https:\/\/www.fuldaernachrichten.de\/index.php?rest_route=%2Fwp%2Fv2%2Fcategories&post=105297"},{"taxonomy":"post_tag","embeddable":true,"href":"https:\/\/www.fuldaernachrichten.de\/index.php?rest_route=%2Fwp%2Fv2%2Ftags&post=105297"}],"curies":[{"name":"wp","href":"https:\/\/api.w.org\/{rel}","templated":true}]}}