{"id":105293,"date":"2012-12-24T00:12:22","date_gmt":"2012-12-24T00:12:22","guid":{"rendered":"http:\/\/www.fuldaer-nachrichten.de\/?p=105293"},"modified":"2012-12-24T08:39:30","modified_gmt":"2012-12-24T08:39:30","slug":"natur-und-lebensraum-rhon-e-v-bergbauernprogramm-inakzeptabel-gekurzt","status":"publish","type":"post","link":"https:\/\/www.fuldaernachrichten.de\/?p=105293","title":{"rendered":"Natur- und Lebensraum Rh\u00f6n e.V.: &#8220;Bergbauernprogramm inakzeptabel gek\u00fcrzt&#8221;"},"content":{"rendered":"<p><img fetchpriority=\"high\" decoding=\"async\" class=\"alignleft size-thumbnail wp-image-105294\" title=\"Gr\u00fcnlandprojekt_K\u00fche_Seiferts_Preuscher_2007\" src=\"http:\/\/www.fuldaer-nachrichten.de\/wp-content\/uploads\/2012\/12\/Gr\u00fcnlandprojekt_K\u00fche_Seiferts_Preuscher_2007-265x198.jpg\" alt=\"\" width=\"265\" height=\"198\" \/>Rh\u00f6n. In der letzten Sitzung des Fachforums Naturschutz und Kulturlandschaft des Vereins Natur- und Lebensraum Rh\u00f6n wurden die aktuellen Auszahlungen der Ausgleichszulage(AGZ) bzw. des so genannten Bergbauernprogramms massiv kritisiert. Aufgrund drastischer K\u00fcrzungen in den vergangenen beiden Jahren sehen sich insbesondere die extensiv wirtschaftenden landwirtschaftlichen Betriebe in den Hochlagen der Rh\u00f6n, die sich in den vergangenen Jahren auf Mutterkuhhaltung und extensive Gr\u00fcnlandbewirtschaftung spezialisiert haben, in ihrer Existenz bedroht. Damit werden auch die Zielsetzungen des Biosph\u00e4renreservats massiv in Frage gestellt.<!--more--><strong> <\/strong><\/p>\n<p>Seit vielen Jahrzehnten gibt es das so genannte Bergbauernprogramm, welches eine Erschwerniszulage f\u00fcr landwirtschaftliche Betriebe in den Hochlagen der Mittelgebirge darstellt. Das Programm soll Benachteiligungen, die den Landwirten in den Ungunstlagen mit schwierigen klimatischen Bedingungen und geringer Bodenqualit\u00e4t entstehen, ausgleichen. Es soll gew\u00e4hrleisten, dass auch in Zukunft eine b\u00e4uerlich gepr\u00e4gte Kulturlandschaft erhalten bleibt.<\/p>\n<p>Bereits von 2010 auf 2011 wurde die AGZ um 50 % gek\u00fcrzt. Mit der jetzigen Auszahlung unmittelbar vor Weihnachten mussten die Landwirte erleben, dass es erneut zu einer K\u00fcrzung um rund 30 % gekommen ist. Dies bedeutet f\u00fcr einen Landwirt der rund 70 ha im Bereich Hilders bewirtschaftet, dass die Zulage von ca.10.000 \u00e2\u201a\u00ac im Jahr 2010 auf ca. 3.000 \u00e2\u201a\u00ac in 2012 zusammengeschmolzen ist. Der Verein Natur- und Lebensraum Rh\u00f6n sieht damit viele sowieso vom Strukturwandel bedrohte Betriebe akut in ihrer Existenz gef\u00e4hrdet. Seit Jahren setzt sich das Biosph\u00e4renreservat f\u00fcr Mutterkuhhaltung und extensive Gr\u00fcnlandbewirtschaftung ein, um neben der Alternativen Intensivierung mit Maisanbau und G\u00fcllewirtschaft auf der einen Seite und der Brache bzw. der Aufforstung andererseits einen dritten Weg zu erm\u00f6glichen, um das \u201eLand der offenen Fernen\u201c in seiner au\u00dfergew\u00f6hnlichen Qualit\u00e4t zu erhalten.<\/p>\n<p>Dies sieht man nun im Verein Natur- und Lebensraum Rh\u00f6n konterkariert. Thomas Schreiner, stellvertretener Forensprecher und B\u00fcrgermeister von Ehrenberg, bringt seine Entt\u00e4uschung auf den Punkt: \u201eEs gab einmal Minister und Staatssekret\u00e4re, die versprachen der Rh\u00f6n, die Landwirte auch dann noch zu unterst\u00fctzen, wenn es ansonsten keine staatlichen F\u00f6rderungen mehr g\u00e4be \u2013 aber das ist offenbar leider schon lange in Wiesbaden vergessen!\u201c<\/p>\n<p>Im Verein Natur- und Lebensraum Rh\u00f6n erinnert man auch an die Verpflichtung, die das Land Hessen mit dem Rahmenkonzept Biosph\u00e4renreservat Rh\u00f6n eingegangen ist, n\u00e4mlich eine b\u00e4uerlich gepr\u00e4gte Kulturlandschaft zu erhalten, zu f\u00f6rdern und weiter zu entwickeln.<\/p>\n<p>Daher appellieren Dr. Hubert Beier, Vorsitzender des Vereins und die Mitglieder des Fachforums Naturschutz und Kulturlandschaft an die Landesregierung, die Auszahlung des diesj\u00e4hrigen AGZ zu korrigieren und dem Biosph\u00e4renreservat angemessene Instrumente f\u00fcr die Erhaltung der auch naturschutzfachlich wertvollen Gr\u00fcnlandstandorte an die Hand zu geben. In diesem Zusammenhang k\u00fcndigt Dr. Hubert Beier an, dass im Verein intensiv an einem Gr\u00fcnlandpositionspapier sowie an einem Gr\u00fcnlandkonzept gearbeitet werde, um im Interesse des Biosph\u00e4renreservats und der hier lebenden und wirtschaftenden Menschen die Gr\u00fcnlandbereiche zu erhalten.<\/p>\n<p>&nbsp;<\/p>\n","protected":false},"excerpt":{"rendered":"<div class=\"tmnf_excerpt\"><p>Rh\u00f6n. In der letzten Sitzung des Fachforums Naturschutz und Kulturlandschaft des Vereins Natur- und Lebensraum Rh\u00f6n wurden die aktuellen Auszahlungen der Ausgleichszulage(AGZ) bzw. des so genannten Bergbauernprogramms massiv kritisiert. Aufgrund drastischer K\u00fcrzungen in den vergangenen beiden Jahren sehen sich insbesondere die extensiv wirtschaftenden landwirtschaftlichen Betriebe in den Hochlagen der Rh\u00f6n, die sich in den vergangenen &hellip;<\/p>\n<\/div>","protected":false},"author":1,"featured_media":0,"comment_status":"closed","ping_status":"closed","sticky":false,"template":"","format":"standard","meta":{"footnotes":""},"categories":[1,29],"tags":[],"class_list":["post-105293","post","type-post","status-publish","format-standard","hentry","category-startseite","category-politik"],"_links":{"self":[{"href":"https:\/\/www.fuldaernachrichten.de\/index.php?rest_route=\/wp\/v2\/posts\/105293","targetHints":{"allow":["GET"]}}],"collection":[{"href":"https:\/\/www.fuldaernachrichten.de\/index.php?rest_route=\/wp\/v2\/posts"}],"about":[{"href":"https:\/\/www.fuldaernachrichten.de\/index.php?rest_route=\/wp\/v2\/types\/post"}],"author":[{"embeddable":true,"href":"https:\/\/www.fuldaernachrichten.de\/index.php?rest_route=\/wp\/v2\/users\/1"}],"replies":[{"embeddable":true,"href":"https:\/\/www.fuldaernachrichten.de\/index.php?rest_route=%2Fwp%2Fv2%2Fcomments&post=105293"}],"version-history":[{"count":0,"href":"https:\/\/www.fuldaernachrichten.de\/index.php?rest_route=\/wp\/v2\/posts\/105293\/revisions"}],"wp:attachment":[{"href":"https:\/\/www.fuldaernachrichten.de\/index.php?rest_route=%2Fwp%2Fv2%2Fmedia&parent=105293"}],"wp:term":[{"taxonomy":"category","embeddable":true,"href":"https:\/\/www.fuldaernachrichten.de\/index.php?rest_route=%2Fwp%2Fv2%2Fcategories&post=105293"},{"taxonomy":"post_tag","embeddable":true,"href":"https:\/\/www.fuldaernachrichten.de\/index.php?rest_route=%2Fwp%2Fv2%2Ftags&post=105293"}],"curies":[{"name":"wp","href":"https:\/\/api.w.org\/{rel}","templated":true}]}}