{"id":105290,"date":"2012-12-24T00:10:44","date_gmt":"2012-12-24T00:10:44","guid":{"rendered":"http:\/\/www.fuldaer-nachrichten.de\/?p=105290"},"modified":"2012-12-24T08:36:17","modified_gmt":"2012-12-24T08:36:17","slug":"landratsamt-geschlossen-strasenverkehrsbehorde-am-29-dezember-geschlossen","status":"publish","type":"post","link":"https:\/\/www.fuldaernachrichten.de\/?p=105290","title":{"rendered":"Landratsamt geschlossen &#8211; Stra\u00dfenverkehrsbeh\u00f6rde am 29. Dezember geschlossen"},"content":{"rendered":"<p>Fulda. Die Kreisverwaltung in Fulda und alle Au\u00dfenstellen bleiben am Montag, 24. Dezember 2012 und Montag 31. Dezember 2012 geschlossen. Weiterhin weisen wir darauf hin, dass am Samstag, 29. Dezember die Stra\u00dfenverkehrsbeh\u00f6rde einschlie\u00dflich der Kfz-Zulassungsstelle f\u00fcr den Publikumsverkehr geschlossen hat.<\/p>\n<p>&nbsp;<\/p>\n","protected":false},"excerpt":{"rendered":"<div class=\"tmnf_excerpt\"><p>Fulda. Die Kreisverwaltung in Fulda und alle Au\u00dfenstellen bleiben am Montag, 24. Dezember 2012 und Montag 31. Dezember 2012 geschlossen. Weiterhin weisen wir darauf hin, dass am Samstag, 29. Dezember die Stra\u00dfenverkehrsbeh\u00f6rde einschlie\u00dflich der Kfz-Zulassungsstelle f\u00fcr den Publikumsverkehr geschlossen hat. &nbsp;<\/p>\n<\/div>","protected":false},"author":1,"featured_media":0,"comment_status":"closed","ping_status":"closed","sticky":false,"template":"","format":"standard","meta":{"footnotes":""},"categories":[1],"tags":[],"class_list":["post-105290","post","type-post","status-publish","format-standard","hentry","category-startseite"],"_links":{"self":[{"href":"https:\/\/www.fuldaernachrichten.de\/index.php?rest_route=\/wp\/v2\/posts\/105290","targetHints":{"allow":["GET"]}}],"collection":[{"href":"https:\/\/www.fuldaernachrichten.de\/index.php?rest_route=\/wp\/v2\/posts"}],"about":[{"href":"https:\/\/www.fuldaernachrichten.de\/index.php?rest_route=\/wp\/v2\/types\/post"}],"author":[{"embeddable":true,"href":"https:\/\/www.fuldaernachrichten.de\/index.php?rest_route=\/wp\/v2\/users\/1"}],"replies":[{"embeddable":true,"href":"https:\/\/www.fuldaernachrichten.de\/index.php?rest_route=%2Fwp%2Fv2%2Fcomments&post=105290"}],"version-history":[{"count":0,"href":"https:\/\/www.fuldaernachrichten.de\/index.php?rest_route=\/wp\/v2\/posts\/105290\/revisions"}],"wp:attachment":[{"href":"https:\/\/www.fuldaernachrichten.de\/index.php?rest_route=%2Fwp%2Fv2%2Fmedia&parent=105290"}],"wp:term":[{"taxonomy":"category","embeddable":true,"href":"https:\/\/www.fuldaernachrichten.de\/index.php?rest_route=%2Fwp%2Fv2%2Fcategories&post=105290"},{"taxonomy":"post_tag","embeddable":true,"href":"https:\/\/www.fuldaernachrichten.de\/index.php?rest_route=%2Fwp%2Fv2%2Ftags&post=105290"}],"curies":[{"name":"wp","href":"https:\/\/api.w.org\/{rel}","templated":true}]}}