{"id":105284,"date":"2012-12-24T00:11:16","date_gmt":"2012-12-24T00:11:16","guid":{"rendered":"http:\/\/www.fuldaer-nachrichten.de\/?p=105284"},"modified":"2012-12-24T08:35:10","modified_gmt":"2012-12-24T08:35:10","slug":"weihnachtsfeier-hinter-gittern","status":"publish","type":"post","link":"https:\/\/www.fuldaernachrichten.de\/?p=105284","title":{"rendered":"Weihnachtsfeier hinter Gittern"},"content":{"rendered":"<p><img decoding=\"async\" class=\"alignleft size-thumbnail wp-image-105288\" title=\"007-JVA-FD-Weihnachtsfeier-181212-wim\" src=\"http:\/\/www.fuldaer-nachrichten.de\/wp-content\/uploads\/2012\/12\/007-JVA-FD-Weihnachtsfeier-181212-wim-265x175.jpg\" alt=\"\" width=\"265\" height=\"175\" srcset=\"https:\/\/www.fuldaernachrichten.de\/wp-content\/uploads\/2012\/12\/007-JVA-FD-Weihnachtsfeier-181212-wim-265x175.jpg 265w, https:\/\/www.fuldaernachrichten.de\/wp-content\/uploads\/2012\/12\/007-JVA-FD-Weihnachtsfeier-181212-wim.jpg 592w\" sizes=\"(max-width: 265px) 100vw, 265px\" \/>H\u00fcnfeld. Alle Jahre wieder und doch immer ein wenig anders ist die Weihnachtsfeier der Inhaftierten in der Justizvollzugsanstalt Fulda. Langsam aber stetig bis auf den letzten Platz f\u00fcllte sich der Andachtsraum, nachdem die Zellent\u00fcren ge\u00f6ffnet worden waren und Stille trat ein als der neue katholische Anstaltspfarrer Hans P. Dehm an das Lesepult trat. Gemeinsam mit Gemeindereferent Heinrich Sch\u00f6ning hatte er die Feier vorbereitet. Menschen, wie\u00c2\u00a0 Strafgefangene w\u00fcssten um ihre Dunkelheit. Sie k\u00f6nnten dadurch auch besser nachf\u00fchlen, was es bedeutet, sich nach dem Licht zu sehnen, das durch Jesu Geburt in die Welt gekommen sei, leitete der Anstaltspfarrer die Feier ein. <!--more--><\/p>\n<p>Nach dem Lied: \u201eMacht hoch die T\u00fcr..\u201c, im Wechsel mit dem eigens f\u00fcr die Weihnachtsfeier zusammengestellten Chor aus Theologiestudentinnen und Domchormitgliedern (Konstanze Kort\u00fcm, Rosemarie Reith, Judith Roth, Elisa Schmidt, Victoria Wiegand), das von den Teilnehmern kr\u00e4ftig mitgesungen wurde, erl\u00e4uterte Heinrich Sch\u00f6ning die Entstehung und Bedeutung der \u201eStalingrad Madonna\u201c von Kurt Reuber und wie es den Soldaten im Bunker an diesem Heiligen Abend erging, die auch im Kessel gefangen gewesen seien. Nicht das Schenken sei wichtig, sondern Weihnachten m\u00fcsse in die eigene Mitte f\u00fchren, so der Gemeindereferent. Nach einem Vortrag des Gitarren \u2013 Ensembles Lothar Ebert (Mitwirkende Lothar Ebert, Heiko Zweigelt, Ramona und Daniela Kremer sowie Julia, Helena und Michael Wehner), wurde das Weihnachtsevangelium in drei Abschnitten, unterbrochen durch weihnachtliche Lieder, verlesen.<\/p>\n<p><img decoding=\"async\" class=\"alignnone size-thumbnail wp-image-105289\" title=\"010-JVA-FD-Weihnachtsfeier-181212-wim\" src=\"http:\/\/www.fuldaer-nachrichten.de\/wp-content\/uploads\/2012\/12\/010-JVA-FD-Weihnachtsfeier-181212-wim-265x175.jpg\" alt=\"\" width=\"265\" height=\"175\" srcset=\"https:\/\/www.fuldaernachrichten.de\/wp-content\/uploads\/2012\/12\/010-JVA-FD-Weihnachtsfeier-181212-wim-265x175.jpg 265w, https:\/\/www.fuldaernachrichten.de\/wp-content\/uploads\/2012\/12\/010-JVA-FD-Weihnachtsfeier-181212-wim.jpg 592w\" sizes=\"(max-width: 265px) 100vw, 265px\" \/> <img decoding=\"async\" class=\"alignnone size-thumbnail wp-image-105286\" title=\"004-JVA-FD-Weihnachtsfeier-181212-wim\" src=\"http:\/\/www.fuldaer-nachrichten.de\/wp-content\/uploads\/2012\/12\/004-JVA-FD-Weihnachtsfeier-181212-wim-265x175.jpg\" alt=\"\" width=\"265\" height=\"175\" srcset=\"https:\/\/www.fuldaernachrichten.de\/wp-content\/uploads\/2012\/12\/004-JVA-FD-Weihnachtsfeier-181212-wim-265x175.jpg 265w, https:\/\/www.fuldaernachrichten.de\/wp-content\/uploads\/2012\/12\/004-JVA-FD-Weihnachtsfeier-181212-wim.jpg 592w\" sizes=\"(max-width: 265px) 100vw, 265px\" \/><\/p>\n<p>Bei \u201eStille Nacht; heilige Nacht trat eine feierliche Stille ein. Nachdem Gedicht \u201eSchenk dir Weihnachten\u201c (Heinrich Sch\u00f6ning), dem Segensgebet und dem Segen durch den evangelischen Pfarrer Wolfgang Schmidt \u2013 Nohl, \u00fcberbrachte der Anstaltsleiter Winfried Michel die Gr\u00fc\u00dfe der Maltherapeutin Margarete Sch\u00f6nherr, die erkrankt war und begr\u00fc\u00dfte als G\u00e4ste Edith Bing (SPD), Anstaltsbeiratsvorsitzenden Winfried M\u00f6ller und dessen Stellvertreter Wittmar Just. Es sei wichtig, dass G\u00e4ste von au\u00dfen an der Weihnachtsfeier teiln\u00e4hmen und so Bindeglied zur \u00d6ffentlichkeit seien. Sein besonderer Dank galt dem Chor und dem Gitarren \u2013 Ensemble, das schon viele Jahre die Weihnachtsfeier selbstlos unterst\u00fctze. Auch wenn Weihnachten hinter Gittern schwer sei, so w\u00fcnschte er ebenso wie der Anstaltsbeiratsvorsitzende, dass\u00c2\u00a0 die Inhaftierten etwas von dem Segen der Weihnacht sp\u00fcrten. Am Ende der Feier erhielt jeder Teilnehmer ein Pr\u00e4sent, dass Andrea Koch mit ihren Kolleginnen vom Anstaltssozialdient besorgt hatte. (wim)<\/p>\n<p><img loading=\"lazy\" decoding=\"async\" class=\"alignnone size-thumbnail wp-image-105285\" title=\"001-JVA-FD-Weihnachtsfeier-181212-wim\" src=\"http:\/\/www.fuldaer-nachrichten.de\/wp-content\/uploads\/2012\/12\/001-JVA-FD-Weihnachtsfeier-181212-wim-265x175.jpg\" alt=\"\" width=\"265\" height=\"175\" srcset=\"https:\/\/www.fuldaernachrichten.de\/wp-content\/uploads\/2012\/12\/001-JVA-FD-Weihnachtsfeier-181212-wim-265x175.jpg 265w, https:\/\/www.fuldaernachrichten.de\/wp-content\/uploads\/2012\/12\/001-JVA-FD-Weihnachtsfeier-181212-wim.jpg 592w\" sizes=\"(max-width: 265px) 100vw, 265px\" \/> <img loading=\"lazy\" decoding=\"async\" class=\"alignnone size-thumbnail wp-image-105287\" title=\"006-JVA-FD-Weihnachtsfeier-181212-wim\" src=\"http:\/\/www.fuldaer-nachrichten.de\/wp-content\/uploads\/2012\/12\/006-JVA-FD-Weihnachtsfeier-181212-wim-265x399.jpg\" alt=\"\" width=\"265\" height=\"399\" srcset=\"https:\/\/www.fuldaernachrichten.de\/wp-content\/uploads\/2012\/12\/006-JVA-FD-Weihnachtsfeier-181212-wim-265x399.jpg 265w, https:\/\/www.fuldaernachrichten.de\/wp-content\/uploads\/2012\/12\/006-JVA-FD-Weihnachtsfeier-181212-wim-398x600.jpg 398w, https:\/\/www.fuldaernachrichten.de\/wp-content\/uploads\/2012\/12\/006-JVA-FD-Weihnachtsfeier-181212-wim.jpg 399w\" sizes=\"(max-width: 265px) 100vw, 265px\" \/><\/p>\n","protected":false},"excerpt":{"rendered":"<div class=\"tmnf_excerpt\"><p>H\u00fcnfeld. Alle Jahre wieder und doch immer ein wenig anders ist die Weihnachtsfeier der Inhaftierten in der Justizvollzugsanstalt Fulda. Langsam aber stetig bis auf den letzten Platz f\u00fcllte sich der Andachtsraum, nachdem die Zellent\u00fcren ge\u00f6ffnet worden waren und Stille trat ein als der neue katholische Anstaltspfarrer Hans P. Dehm an das Lesepult trat. Gemeinsam mit &hellip;<\/p>\n<\/div>","protected":false},"author":1,"featured_media":0,"comment_status":"closed","ping_status":"closed","sticky":false,"template":"","format":"standard","meta":{"footnotes":""},"categories":[1],"tags":[],"class_list":["post-105284","post","type-post","status-publish","format-standard","hentry","category-startseite"],"_links":{"self":[{"href":"https:\/\/www.fuldaernachrichten.de\/index.php?rest_route=\/wp\/v2\/posts\/105284","targetHints":{"allow":["GET"]}}],"collection":[{"href":"https:\/\/www.fuldaernachrichten.de\/index.php?rest_route=\/wp\/v2\/posts"}],"about":[{"href":"https:\/\/www.fuldaernachrichten.de\/index.php?rest_route=\/wp\/v2\/types\/post"}],"author":[{"embeddable":true,"href":"https:\/\/www.fuldaernachrichten.de\/index.php?rest_route=\/wp\/v2\/users\/1"}],"replies":[{"embeddable":true,"href":"https:\/\/www.fuldaernachrichten.de\/index.php?rest_route=%2Fwp%2Fv2%2Fcomments&post=105284"}],"version-history":[{"count":0,"href":"https:\/\/www.fuldaernachrichten.de\/index.php?rest_route=\/wp\/v2\/posts\/105284\/revisions"}],"wp:attachment":[{"href":"https:\/\/www.fuldaernachrichten.de\/index.php?rest_route=%2Fwp%2Fv2%2Fmedia&parent=105284"}],"wp:term":[{"taxonomy":"category","embeddable":true,"href":"https:\/\/www.fuldaernachrichten.de\/index.php?rest_route=%2Fwp%2Fv2%2Fcategories&post=105284"},{"taxonomy":"post_tag","embeddable":true,"href":"https:\/\/www.fuldaernachrichten.de\/index.php?rest_route=%2Fwp%2Fv2%2Ftags&post=105284"}],"curies":[{"name":"wp","href":"https:\/\/api.w.org\/{rel}","templated":true}]}}