{"id":105282,"date":"2012-12-24T00:12:13","date_gmt":"2012-12-24T00:12:13","guid":{"rendered":"http:\/\/www.fuldaer-nachrichten.de\/?p=105282"},"modified":"2012-12-24T08:29:12","modified_gmt":"2012-12-24T08:29:12","slug":"caritas-mitgliederversammlung-fand-im-neuen-athanasius-kircher-haus-in-geisa-statt","status":"publish","type":"post","link":"https:\/\/www.fuldaernachrichten.de\/?p=105282","title":{"rendered":"Caritas-Mitgliederversammlung fand im neuen Athanasius-Kircher-Haus in Geisa statt"},"content":{"rendered":"<p><strong><\/strong>Geisa. W\u00e4hrend der Mitgliederversammlung des Caritasverbands f\u00fcr die Regionen Fulda und Geisa e.V. im Athanasius \u2013 Kircher \u2013 Haus in Geisa, wurde die Vorstandsmitglieder\u00c2\u00a0 Diakon Stefan Bildh\u00e4user, Pilgerzell, Thomas Engel, Hainzell, Pfarrer Uwe Hahner, Geisa, Brigitte Hohmann, Geisa, Reinhold Schreiner, Fulda und Ursula Veltum, Rasdorf in ihrem Amt in geheimer Wahl best\u00e4tigt. Neu hinzugew\u00e4hlt wurde Diakon Thomas Kranz, Buttlar. Pfarrer Dr. Dagobert Vonderau, Neuhof bleibt Vorstandsvorsitzender, Norbert Krimmel, Sargenzell stellvertretender Vorsitzender und Richard Frank, Uffhausen\u00c2\u00a0 Schriftf\u00fchrer.<!--more--><\/p>\n<p>Des Weiteren beschloss die Mitgliederversammlung eine Erg\u00e4nzung der Satzung zur verbindlichen \u00dcbernahme der durch die von der Deutschen Bischofskonferenz beschlossene Grundordnung f\u00fcr kirchliche Arbeitsverh\u00e4ltnisse. In seinem Jahresbericht 2011 ging der 1. Vorsitzende\u00c2\u00a0 besonders auf die Jubil\u00e4en 40 Jahre Caritas Hausaufgabenhilfe f\u00fcr ausl\u00e4ndische Sch\u00fclerinnen und Sch\u00fcler sowie 25 Jahre Geh\u00f6rlosenhilfe ein. Die Hausaufgabenhilfe an Schulen der Stadt und des Landkreises Fulda sei f\u00fcr viele ein Meilenstein zur gesellschaftlichen und beruflichen Integration gewesen. Das gleiche gelte f\u00fcr die Arbeit mit Menschen mit H\u00f6rsch\u00e4digung. Mit der Arbeit von Ernst \u2013 Paul \u2013 Walter, Fulda und besonders Werner Althaus, stellvertretender Gesch\u00e4ftsf\u00fchrer und Geb\u00e4rdendolmetscher\u00c2\u00a0 habe die Caritas einen wichtigen Beitrag f\u00fcr die Weiterentwicklung der Geh\u00f6rlosenhilfe geleistet und sei kompetenter Ansprechpartner f\u00fcr Menschen mit H\u00f6rsch\u00e4digung und deren Angeh\u00f6rige. Werner Althaus bietet auch Geb\u00e4rdensprachkurse als Grund- und Aufbaukurs an. Besonderes anerkennenswert sei auch die Jugendsozialarbeit in der Region Geisa, die mit ihrem Engagement f\u00fcr Jugendliche und Aktionen wie \u201eDie Rh\u00f6n rockt weiter und Meine Tr\u00e4ume \u2013 meine Welt\u201c eine wichtige Arbeit leiste. In diesem Zusammenhang lobte Pfarrer Dr. Dagobert Vonderau auch den ehemaligen Geisaer Gesch\u00e4ftsf\u00fchrers Klaus Tiller, dessen gute Arbeit in der Vergangenheit sich positiv auf die Einstellung des Wartburgkreises ausgewirkt habe.<\/p>\n<p>Der Liebe Gottes ein Gesicht geben und die Botschaft Gottes umsetzen, bestimme das Handeln des Regionalverbandes in seinen vielf\u00e4ltigen Beratungs- und Hilfeangeboten. Daf\u00fcr dankte Pfarrer Dr. Dagobert Vonderau den Mitarbeiterinnen und Mitarbeitern des Verbandes sowie der Gesch\u00e4ftsf\u00fchrung. Sein Dank galt auch den ehrenamtlichen Helferinnen und Helfern, ohne die die Arbeit in der \u00f6kumenischen Bahnhofsmission, der Tagesst\u00e4tte Caf\u00e9 Jakobsbrunnen oder in der Hausaufgabenbetreuung sowie der Weihnachtsfeier f\u00fcr Obdachlose nicht leistbar w\u00e4re. Au\u00dferdem dankte der Vorstandsvorsitzende allen Geldgebern in Stadt und Landkreis Fulda, dem Wartburgkreis, dem Landeswohlfahrtsverband und dem Land Hessen, dem Bistum Fulda, den Pfarreien f\u00fcr ihren Solidarbeitrag und den zahlreichen gro\u00dfen und kleinen Spendern f\u00fcr die finanzielle Unterst\u00fctzung. Den Jahresabschluss 2011, der im Auftrag des Di\u00f6zesancaritasverbandes von Muth und Partner gepr\u00fcft worden war, stellte im Auftrag des Vorstandes Gesch\u00e4ftsf\u00fchrer Christian Reuter vor, der betonte dass der Verband stehe auf wirtschaftlich tragf\u00e4higen F\u00fc\u00dfen stehe. Die Mitgliederversammlung entlastet den Vorstand vorbehaltlich der Pr\u00fcfung durch das Bisch\u00f6fliche Generalvikariat einstimmig. Anschlie\u00dfend hatten die Mitglieder die M\u00f6glichkeit das von Grund auf sanierte Athanasius \u2013 Kircher \u2013 Haus zu besichtigen.<\/p>\n","protected":false},"excerpt":{"rendered":"<div class=\"tmnf_excerpt\"><p>Geisa. W\u00e4hrend der Mitgliederversammlung des Caritasverbands f\u00fcr die Regionen Fulda und Geisa e.V. im Athanasius \u2013 Kircher \u2013 Haus in Geisa, wurde die Vorstandsmitglieder\u00c2\u00a0 Diakon Stefan Bildh\u00e4user, Pilgerzell, Thomas Engel, Hainzell, Pfarrer Uwe Hahner, Geisa, Brigitte Hohmann, Geisa, Reinhold Schreiner, Fulda und Ursula Veltum, Rasdorf in ihrem Amt in geheimer Wahl best\u00e4tigt. Neu hinzugew\u00e4hlt wurde &hellip;<\/p>\n<\/div>","protected":false},"author":1,"featured_media":0,"comment_status":"closed","ping_status":"closed","sticky":false,"template":"","format":"standard","meta":{"footnotes":""},"categories":[1,50],"tags":[],"class_list":["post-105282","post","type-post","status-publish","format-standard","hentry","category-startseite","category-kirche"],"_links":{"self":[{"href":"https:\/\/www.fuldaernachrichten.de\/index.php?rest_route=\/wp\/v2\/posts\/105282","targetHints":{"allow":["GET"]}}],"collection":[{"href":"https:\/\/www.fuldaernachrichten.de\/index.php?rest_route=\/wp\/v2\/posts"}],"about":[{"href":"https:\/\/www.fuldaernachrichten.de\/index.php?rest_route=\/wp\/v2\/types\/post"}],"author":[{"embeddable":true,"href":"https:\/\/www.fuldaernachrichten.de\/index.php?rest_route=\/wp\/v2\/users\/1"}],"replies":[{"embeddable":true,"href":"https:\/\/www.fuldaernachrichten.de\/index.php?rest_route=%2Fwp%2Fv2%2Fcomments&post=105282"}],"version-history":[{"count":0,"href":"https:\/\/www.fuldaernachrichten.de\/index.php?rest_route=\/wp\/v2\/posts\/105282\/revisions"}],"wp:attachment":[{"href":"https:\/\/www.fuldaernachrichten.de\/index.php?rest_route=%2Fwp%2Fv2%2Fmedia&parent=105282"}],"wp:term":[{"taxonomy":"category","embeddable":true,"href":"https:\/\/www.fuldaernachrichten.de\/index.php?rest_route=%2Fwp%2Fv2%2Fcategories&post=105282"},{"taxonomy":"post_tag","embeddable":true,"href":"https:\/\/www.fuldaernachrichten.de\/index.php?rest_route=%2Fwp%2Fv2%2Ftags&post=105282"}],"curies":[{"name":"wp","href":"https:\/\/api.w.org\/{rel}","templated":true}]}}