{"id":105229,"date":"2012-12-23T00:11:05","date_gmt":"2012-12-23T00:11:05","guid":{"rendered":"http:\/\/www.fuldaer-nachrichten.de\/?p=105229"},"modified":"2012-12-23T10:11:59","modified_gmt":"2012-12-23T10:11:59","slug":"diozesanseelsorger-werner-gutheil-ruft-auf-die-verstorbenen-nicht-zu-vergessen","status":"publish","type":"post","link":"https:\/\/www.fuldaernachrichten.de\/?p=105229","title":{"rendered":"Di\u00f6zesanseelsorger Werner Gutheil ruft auf, die Verstorbenen nicht zu vergessen"},"content":{"rendered":"<p>Fulda. Vielerorts sind die \u00d6ffnungszeiten der sonst geschlossenen Friedh\u00f6fe verl\u00e4ngert, wie in Hanau und Fulda. Beispielhaft geht die Stadt Bruchk\u00f6bel damit um. Sie hat ihre Friedh\u00f6fe sogar bis 24 Uhr ge\u00f6ffnet. Das hat nach Auskunft eines Friedhofmitarbeiters zur Folge, dass nach den Weihnachtsgottesdiensten an Heilig Abend bis zu 400 Personen sich um Mitternacht auf dem Friedhof befinden. Sie haben Kerzen und das weihnachtliche Licht aus den Kirchen dabei und z\u00fcnden Lichter auf den Gr\u00e4bern an. Dies ist eine gute Gelegenheit die Verbundenheit mit den Toten zu pflegen.<!--more--><br \/>\n\u201eIn meiner Heimat Rommerz ist dies ganzj\u00e4hrig m\u00f6glich und ich treffe dort\u00c2\u00a0 zu sp\u00e4ten Zeiten, wenn ich noch das Grab meines Vaters und Bruders besuche, Menschen, die ich teilweise lange kenne. Uns verbindet ein gemeinsamer Ort, wo unsere Verstorbenen sind.\u201c Hierbei kommt es zu kurzen Gespr\u00e4che, die f\u00fcr die Hinterbliebenen tr\u00f6stlich sein k\u00f6nnen. Wer kein Grab hat, kann ein Licht auf die \u00e4u\u00dfere Fensterbank stellen, damit so ein Zeichen der Verbundenheit mit den Toten gegeben wird.<\/p>\n<p>In einer Informationsmail sind au\u00dferdem die Pfarreien des Bistums Fulda aufgerufen in den Weihnachtsgottesdiensten der verstorbenen Kinder und ihrer Eltern zu gedenken. \u201eEs ist ein Zeichen der Zuneigung und Liebe, am Fest der Familie und des himmlischen Kindes.\u201c In F\u00fcrbitten soll auch an diese Familien\u00c2\u00a0 gedacht werden, die ein Kind verloren haben. Weihnachten ist f\u00fcr sie besonders schwer. \u201eBitte verletzten oder gut gemeinte Aussagen vermeiden: ihr seid doch noch Jung, oder jetzt m\u00fcsst ihr stark sein\u00e2\u20ac\u00a6\u201c, sagt Gutheil als Appell an die Umgebung solcher Trauernder.<\/p>\n<p>In den Gottesdiensten des Trauerzentrums wird der verstorbenen Kinder und namentlich der Verstorbenen gedacht. Wer in diesem Sinne den Gottesdienst am Heiligen Abend um 16.00 Uhr und am 2. Feiertag um 9.30 Uhr\u00c2\u00a0 in der Rh\u00f6nstra\u00dfe gefeiert haben m\u00f6chte, kann den Namen seines Verstorbenen per Mail direkt an Werner.Gutheil@trauern-warum-allein.de oder per Fax: 06181- 42 898 55 senden.<\/p>\n","protected":false},"excerpt":{"rendered":"<div class=\"tmnf_excerpt\"><p>Fulda. Vielerorts sind die \u00d6ffnungszeiten der sonst geschlossenen Friedh\u00f6fe verl\u00e4ngert, wie in Hanau und Fulda. Beispielhaft geht die Stadt Bruchk\u00f6bel damit um. Sie hat ihre Friedh\u00f6fe sogar bis 24 Uhr ge\u00f6ffnet. Das hat nach Auskunft eines Friedhofmitarbeiters zur Folge, dass nach den Weihnachtsgottesdiensten an Heilig Abend bis zu 400 Personen sich um Mitternacht auf dem &hellip;<\/p>\n<\/div>","protected":false},"author":1,"featured_media":0,"comment_status":"closed","ping_status":"closed","sticky":false,"template":"","format":"standard","meta":{"footnotes":""},"categories":[1],"tags":[],"class_list":["post-105229","post","type-post","status-publish","format-standard","hentry","category-startseite"],"_links":{"self":[{"href":"https:\/\/www.fuldaernachrichten.de\/index.php?rest_route=\/wp\/v2\/posts\/105229","targetHints":{"allow":["GET"]}}],"collection":[{"href":"https:\/\/www.fuldaernachrichten.de\/index.php?rest_route=\/wp\/v2\/posts"}],"about":[{"href":"https:\/\/www.fuldaernachrichten.de\/index.php?rest_route=\/wp\/v2\/types\/post"}],"author":[{"embeddable":true,"href":"https:\/\/www.fuldaernachrichten.de\/index.php?rest_route=\/wp\/v2\/users\/1"}],"replies":[{"embeddable":true,"href":"https:\/\/www.fuldaernachrichten.de\/index.php?rest_route=%2Fwp%2Fv2%2Fcomments&post=105229"}],"version-history":[{"count":1,"href":"https:\/\/www.fuldaernachrichten.de\/index.php?rest_route=\/wp\/v2\/posts\/105229\/revisions"}],"predecessor-version":[{"id":105230,"href":"https:\/\/www.fuldaernachrichten.de\/index.php?rest_route=\/wp\/v2\/posts\/105229\/revisions\/105230"}],"wp:attachment":[{"href":"https:\/\/www.fuldaernachrichten.de\/index.php?rest_route=%2Fwp%2Fv2%2Fmedia&parent=105229"}],"wp:term":[{"taxonomy":"category","embeddable":true,"href":"https:\/\/www.fuldaernachrichten.de\/index.php?rest_route=%2Fwp%2Fv2%2Fcategories&post=105229"},{"taxonomy":"post_tag","embeddable":true,"href":"https:\/\/www.fuldaernachrichten.de\/index.php?rest_route=%2Fwp%2Fv2%2Ftags&post=105229"}],"curies":[{"name":"wp","href":"https:\/\/api.w.org\/{rel}","templated":true}]}}