{"id":105208,"date":"2012-12-23T00:09:25","date_gmt":"2012-12-23T00:09:25","guid":{"rendered":"http:\/\/www.fuldaer-nachrichten.de\/?p=105208"},"modified":"2012-12-23T10:04:22","modified_gmt":"2012-12-23T10:04:22","slug":"50-weihnachtskonzert-der-bahn-im-antoniusheim-sorgte-fur-vorweihnachtliche-stimmung","status":"publish","type":"post","link":"https:\/\/www.fuldaernachrichten.de\/?p=105208","title":{"rendered":"50. Weihnachtskonzert der Bahn im Antoniusheim sorgte f\u00fcr vorweihnachtliche Stimmung"},"content":{"rendered":"<p><img fetchpriority=\"high\" decoding=\"async\" class=\"alignnone size-full wp-image-105216\" title=\"IMG_7565\" src=\"http:\/\/www.fuldaer-nachrichten.de\/wp-content\/uploads\/2012\/12\/IMG_7565.jpg\" alt=\"\" width=\"560\" height=\"360\" \/><\/p>\n<p>Fulda. Voller Vorfreude waren die Bewohner und Besucher des diesj\u00e4hrigen Weihnachtskonzerts des Werkchors des Ausbesserungswerkes Fulda und des Eisenbahnorchesters Fulda. Denn ein gro\u00dfes Jubil\u00e4um stand an: Bereits zum 50. Mal fand am Dienstag das traditionelle Konzert statt. Die Turnhalle war bis auf den letzten Platz gef\u00fcllt und die Besucher lauschten dem Programm der Bahner.<\/p>\n<p>Die Musiker, unter Leitung von August Leitsch, spielten s\u00e4mtliche Melodien, die in der Vorweihnachtszeit nicht fehlen d\u00fcrfen. Mit \u00c2\u00abVom Himmel hoch\u00c2\u00bb und \u00c2\u00abLeise rieselt der Schnee\u00c2\u00bb stimmte das Orchester die Besucher ein. Im Anschluss erfreute der Chor mit ihrer Dirigentin, Petra Hegmann, mit Liedern wie \u00c2\u00abLasst uns lauschen heilige Engel\u00c2\u00bb und \u00c2\u00abWir freuen uns \u2013 es ist Advent\u00c2\u00bb die Besucher.<\/p>\n<p>Das tolle Musikprogramm wurde durch Soloeinlagen der S\u00e4ngerin Marita Hahn, viele Danksagungen und Ehrungen anl\u00e4sslich des Jubil\u00e4ums erweitert. Der Ortsstellenleiter des Bahn Sozialwerks, Stefan M\u00f6ller, ehrte Werner Kr\u00fcger, Robert Gippel und Paul Leitsch f\u00fcr ihr au\u00dfergew\u00f6hnliches Engagement \u2013 sie haben an (fast) allen 50 Konzerten im Antoniusheim bisher teilgenommen. Au\u00dferdem gedachte M\u00f6ller dem Ideengeber des Konzerts, Helmut Diel, der im Februar leider verstarb.<\/p>\n<p>Rainer Sippel, Gesch\u00e4ftsf\u00fchrer des Antoniusheims, dankte allen Beteiligten. \u201eWir freuen uns, dass sie uns mit weihnachtlichen Kl\u00e4ngen auf die Festtage einstimmen Jetzt kann Weihnachten kommen\u201c.<\/p>\n<p>Zum Abschluss spielte das Ensemble \u00c2\u00abStille Nacht\u00c2\u00bb und den \u00c2\u00abFestmarsch Tochter Zion\u00c2\u00bb bei dem Chor und Zuh\u00f6rer gemeinsam einstimmten. Am Ende bedankte sich Rosemarie M\u00fcller vom Antoniusheim gemeinsam mit einigen Bewohnern, bei den \u201eEisenbahnern\u201c f\u00fcr ihr langj\u00e4hriges Engagement. \u201eWir freuen uns, in diesem Jahr dieses tolle Jubil\u00e4um mit Ihnen zu feiern. Es gibt einige Bewohner, die noch keinen Ihrer Auftritte verpasst haben. F\u00fcr sie und viele andere beginnt Weihnachten, wenn sie hier gespielt haben.\u201c Mit den besten W\u00fcnschen f\u00fcr das bevorstehende Weihnachtsfest, das neue Jahr und in Vorfreude auf das n\u00e4chste Konzert, endete das Konzert und die Besucher gingen mit vorweihnachtlicher Stimmung nach Hause.<\/p>\n\n\t\t<style>\n\t\t\t#gallery-1 {\n\t\t\t\tmargin: auto;\n\t\t\t}\n\t\t\t#gallery-1 .gallery-item {\n\t\t\t\tfloat: left;\n\t\t\t\tmargin-top: 10px;\n\t\t\t\ttext-align: center;\n\t\t\t\twidth: 50%;\n\t\t\t}\n\t\t\t#gallery-1 img {\n\t\t\t\tborder: 2px solid #cfcfcf;\n\t\t\t}\n\t\t\t#gallery-1 .gallery-caption {\n\t\t\t\tmargin-left: 0;\n\t\t\t}\n\t\t\t\/* see gallery_shortcode() in wp-includes\/media.php *\/\n\t\t<\/style>\n\t\t<div id='gallery-1' class='gallery galleryid-105208 gallery-columns-2 gallery-size-thumbnail'><dl class='gallery-item'>\n\t\t\t<dt class='gallery-icon landscape'>\n\t\t\t\t<a href='https:\/\/www.fuldaernachrichten.de\/wp-content\/uploads\/2012\/12\/IMG_7499.jpg'><img decoding=\"async\" width=\"150\" height=\"100\" src=\"https:\/\/www.fuldaernachrichten.de\/wp-content\/uploads\/2012\/12\/IMG_7499-265x176.jpg\" class=\"attachment-thumbnail size-thumbnail\" alt=\"\" srcset=\"https:\/\/www.fuldaernachrichten.de\/wp-content\/uploads\/2012\/12\/IMG_7499-265x176.jpg 265w, https:\/\/www.fuldaernachrichten.de\/wp-content\/uploads\/2012\/12\/IMG_7499.jpg 600w\" sizes=\"(max-width: 150px) 100vw, 150px\" \/><\/a>\n\t\t\t<\/dt><\/dl><dl class='gallery-item'>\n\t\t\t<dt class='gallery-icon landscape'>\n\t\t\t\t<a href='https:\/\/www.fuldaernachrichten.de\/wp-content\/uploads\/2012\/12\/IMG_7506.jpg'><img decoding=\"async\" width=\"150\" height=\"100\" src=\"https:\/\/www.fuldaernachrichten.de\/wp-content\/uploads\/2012\/12\/IMG_7506-265x176.jpg\" class=\"attachment-thumbnail size-thumbnail\" alt=\"\" srcset=\"https:\/\/www.fuldaernachrichten.de\/wp-content\/uploads\/2012\/12\/IMG_7506-265x176.jpg 265w, https:\/\/www.fuldaernachrichten.de\/wp-content\/uploads\/2012\/12\/IMG_7506.jpg 600w\" sizes=\"(max-width: 150px) 100vw, 150px\" \/><\/a>\n\t\t\t<\/dt><\/dl><br style=\"clear: both\" \/><dl class='gallery-item'>\n\t\t\t<dt class='gallery-icon landscape'>\n\t\t\t\t<a href='https:\/\/www.fuldaernachrichten.de\/wp-content\/uploads\/2012\/12\/IMG_7510.jpg'><img loading=\"lazy\" decoding=\"async\" width=\"150\" height=\"100\" src=\"https:\/\/www.fuldaernachrichten.de\/wp-content\/uploads\/2012\/12\/IMG_7510-265x176.jpg\" class=\"attachment-thumbnail size-thumbnail\" alt=\"\" srcset=\"https:\/\/www.fuldaernachrichten.de\/wp-content\/uploads\/2012\/12\/IMG_7510-265x176.jpg 265w, https:\/\/www.fuldaernachrichten.de\/wp-content\/uploads\/2012\/12\/IMG_7510.jpg 600w\" sizes=\"(max-width: 150px) 100vw, 150px\" \/><\/a>\n\t\t\t<\/dt><\/dl><dl class='gallery-item'>\n\t\t\t<dt class='gallery-icon landscape'>\n\t\t\t\t<a href='https:\/\/www.fuldaernachrichten.de\/wp-content\/uploads\/2012\/12\/IMG_7512.jpg'><img loading=\"lazy\" decoding=\"async\" width=\"150\" height=\"100\" src=\"https:\/\/www.fuldaernachrichten.de\/wp-content\/uploads\/2012\/12\/IMG_7512-265x176.jpg\" class=\"attachment-thumbnail size-thumbnail\" alt=\"\" srcset=\"https:\/\/www.fuldaernachrichten.de\/wp-content\/uploads\/2012\/12\/IMG_7512-265x176.jpg 265w, https:\/\/www.fuldaernachrichten.de\/wp-content\/uploads\/2012\/12\/IMG_7512.jpg 600w\" sizes=\"(max-width: 150px) 100vw, 150px\" \/><\/a>\n\t\t\t<\/dt><\/dl><br style=\"clear: both\" \/><dl class='gallery-item'>\n\t\t\t<dt class='gallery-icon landscape'>\n\t\t\t\t<a href='https:\/\/www.fuldaernachrichten.de\/wp-content\/uploads\/2012\/12\/IMG_7554.jpg'><img loading=\"lazy\" decoding=\"async\" width=\"150\" height=\"100\" src=\"https:\/\/www.fuldaernachrichten.de\/wp-content\/uploads\/2012\/12\/IMG_7554-265x176.jpg\" class=\"attachment-thumbnail size-thumbnail\" alt=\"\" srcset=\"https:\/\/www.fuldaernachrichten.de\/wp-content\/uploads\/2012\/12\/IMG_7554-265x176.jpg 265w, https:\/\/www.fuldaernachrichten.de\/wp-content\/uploads\/2012\/12\/IMG_7554.jpg 600w\" sizes=\"(max-width: 150px) 100vw, 150px\" \/><\/a>\n\t\t\t<\/dt><\/dl><dl class='gallery-item'>\n\t\t\t<dt class='gallery-icon landscape'>\n\t\t\t\t<a href='https:\/\/www.fuldaernachrichten.de\/wp-content\/uploads\/2012\/12\/IMG_7555.jpg'><img loading=\"lazy\" decoding=\"async\" width=\"150\" height=\"100\" src=\"https:\/\/www.fuldaernachrichten.de\/wp-content\/uploads\/2012\/12\/IMG_7555-265x176.jpg\" class=\"attachment-thumbnail size-thumbnail\" alt=\"\" srcset=\"https:\/\/www.fuldaernachrichten.de\/wp-content\/uploads\/2012\/12\/IMG_7555-265x176.jpg 265w, https:\/\/www.fuldaernachrichten.de\/wp-content\/uploads\/2012\/12\/IMG_7555.jpg 600w\" sizes=\"(max-width: 150px) 100vw, 150px\" \/><\/a>\n\t\t\t<\/dt><\/dl><br style=\"clear: both\" \/><dl class='gallery-item'>\n\t\t\t<dt class='gallery-icon landscape'>\n\t\t\t\t<a href='https:\/\/www.fuldaernachrichten.de\/wp-content\/uploads\/2012\/12\/IMG_7559.jpg'><img loading=\"lazy\" decoding=\"async\" width=\"150\" height=\"100\" src=\"https:\/\/www.fuldaernachrichten.de\/wp-content\/uploads\/2012\/12\/IMG_7559-265x176.jpg\" class=\"attachment-thumbnail size-thumbnail\" alt=\"\" srcset=\"https:\/\/www.fuldaernachrichten.de\/wp-content\/uploads\/2012\/12\/IMG_7559-265x176.jpg 265w, https:\/\/www.fuldaernachrichten.de\/wp-content\/uploads\/2012\/12\/IMG_7559.jpg 600w\" sizes=\"(max-width: 150px) 100vw, 150px\" \/><\/a>\n\t\t\t<\/dt><\/dl><dl class='gallery-item'>\n\t\t\t<dt class='gallery-icon landscape'>\n\t\t\t\t<a href='https:\/\/www.fuldaernachrichten.de\/wp-content\/uploads\/2012\/12\/IMG_7565.jpg'><img loading=\"lazy\" decoding=\"async\" width=\"150\" height=\"100\" src=\"https:\/\/www.fuldaernachrichten.de\/wp-content\/uploads\/2012\/12\/IMG_7565-265x176.jpg\" class=\"attachment-thumbnail size-thumbnail\" alt=\"\" srcset=\"https:\/\/www.fuldaernachrichten.de\/wp-content\/uploads\/2012\/12\/IMG_7565-265x176.jpg 265w, https:\/\/www.fuldaernachrichten.de\/wp-content\/uploads\/2012\/12\/IMG_7565.jpg 600w\" sizes=\"(max-width: 150px) 100vw, 150px\" \/><\/a>\n\t\t\t<\/dt><\/dl><br style=\"clear: both\" \/><dl class='gallery-item'>\n\t\t\t<dt class='gallery-icon landscape'>\n\t\t\t\t<a href='https:\/\/www.fuldaernachrichten.de\/wp-content\/uploads\/2012\/12\/IMG_7576.jpg'><img loading=\"lazy\" decoding=\"async\" width=\"150\" height=\"100\" src=\"https:\/\/www.fuldaernachrichten.de\/wp-content\/uploads\/2012\/12\/IMG_7576-265x176.jpg\" class=\"attachment-thumbnail size-thumbnail\" alt=\"\" srcset=\"https:\/\/www.fuldaernachrichten.de\/wp-content\/uploads\/2012\/12\/IMG_7576-265x176.jpg 265w, https:\/\/www.fuldaernachrichten.de\/wp-content\/uploads\/2012\/12\/IMG_7576.jpg 600w\" sizes=\"(max-width: 150px) 100vw, 150px\" \/><\/a>\n\t\t\t<\/dt><\/dl><dl class='gallery-item'>\n\t\t\t<dt class='gallery-icon landscape'>\n\t\t\t\t<a href='https:\/\/www.fuldaernachrichten.de\/wp-content\/uploads\/2012\/12\/IMG_7595.jpg'><img loading=\"lazy\" decoding=\"async\" width=\"150\" height=\"100\" src=\"https:\/\/www.fuldaernachrichten.de\/wp-content\/uploads\/2012\/12\/IMG_7595-265x176.jpg\" class=\"attachment-thumbnail size-thumbnail\" alt=\"\" srcset=\"https:\/\/www.fuldaernachrichten.de\/wp-content\/uploads\/2012\/12\/IMG_7595-265x176.jpg 265w, https:\/\/www.fuldaernachrichten.de\/wp-content\/uploads\/2012\/12\/IMG_7595.jpg 600w\" sizes=\"(max-width: 150px) 100vw, 150px\" \/><\/a>\n\t\t\t<\/dt><\/dl><br style=\"clear: both\" \/><dl class='gallery-item'>\n\t\t\t<dt class='gallery-icon landscape'>\n\t\t\t\t<a href='https:\/\/www.fuldaernachrichten.de\/wp-content\/uploads\/2012\/12\/IMG_7602.jpg'><img loading=\"lazy\" decoding=\"async\" width=\"150\" height=\"100\" src=\"https:\/\/www.fuldaernachrichten.de\/wp-content\/uploads\/2012\/12\/IMG_7602-265x176.jpg\" class=\"attachment-thumbnail size-thumbnail\" alt=\"\" srcset=\"https:\/\/www.fuldaernachrichten.de\/wp-content\/uploads\/2012\/12\/IMG_7602-265x176.jpg 265w, https:\/\/www.fuldaernachrichten.de\/wp-content\/uploads\/2012\/12\/IMG_7602.jpg 600w\" sizes=\"(max-width: 150px) 100vw, 150px\" \/><\/a>\n\t\t\t<\/dt><\/dl><dl class='gallery-item'>\n\t\t\t<dt class='gallery-icon landscape'>\n\t\t\t\t<a href='https:\/\/www.fuldaernachrichten.de\/wp-content\/uploads\/2012\/12\/IMG_7647.jpg'><img loading=\"lazy\" decoding=\"async\" width=\"150\" height=\"100\" src=\"https:\/\/www.fuldaernachrichten.de\/wp-content\/uploads\/2012\/12\/IMG_7647-265x176.jpg\" class=\"attachment-thumbnail size-thumbnail\" alt=\"\" srcset=\"https:\/\/www.fuldaernachrichten.de\/wp-content\/uploads\/2012\/12\/IMG_7647-265x176.jpg 265w, https:\/\/www.fuldaernachrichten.de\/wp-content\/uploads\/2012\/12\/IMG_7647.jpg 600w\" sizes=\"(max-width: 150px) 100vw, 150px\" \/><\/a>\n\t\t\t<\/dt><\/dl><br style=\"clear: both\" \/><dl class='gallery-item'>\n\t\t\t<dt class='gallery-icon landscape'>\n\t\t\t\t<a href='https:\/\/www.fuldaernachrichten.de\/wp-content\/uploads\/2012\/12\/IMG_7650.jpg'><img loading=\"lazy\" decoding=\"async\" width=\"150\" height=\"100\" src=\"https:\/\/www.fuldaernachrichten.de\/wp-content\/uploads\/2012\/12\/IMG_7650-265x176.jpg\" class=\"attachment-thumbnail size-thumbnail\" alt=\"\" srcset=\"https:\/\/www.fuldaernachrichten.de\/wp-content\/uploads\/2012\/12\/IMG_7650-265x176.jpg 265w, https:\/\/www.fuldaernachrichten.de\/wp-content\/uploads\/2012\/12\/IMG_7650.jpg 600w\" sizes=\"(max-width: 150px) 100vw, 150px\" \/><\/a>\n\t\t\t<\/dt><\/dl>\n\t\t\t<br style='clear: both' \/>\n\t\t<\/div>\n\n<p>&nbsp;<\/p>\n","protected":false},"excerpt":{"rendered":"<div class=\"tmnf_excerpt\"><p>Fulda. Voller Vorfreude waren die Bewohner und Besucher des diesj\u00e4hrigen Weihnachtskonzerts des Werkchors des Ausbesserungswerkes Fulda und des Eisenbahnorchesters Fulda. Denn ein gro\u00dfes Jubil\u00e4um stand an: Bereits zum 50. Mal fand am Dienstag das traditionelle Konzert statt. Die Turnhalle war bis auf den letzten Platz gef\u00fcllt und die Besucher lauschten dem Programm der Bahner. Die &hellip;<\/p>\n<\/div>","protected":false},"author":1,"featured_media":0,"comment_status":"closed","ping_status":"closed","sticky":false,"template":"","format":"standard","meta":{"footnotes":""},"categories":[1,44,78],"tags":[],"class_list":["post-105208","post","type-post","status-publish","format-standard","hentry","category-startseite","category-kultur","category-topthema"],"_links":{"self":[{"href":"https:\/\/www.fuldaernachrichten.de\/index.php?rest_route=\/wp\/v2\/posts\/105208","targetHints":{"allow":["GET"]}}],"collection":[{"href":"https:\/\/www.fuldaernachrichten.de\/index.php?rest_route=\/wp\/v2\/posts"}],"about":[{"href":"https:\/\/www.fuldaernachrichten.de\/index.php?rest_route=\/wp\/v2\/types\/post"}],"author":[{"embeddable":true,"href":"https:\/\/www.fuldaernachrichten.de\/index.php?rest_route=\/wp\/v2\/users\/1"}],"replies":[{"embeddable":true,"href":"https:\/\/www.fuldaernachrichten.de\/index.php?rest_route=%2Fwp%2Fv2%2Fcomments&post=105208"}],"version-history":[{"count":0,"href":"https:\/\/www.fuldaernachrichten.de\/index.php?rest_route=\/wp\/v2\/posts\/105208\/revisions"}],"wp:attachment":[{"href":"https:\/\/www.fuldaernachrichten.de\/index.php?rest_route=%2Fwp%2Fv2%2Fmedia&parent=105208"}],"wp:term":[{"taxonomy":"category","embeddable":true,"href":"https:\/\/www.fuldaernachrichten.de\/index.php?rest_route=%2Fwp%2Fv2%2Fcategories&post=105208"},{"taxonomy":"post_tag","embeddable":true,"href":"https:\/\/www.fuldaernachrichten.de\/index.php?rest_route=%2Fwp%2Fv2%2Ftags&post=105208"}],"curies":[{"name":"wp","href":"https:\/\/api.w.org\/{rel}","templated":true}]}}